{"id":7098,"date":"2022-04-07T20:37:33","date_gmt":"2022-04-07T20:37:33","guid":{"rendered":"http:\/\/www.radiolimari.cl\/?p=7098"},"modified":"2022-04-07T20:37:33","modified_gmt":"2022-04-07T20:37:33","slug":"en-la-serena-aportan-al-proceso-participativo-y-ciudadano-para-construir-la-nueva-agenda-de-energia-2022-2026","status":"publish","type":"post","link":"https:\/\/www.radiolimari.cl\/?p=7098","title":{"rendered":"En La Serena aportan al proceso participativo y ciudadano   para construir la nueva Agenda de Energ\u00eda 2022-2026"},"content":{"rendered":"<p><a href=\"https:\/\/www.radiolimari.cl\/wp-content\/uploads\/2022\/04\/7.4-energia.jpg\"><img fetchpriority=\"high\" decoding=\"async\" class=\"alignnone size-medium wp-image-7099\" src=\"https:\/\/www.radiolimari.cl\/wp-content\/uploads\/2022\/04\/7.4-energia-300x224.jpg\" alt=\"7.4 energia\" width=\"300\" height=\"224\" srcset=\"https:\/\/www.radiolimari.cl\/wp-content\/uploads\/2022\/04\/7.4-energia-300x224.jpg 300w, https:\/\/www.radiolimari.cl\/wp-content\/uploads\/2022\/04\/7.4-energia-1024x768.jpg 1024w\" sizes=\"(max-width: 300px) 100vw, 300px\" \/><\/a><\/p>\n<p><span class=\"m_-300991623937356675normaltextrun\" style=\"color: #222222;\"><b><i>Seremi de Energ\u00eda, Mar\u00eda Castillo, encabez\u00f3 actividad destacando que la descentralizaci\u00f3n es fundamental, integrando la participaci\u00f3n de las comunidades de los sectores rurales.<\/i><\/b><\/span><span class=\"m_-300991623937356675eop\" style=\"color: #222222;\">\u00a0<\/span><!--more--><\/p>\n<p class=\"m_-300991623937356675paragraph\"><span class=\"m_-300991623937356675normaltextrun\">Con convocatoria ciudadana de dirigentes y organizaciones sociales de diferentes comunas de la Regi\u00f3n de Coquimbo, adem\u00e1s de representantes de la academia, empresas renovables, del sector electricidad, autoridades, entre otros, la seremi de Energ\u00eda, Mar\u00eda Castillo Rojas, encabez\u00f3 en el sector Antena de La Serena el taller participativo de construcci\u00f3n de la Agenda de Energ\u00eda, que ser\u00e1 la hoja de ruta del Ministerio del ramo para estos cuatro a\u00f1os de Gobierno.<\/span><span class=\"m_-300991623937356675eop\">\u00a0<\/span><span class=\"m_-300991623937356675normaltextrun\"><b>\u00a0<\/b><\/span><span class=\"m_-300991623937356675eop\">\u00a0<\/span><\/p>\n<p class=\"m_-300991623937356675paragraph\">\n<p class=\"m_-300991623937356675paragraph\"><span class=\"m_-300991623937356675normaltextrun\">El esp\u00edritu de las nuevas autoridades, por mandato del presidente Gabriel Boric, es abordar esta tarea con la mayor participaci\u00f3n y di\u00e1logo ciudadano posible, con la convicci\u00f3n de que son pilares fundamentales para lograr un desarrollo sostenible, con \u00e9nfasis a una transici\u00f3n energ\u00e9tica de manera justa; terminar con la vulnerabilidad y pobreza energ\u00e9tica, una mayor inclusi\u00f3n y participaci\u00f3n de mujeres en la industria energ\u00e9tica y el impulso a la descentralizaci\u00f3n.<\/span><span class=\"m_-300991623937356675eop\">\u00a0<\/span><span class=\"m_-300991623937356675normaltextrun\"><b>\u00a0<\/b><\/span><span class=\"m_-300991623937356675eop\">\u00a0<\/span><\/p>\n<p class=\"m_-300991623937356675paragraph\">\n<p class=\"m_-300991623937356675paragraph\"><span class=\"m_-300991623937356675normaltextrun\">En la ocasi\u00f3n, la seremi Castillo, quien dio a conocer los ejes estrat\u00e9gicos del Ministerio de Energ\u00eda, destac\u00f3 que<i>\u00a0<\/i>\u201cesta actividad es muy importante para la construcci\u00f3n de la Agenda de Energ\u00eda 2022-2026, donde estar\u00e1n plasmadas todas las acciones y necesidades de la ciudadan\u00eda, por lo tanto, ser\u00e1 una carta de navegaci\u00f3n de nuestro trabajo durante estos 4 a\u00f1os para mejorar la calidad de vida de todas las chilenas y chilenos. Es una buena oportunidad de participaci\u00f3n ciudadana, donde se pueden saber las necesidades de la comunidad para elaborar mejores pol\u00edticas p\u00fablicas, por lo tanto, se pueden debatir ideas y conocer diferentes puntos de vista de la ciudadan\u00eda\u201d.<\/span><\/p>\n<p class=\"m_-300991623937356675paragraph\">\n<p class=\"m_-300991623937356675paragraph\"><span class=\"m_-300991623937356675normaltextrun\">Isabel Margarita Coll, de la coordinadora Valle en Movimiento de Monte Patria, consider\u00f3 necesaria esta instancia, \u201cpara mejorar el tema energ\u00e9tico, con la utilizaci\u00f3n mayoritaria de las energ\u00edas renovables. Particularmente en la provincia donde vivo, y en las comunas rurales, podr\u00edamos tener energ\u00eda solar constante, y esta convocatoria de la SEREMI de Energ\u00eda me parece fundamental porque hay que escuchar a las comunidades. Faltan muchos apoyos a las comunidades peque\u00f1as y el proyecto de estos cuatro a\u00f1os me parece muy positivo\u201d.<\/span><span class=\"m_-300991623937356675eop\">\u00a0<\/span><\/p>\n<p class=\"m_-300991623937356675paragraph\"><span class=\"m_-300991623937356675eop\">Juan Carlos Conejeros, due\u00f1o de una empresa dedicada al dise\u00f1o y la implementaci\u00f3n de energ\u00edas renovables, valor\u00f3 esta instancia, ya que el objetivo \u201ces aportar con nuestra experiencia y visi\u00f3n a la pol\u00edtica 2050 y a estas sub-agendas que vienen a contribuir a esos lineamientos, con un esp\u00edritu de democratizar la agenda, abordando la generaci\u00f3n distribuida, la infraestructura y el medio ambiente\u201d.<\/span><\/p>\n<p class=\"m_-300991623937356675paragraph\">\n<p class=\"m_-300991623937356675paragraph\"><span class=\"m_-300991623937356675normaltextrun\">Por su parte, el subsecretario de Energ\u00eda, Julio Maturana, se\u00f1al\u00f3 que los principales ejes de acci\u00f3n del Ministerio son \u201cla Transici\u00f3n Energ\u00e9tica Justa &#8211; para acelerar la descarbonizaci\u00f3n, y dar acceso a la energ\u00eda a todas las personas del pa\u00eds\u2026, una mayor incorporaci\u00f3n de la mujer en la energ\u00eda en todo \u00e1mbito, la descentralizaci\u00f3n con foco en los territorios donde est\u00e1n emplazados los proyectos energ\u00e9ticos, y la vulnerabilidad y pobreza energ\u00e9tica\u201d.<\/span><span class=\"m_-300991623937356675eop\">\u00a0<\/span><\/p>\n<p class=\"m_-300991623937356675paragraph\">\n<p class=\"m_-300991623937356675paragraph\"><span class=\"m_-300991623937356675normaltextrun\">La elaboraci\u00f3n de la Agenda considera talleres presenciales en todas las regiones con el objetivo de poder escuchar a m\u00e1s personas, con distintas realidades territoriales. La construcci\u00f3n de la Agenda de Energ\u00eda contempla tambi\u00e9n mesas tem\u00e1ticas online y foros de conversaci\u00f3n en la plataforma de participaci\u00f3n digital del Ministerio\u00a0\u00a0<\/span><a style=\"color: #1155cc;\" href=\"http:\/\/www.participaconenergia.minenergia.cl\/\" target=\"_blank\" data-saferedirecturl=\"https:\/\/www.google.com\/url?q=http:\/\/www.participaconenergia.minenergia.cl\/&amp;source=gmail&amp;ust=1649447000538000&amp;usg=AOvVaw1JZSDR3Dtje8KWLjFarYzG\"><span class=\"m_-300991623937356675normaltextrun\"><span style=\"color: #0563c1;\">www.participaconenergia.<wbr \/>minenergia.cl<\/span><\/span><\/a><span class=\"m_-300991623937356675normaltextrun\">.<\/span><span class=\"m_-300991623937356675eop\">\u00a0<\/span><\/p>\n<p>&nbsp;<\/p>\n","protected":false},"excerpt":{"rendered":"<p>Seremi de Energ\u00eda, Mar\u00eda Castillo, encabez\u00f3 actividad destacando que la descentralizaci\u00f3n es fundamental, integrando la participaci\u00f3n de las comunidades de los sectores rurales.\u00a0<\/p>\n","protected":false},"author":2,"featured_media":7099,"comment_status":"open","ping_status":"open","sticky":false,"template":"","format":"standard","meta":{"footnotes":""},"categories":[6],"tags":[],"class_list":["post-7098","post","type-post","status-publish","format-standard","has-post-thumbnail","hentry","category-regionales"],"_links":{"self":[{"href":"https:\/\/www.radiolimari.cl\/index.php?rest_route=\/wp\/v2\/posts\/7098","targetHints":{"allow":["GET"]}}],"collection":[{"href":"https:\/\/www.radiolimari.cl\/index.php?rest_route=\/wp\/v2\/posts"}],"about":[{"href":"https:\/\/www.radiolimari.cl\/index.php?rest_route=\/wp\/v2\/types\/post"}],"author":[{"embeddable":true,"href":"https:\/\/www.radiolimari.cl\/index.php?rest_route=\/wp\/v2\/users\/2"}],"replies":[{"embeddable":true,"href":"https:\/\/www.radiolimari.cl\/index.php?rest_route=%2Fwp%2Fv2%2Fcomments&post=7098"}],"version-history":[{"count":1,"href":"https:\/\/www.radiolimari.cl\/index.php?rest_route=\/wp\/v2\/posts\/7098\/revisions"}],"predecessor-version":[{"id":7100,"href":"https:\/\/www.radiolimari.cl\/index.php?rest_route=\/wp\/v2\/posts\/7098\/revisions\/7100"}],"wp:featuredmedia":[{"embeddable":true,"href":"https:\/\/www.radiolimari.cl\/index.php?rest_route=\/wp\/v2\/media\/7099"}],"wp:attachment":[{"href":"https:\/\/www.radiolimari.cl\/index.php?rest_route=%2Fwp%2Fv2%2Fmedia&parent=7098"}],"wp:term":[{"taxonomy":"category","embeddable":true,"href":"https:\/\/www.radiolimari.cl\/index.php?rest_route=%2Fwp%2Fv2%2Fcategories&post=7098"},{"taxonomy":"post_tag","embeddable":true,"href":"https:\/\/www.radiolimari.cl\/index.php?rest_route=%2Fwp%2Fv2%2Ftags&post=7098"}],"curies":[{"name":"wp","href":"https:\/\/api.w.org\/{rel}","templated":true}]}}