{"id":7095,"date":"2022-04-07T19:52:56","date_gmt":"2022-04-07T19:52:56","guid":{"rendered":"http:\/\/www.radiolimari.cl\/?p=7095"},"modified":"2022-04-07T19:53:13","modified_gmt":"2022-04-07T19:53:13","slug":"en-punitaqui-este-fin-de-semana-se-vive-la-fiesta-de-la-vendimia","status":"publish","type":"post","link":"https:\/\/www.radiolimari.cl\/?p=7095","title":{"rendered":"En Punitaqui este fin de semana se vive la Fiesta de la Vendimia"},"content":{"rendered":"<p><a href=\"https:\/\/www.radiolimari.cl\/wp-content\/uploads\/2022\/04\/7.4-vendimia.png\"><img decoding=\"async\" class=\"alignnone size-medium wp-image-7096\" src=\"https:\/\/www.radiolimari.cl\/wp-content\/uploads\/2022\/04\/7.4-vendimia-300x111.png\" alt=\"7.4 vendimia\" width=\"300\" height=\"111\" srcset=\"https:\/\/www.radiolimari.cl\/wp-content\/uploads\/2022\/04\/7.4-vendimia-300x111.png 300w, https:\/\/www.radiolimari.cl\/wp-content\/uploads\/2022\/04\/7.4-vendimia.png 851w\" sizes=\"(max-width: 300px) 100vw, 300px\" \/><\/a><\/p>\n<p>Los d\u00edas 9 y 10 de abril en Punitaqui se celebrar\u00e1 con todo la Fiesta de la Vendimia 2022. Vi\u00f1as locales, gastronom\u00eda, Mercado Campesino y m\u00fasica ser\u00e1n los protagonistas de esta nueva versi\u00f3n de la fiesta de La Vendimia en la Tierra de Los Molinos<!--more--><\/p>\n<p>Como cada a\u00f1o la I. municipalidad de Punitaqui que actualmente lidera el alcalde de la comuna Carlos Araya Bugue\u00f1o, realiz\u00f3 el lanzamiento de esta celebraci\u00f3n a trav\u00e9s de una conferencia de prensa en dependencias de Vi\u00f1a Dalbosco de Punitaqui. En la cita el jefe comunal dio a conocer la parrilla program\u00e1tica y art\u00edstica de la \u00faltima Vendimia que se realizar\u00e1 este a\u00f1o en la regi\u00f3n. La actividad comienza este s\u00e1bado 09 de abril a partir del mediod\u00eda en la plaza de armas de Punitaqui, con la apertura de los stands de gastronom\u00eda, vi\u00f1as y cervecer\u00edas locales, adem\u00e1s de emprendimientos de la comuna y provincia.<\/p>\n<p>Por la tarde se ofrecer\u00e1 a los presentes una muestra folcl\u00f3rica y presentaciones art\u00edsticas. Y para cerrar la jornada se presentar\u00e1 en el escenario central el grupo Los Condenados y una de las bandas m\u00e1s reconocidas de la onda Sound el grupo nacional Amerikan Sound, para hacer bailar y recordar a todos los visitantes. El d\u00eda domingo al mediod\u00eda comienza la segunda jornada y est\u00e1 programada la tradicional pisada de uva con la participaci\u00f3n y animaci\u00f3n de la popular modelo Alejandra D\u00edaz, modelo y actriz en el programa de Megavisi\u00f3n Morand\u00e9 con Compa\u00f1\u00eda, trabajo en el programa Show de Goles, donde fue modelo, quien estar\u00e1 toda la jornada acompa\u00f1ando a las candidatas en su traves\u00eda por ganar la corona. Para este a\u00f1o la competencia de las candidatas trae consigo incluido el toque solidario.<\/p>\n<p>Lo recaudado ser\u00e1 donado a la agrupaci\u00f3n social que represento la candidata ganadora, que benefician directamente a vecinos y vecinas de la comuna.<\/p>\n<p>Finalmente para cerrar ambos d\u00edas de celebraci\u00f3n en torno a esta tradici\u00f3n vitivin\u00edcola, llegaran al escenario los integrantes de Banda la M\u00e1xima liderada por su cantante Natali Plaza con todo el poder femenino y para el cierre del evento el grupo nacional Zumbale Primo, quienes hoy por hoy son lideres de la cumbia ranchera chilena. para sellar la \u00faltima vendimia de la regi\u00f3n, se dar\u00e1n a conocer los resultados de la votaci\u00f3n popular que coronar\u00e1 a la nueva Reina de la Vendimia Punitaqui 2022. En la rueda de prensa el alcalde de la comuna Carlos Araya, destac\u00f3 que \u00a0<strong>\u201cHemos pasado situaciones complejas producto de la pandemia, tenemos una tremenda sequ\u00eda, la gente pr\u00e1cticamente por 2 a\u00f1os estuvo encerrado en la casa en el contexto de pandemia, adem\u00e1s los emprendedores locales estuvieron pas\u00e1ndola muy mal es por eso que hoy, luego que la autoridad sanitaria nos da la posibilidad de realizar eventos, vamos a volver con la tradici\u00f3n de la fiesta de la vendimia de la comuna de Punitaqui. La actividad contara con cociner\u00eda, con artesan\u00eda, con encuentro, con el folclor, con nuestras tradiciones, con nuestra tierra, con el encanto que tiene la tierra de los molinos, con su vi\u00f1as con la cervecer\u00eda y nuestros emprendedores y emprendedoras locales. El Show, el espect\u00e1culo tambi\u00e9n va estar presentes en esta nueva versi\u00f3n de la fiesta de la vendimia para lo cual Esperemos que la gente de Punitaqui, de la provincia y toda la regi\u00f3n sean parte activa el d\u00eda s\u00e1bado 9 y el d\u00eda domingo 10 de Abril, d\u00f3nde nuestro escenario monumental va a recibir a grandes artistas invitado para poder entregar un tiempo de esparcimiento, de recreaci\u00f3n, de alegr\u00eda y amistad, con todos los que lleguen a nuestra comuna\u201d <\/strong>finaliz\u00f3.<\/p>\n<p>Cabe se\u00f1alar que nuestra fiesta de la vendimia es la \u00faltima de Chile, pero a su vez es la primera fiesta masiva en espacios p\u00fablicos organizada en la provincia y la regi\u00f3n. Esperamos que las familias puedan disfrutar de nuestra historia de nuestra cultura, de la amplia oferta vitivin\u00edcola de la comuna y de la provincia. En la oportunidad dispondremos de un espacio especial para los emprendimiento locales, queremos reactivar la econom\u00eda de nuestra comuna y que los visitantes se puedan cautivar con la identidad de Punitaqui a trav\u00e9s del Mercado Campesino. Dos jornadas donde las familias se vuelven a tomar los espacios p\u00fablicos con cultura, tradici\u00f3n, identidad local, shows y todo en ambiente seguro. As\u00ed, dejamos cordialmente invitados a todos a la VI versi\u00f3n de la Fiesta de la Vendimia Punitaqui.<\/p>\n<p>Vinos, m\u00fasica y belleza, son los ingredientes principales de la fiesta de La Vendimia en la comuna de Punitaqui, un evento realizado para todas las familias que disfrutan revivir momentos de tradici\u00f3n. La cl\u00e1sica pisada de uva, candidatas a reinas, modelos, vi\u00f1as presentando sus distintas cepas, artesan\u00eda, folclore y comidas t\u00edpicas como los asados de cabrito y cordero, empanadas, carne, s\u00e1ndwiches, pescado frito, cazuela y muestra de cervezas artesanales locales son algunos de los atractivos que tendr\u00e1 la Fiesta de la vendimia de Punitaqui.<\/p>\n<p>La programaci\u00f3n del evento comienza a eso del mediod\u00eda del d\u00eda s\u00e1bado con alternativas de gastronom\u00eda, vi\u00f1as, cervecer\u00eda, artesan\u00eda, emprendimiento local e intervenciones art\u00edsticas durante toda la jornada.El show central comienza a las 21 horas con la presentaci\u00f3n de las candidatas para luego sumarse Los Condenados y finalizar con Amerikan Sound.<\/p>\n<p>Domingo\u00a0 sigue las alternativas con identidad local . desde las 18:00 horas se realizara el tradicional pisado de uva junto a la modelo Alejandra D\u00edaz\u00a0 y las candidatas\u00a0 para luego a eso de las 21:00 horas comenzar con el show central a cargo de banda la m\u00e1xima y finalizar con la presentaci\u00f3n de Zumbale Primo.<\/p>\n","protected":false},"excerpt":{"rendered":"<p>Los d\u00edas 9 y 10 de abril en Punitaqui se celebrar\u00e1 con todo la Fiesta de la Vendimia 2022. Vi\u00f1as locales, gastronom\u00eda, Mercado Campesino y m\u00fasica ser\u00e1n los protagonistas de esta nueva versi\u00f3n de la fiesta de La Vendimia en la Tierra de Los Molinos<\/p>\n","protected":false},"author":2,"featured_media":7096,"comment_status":"open","ping_status":"open","sticky":false,"template":"","format":"standard","meta":{"footnotes":""},"categories":[3],"tags":[],"class_list":["post-7095","post","type-post","status-publish","format-standard","has-post-thumbnail","hentry","category-actualidad"],"_links":{"self":[{"href":"https:\/\/www.radiolimari.cl\/index.php?rest_route=\/wp\/v2\/posts\/7095","targetHints":{"allow":["GET"]}}],"collection":[{"href":"https:\/\/www.radiolimari.cl\/index.php?rest_route=\/wp\/v2\/posts"}],"about":[{"href":"https:\/\/www.radiolimari.cl\/index.php?rest_route=\/wp\/v2\/types\/post"}],"author":[{"embeddable":true,"href":"https:\/\/www.radiolimari.cl\/index.php?rest_route=\/wp\/v2\/users\/2"}],"replies":[{"embeddable":true,"href":"https:\/\/www.radiolimari.cl\/index.php?rest_route=%2Fwp%2Fv2%2Fcomments&post=7095"}],"version-history":[{"count":1,"href":"https:\/\/www.radiolimari.cl\/index.php?rest_route=\/wp\/v2\/posts\/7095\/revisions"}],"predecessor-version":[{"id":7097,"href":"https:\/\/www.radiolimari.cl\/index.php?rest_route=\/wp\/v2\/posts\/7095\/revisions\/7097"}],"wp:featuredmedia":[{"embeddable":true,"href":"https:\/\/www.radiolimari.cl\/index.php?rest_route=\/wp\/v2\/media\/7096"}],"wp:attachment":[{"href":"https:\/\/www.radiolimari.cl\/index.php?rest_route=%2Fwp%2Fv2%2Fmedia&parent=7095"}],"wp:term":[{"taxonomy":"category","embeddable":true,"href":"https:\/\/www.radiolimari.cl\/index.php?rest_route=%2Fwp%2Fv2%2Fcategories&post=7095"},{"taxonomy":"post_tag","embeddable":true,"href":"https:\/\/www.radiolimari.cl\/index.php?rest_route=%2Fwp%2Fv2%2Ftags&post=7095"}],"curies":[{"name":"wp","href":"https:\/\/api.w.org\/{rel}","templated":true}]}}