{"id":7092,"date":"2022-04-07T19:22:26","date_gmt":"2022-04-07T19:22:26","guid":{"rendered":"http:\/\/www.radiolimari.cl\/?p=7092"},"modified":"2022-04-07T19:22:26","modified_gmt":"2022-04-07T19:22:26","slug":"estudiantes-montepatrinos-por-primera-vez-logran-acceder-a-educacion-superior-dentro-de-la-comuna","status":"publish","type":"post","link":"https:\/\/www.radiolimari.cl\/?p=7092","title":{"rendered":"Estudiantes Montepatrinos por primera vez logran acceder a Educaci\u00f3n Superior dentro de la comuna"},"content":{"rendered":"<p><a href=\"https:\/\/www.radiolimari.cl\/wp-content\/uploads\/2022\/04\/7.4-monte-patria-alcalde-cft.jpg\"><img fetchpriority=\"high\" decoding=\"async\" class=\"alignnone size-medium wp-image-7093\" src=\"https:\/\/www.radiolimari.cl\/wp-content\/uploads\/2022\/04\/7.4-monte-patria-alcalde-cft-300x225.jpg\" alt=\"7.4 monte patria alcalde cft\" width=\"300\" height=\"225\" srcset=\"https:\/\/www.radiolimari.cl\/wp-content\/uploads\/2022\/04\/7.4-monte-patria-alcalde-cft-300x225.jpg 300w, https:\/\/www.radiolimari.cl\/wp-content\/uploads\/2022\/04\/7.4-monte-patria-alcalde-cft-1024x768.jpg 1024w, https:\/\/www.radiolimari.cl\/wp-content\/uploads\/2022\/04\/7.4-monte-patria-alcalde-cft.jpg 1440w\" sizes=\"(max-width: 300px) 100vw, 300px\" \/><\/a><\/p>\n<p style=\"text-align: justify;\"><strong>Gracias al trabajo colaborativo entre la Municipalidad de Monte Patria y el CFT Estatal, hoy los habitantes de la comuna de Monte Patria tienen la oportunidad de cursar estudios superiores. Las carreras de T\u00e9cnico en Mantenimiento Industrial y T\u00e9cnico en Administraci\u00f3n son las ofertadas en la nueva sede<\/strong><!--more--><\/p>\n<p style=\"text-align: justify;\">Un sue\u00f1o que anhelaban cumplir los habitantes de la comuna de Monte Patria, era el poder continuar sus estudios superiores sin tener la necesidad de trasladarse a otras comunas de la Regi\u00f3n de Coquimbo. Sin embargo, no contaban con casa de estudios, lo que los obligaba a desistir de la idea o simplemente migrar para poder lograrlo.<\/p>\n<p style=\"text-align: justify;\">Esto fue lo que motiv\u00f3 al alcalde, Cristian Herrera, a trabajar de forma conjunta con el Centro de Formaci\u00f3n T\u00e9cnica (CFT) Estatal, y poder contar con una sede en la comuna. Durante los meses de diciembre del a\u00f1o 2021 y enero y febrero del a\u00f1o 2022 se desarroll\u00f3 el proceso de admisi\u00f3n para las carreras de T\u00e9cnico en Mantenimiento Industrial y T\u00e9cnico en Administraci\u00f3n que se dictar\u00edan en el lugar, donde el gran inter\u00e9s de las y los j\u00f3venes por cursar estas carreras, inst\u00f3 al aumento de los cupos para as\u00ed satisfacer la necesidad de las familias de la comuna de valles generosos.<\/p>\n<p style=\"text-align: justify;\">Finalmente, el pasado 05 de abril se dio el inicio a las actividades acad\u00e9micas a\u00f1o 2022, en el que estuvieron presentes autoridades, representantes del CFT y por su puesto los y las estudiantes que ser\u00e1n parte de este primer grupo de la sede Monte Patria.<\/p>\n<p style=\"text-align: justify;\">Al respecto el alcalde de Monte Patria, Cristian Herrera, manifest\u00f3 estar muy emocionado y \u201ccon una enorme satisfacci\u00f3n de que efectivamente las gestiones que realizamos hoy en d\u00eda dan sus frutos. Estamos cambiando la vida de los montepatrinos y montepatrinas. Cuando decimos Monte Patria \u2018Eres t\u00fa\u2019 significa que trabajaremos por cada uno de ustedes para entregarle mayores y mejores oportunidades. Hoy son 47 los estudiantes de nuestra comuna que cursan educaci\u00f3n superior sin tener que moverse de Monte Patria y eso nos alegra. Ellos son parte de la historia y le pedimos que sean perseverantes en el tiempo para que puedan sacar su t\u00edtulo de nivel superior. Estamos partiendo un proceso con el CFT Estatal, esperamos para el pr\u00f3ximo a\u00f1o mantener estas carreras e incluir nuevas ofertas acad\u00e9micas tambi\u00e9n, porque esto no para\u201d.<\/p>\n<p style=\"text-align: justify;\">\u201cDimos el inicio a esta oportunidad de poder entregar mejor formaci\u00f3n y servicios en nuestra comuna con el prestigio del Centro de Formaci\u00f3n T\u00e9cnica Estatal que formar\u00e1 a nuestros j\u00f3venes, adem\u00e1s, este proyecto vendr\u00e1 a completar competencias de personas que ya est\u00e1n trabajando en el \u00e1rea de administraci\u00f3n y que se atrevieron tambi\u00e9n a estudiar para obtener su certificado que les valida las competencias en su campo en el tiempo\u201d agreg\u00f3 Herrera.<\/p>\n<p style=\"text-align: justify;\">Para Mar\u00eda Jos\u00e9 Tat\u00e1n, quien forma parte del primer grupo de estudiantes del CFT sede Monte Patria, manifest\u00f3 que \u201ccomo madre y trabajadora es una s\u00faper buena instancia, ya que por el tema de locomoci\u00f3n me facilita muchas cosas, por ejemplo, el tener los estudios ac\u00e1 en mi comuna, cerca de mi casa lo encuentro una buena iniciativa. Por eso mismo hay que aprovechar la oportunidad que nos est\u00e1n entregando, porque nunca se hab\u00eda dado algo as\u00ed en la comuna de poder estudiar una carrera t\u00e9cnica aqu\u00ed mismo en Monte Patria\u201d.<\/p>\n<p style=\"text-align: justify;\">Cabe destacar que el Centro de Formaci\u00f3n T\u00e9cnica de la Regi\u00f3n de Coquimbo es una instituci\u00f3n estatal de educaci\u00f3n superior cuyo prop\u00f3sito principal es formar personas, hacer transferencia tecnol\u00f3gica y acompa\u00f1ar al sector productivo, para generar desarrollo econ\u00f3mico, social y cultural en la regi\u00f3n y el pa\u00eds, bajo un enfoque de sostenibilidad.<\/p>\n<p style=\"text-align: justify;\">El Centro de Formaci\u00f3n T\u00e9cnica de la Regi\u00f3n de Coquimbo basa su propuesta de valor en el desarrollo de competencias t\u00e9cnicas en personas que se desempe\u00f1ar\u00e1n en el mundo del trabajo con integridad, esp\u00edritu innovador, autonom\u00eda y capacidad de emprender.<\/p>\n<p style=\"text-align: justify;\">\u201cEfectivamente es un momento hist\u00f3rico no solamente para la comuna de Monte Patria en la cual por primera vez se cuenta con una instituci\u00f3n estatal que dicta carreras de nivel superior. Para nosotros como CFT es un tremendo desaf\u00edo, un desaf\u00edo que nos lleva a trabajar de la manera m\u00e1s cercana posible con los alumnos de tal manera que ellos se sientan acogidos por nuestra instituci\u00f3n y adem\u00e1s se sientan comprometidos con sus estudios que es lo fundamental. No es un tema de suerte sino un tema de esfuerzo, sacrificio y constancia de tal forma que ellos puedan lograr sus objetivos que es titularse\u201d as\u00ed lo manifest\u00f3 el rector del CFT Estatal, Hugo Keith.<\/p>\n<p style=\"text-align: justify;\">\n","protected":false},"excerpt":{"rendered":"<p>Gracias al trabajo colaborativo entre la Municipalidad de Monte Patria y el CFT Estatal, hoy los habitantes de la comuna de Monte Patria tienen la oportunidad de cursar estudios superiores. Las carreras de T\u00e9cnico en Mantenimiento Industrial y T\u00e9cnico en Administraci\u00f3n son las ofertadas en la nueva sede<\/p>\n","protected":false},"author":2,"featured_media":7093,"comment_status":"open","ping_status":"open","sticky":false,"template":"","format":"standard","meta":{"footnotes":""},"categories":[5],"tags":[],"class_list":["post-7092","post","type-post","status-publish","format-standard","has-post-thumbnail","hentry","category-actualidad-limarina"],"_links":{"self":[{"href":"https:\/\/www.radiolimari.cl\/index.php?rest_route=\/wp\/v2\/posts\/7092","targetHints":{"allow":["GET"]}}],"collection":[{"href":"https:\/\/www.radiolimari.cl\/index.php?rest_route=\/wp\/v2\/posts"}],"about":[{"href":"https:\/\/www.radiolimari.cl\/index.php?rest_route=\/wp\/v2\/types\/post"}],"author":[{"embeddable":true,"href":"https:\/\/www.radiolimari.cl\/index.php?rest_route=\/wp\/v2\/users\/2"}],"replies":[{"embeddable":true,"href":"https:\/\/www.radiolimari.cl\/index.php?rest_route=%2Fwp%2Fv2%2Fcomments&post=7092"}],"version-history":[{"count":1,"href":"https:\/\/www.radiolimari.cl\/index.php?rest_route=\/wp\/v2\/posts\/7092\/revisions"}],"predecessor-version":[{"id":7094,"href":"https:\/\/www.radiolimari.cl\/index.php?rest_route=\/wp\/v2\/posts\/7092\/revisions\/7094"}],"wp:featuredmedia":[{"embeddable":true,"href":"https:\/\/www.radiolimari.cl\/index.php?rest_route=\/wp\/v2\/media\/7093"}],"wp:attachment":[{"href":"https:\/\/www.radiolimari.cl\/index.php?rest_route=%2Fwp%2Fv2%2Fmedia&parent=7092"}],"wp:term":[{"taxonomy":"category","embeddable":true,"href":"https:\/\/www.radiolimari.cl\/index.php?rest_route=%2Fwp%2Fv2%2Fcategories&post=7092"},{"taxonomy":"post_tag","embeddable":true,"href":"https:\/\/www.radiolimari.cl\/index.php?rest_route=%2Fwp%2Fv2%2Ftags&post=7092"}],"curies":[{"name":"wp","href":"https:\/\/api.w.org\/{rel}","templated":true}]}}