{"id":7081,"date":"2022-04-06T21:07:06","date_gmt":"2022-04-06T21:07:06","guid":{"rendered":"http:\/\/www.radiolimari.cl\/?p=7081"},"modified":"2022-04-06T21:07:06","modified_gmt":"2022-04-06T21:07:06","slug":"diputado-victor-pino-solicita-que-se-oficie-al-presidente-boric-para-decretar-zona-de-catastrofe-en-la-region-de-coquimbo-por-grave-crisis-hidrica","status":"publish","type":"post","link":"https:\/\/www.radiolimari.cl\/?p=7081","title":{"rendered":"Diputado V\u00edctor Pino solicita que se oficie al presidente Boric para decretar zona de cat\u00e1strofe en la regi\u00f3n de Coquimbo por grave crisis h\u00eddrica"},"content":{"rendered":"<p><a href=\"https:\/\/www.radiolimari.cl\/wp-content\/uploads\/2022\/04\/diputado-VICTOR-PINO-1.jpeg\"><img fetchpriority=\"high\" decoding=\"async\" class=\"alignnone size-medium wp-image-7082\" src=\"https:\/\/www.radiolimari.cl\/wp-content\/uploads\/2022\/04\/diputado-VICTOR-PINO-1-300x168.jpeg\" alt=\"diputado VICTOR PINO 1\" width=\"300\" height=\"168\" srcset=\"https:\/\/www.radiolimari.cl\/wp-content\/uploads\/2022\/04\/diputado-VICTOR-PINO-1-300x168.jpeg 300w, https:\/\/www.radiolimari.cl\/wp-content\/uploads\/2022\/04\/diputado-VICTOR-PINO-1-1024x576.jpeg 1024w, https:\/\/www.radiolimari.cl\/wp-content\/uploads\/2022\/04\/diputado-VICTOR-PINO-1.jpeg 1280w\" sizes=\"(max-width: 300px) 100vw, 300px\" \/><\/a><\/p>\n<p>\u2794\u00a0\u00a0\u00a0 <strong><em>\u201cLos embalses se encuentran a un 15% de su capacidad y la fuente tanto subterr\u00e1nea como superficiales no dan abasto\u201d, se\u00f1al\u00f3 el parlamentario.<\/em><\/strong><!--more--><\/p>\n<p>Durante una intervenci\u00f3n que realiz\u00f3 este mi\u00e9rcoles en plena sesi\u00f3n de la C\u00e1mara de Diputadas y Diputados, el parlamentario del Distrito 5, V\u00edctor Pino Fuentes (PDG) , solicit\u00f3 que se oficie al Presidente de la Rep\u00fablica, Gabriel Boric, para decretar Zona de Cat\u00e1strofe a la regi\u00f3n de Coquimbo por la grave crisis h\u00eddrica que enfrenta la zona.<\/p>\n<p>\u201cComo bien sabemos una sequ\u00eda de m\u00e1s de 12 a\u00f1os nos pega fuerte en 231 comunas de nuestro pa\u00eds, conversando con varios alcaldes de mi distrito y con organismos tanto p\u00fablicos y privados, a raz\u00f3n de que los embalses se encuentran a un 15% de su capacidad y la fuente tanto subterr\u00e1nea como superficiales no dan a basto, es sumamente importante tomar esta medida\u201d, argument\u00f3 el diputado.<\/p>\n<p>La autoridad mostr\u00f3 su preocupaci\u00f3n por el avance que la sequ\u00eda ha tenido en la regi\u00f3n de Coquimbo, esto debido a que las comunas m\u00e1s grandes de la zona podr\u00edan entrar en racionamiento de agua a fines del 2022 de no tomarse ninguna acci\u00f3n. \u201cEsta problem\u00e1tica nos coloca en el presente escenario de esperar antes de fin de a\u00f1o racionamientos del vital elemento en las comunas de La Serena y Coquimbo\u201d, recalc\u00f3 Pino.<\/p>\n<p>Raz\u00f3n por la que el parlamentario solicit\u00f3 que esta medida se pueda concretar \u201clo m\u00e1s r\u00e1pido posible\u201d, con el fin de que se puedan acelerar la entrega de recursos que permitan paliar esta calamidad p\u00fablica.<\/p>\n","protected":false},"excerpt":{"rendered":"<p>\u2794\u00a0\u00a0\u00a0 \u201cLos embalses se encuentran a un 15% de su capacidad y la fuente tanto subterr\u00e1nea como superficiales no dan abasto\u201d, se\u00f1al\u00f3 el parlamentario.<\/p>\n","protected":false},"author":2,"featured_media":7082,"comment_status":"open","ping_status":"open","sticky":false,"template":"","format":"standard","meta":{"footnotes":""},"categories":[3],"tags":[],"class_list":["post-7081","post","type-post","status-publish","format-standard","has-post-thumbnail","hentry","category-actualidad"],"_links":{"self":[{"href":"https:\/\/www.radiolimari.cl\/index.php?rest_route=\/wp\/v2\/posts\/7081","targetHints":{"allow":["GET"]}}],"collection":[{"href":"https:\/\/www.radiolimari.cl\/index.php?rest_route=\/wp\/v2\/posts"}],"about":[{"href":"https:\/\/www.radiolimari.cl\/index.php?rest_route=\/wp\/v2\/types\/post"}],"author":[{"embeddable":true,"href":"https:\/\/www.radiolimari.cl\/index.php?rest_route=\/wp\/v2\/users\/2"}],"replies":[{"embeddable":true,"href":"https:\/\/www.radiolimari.cl\/index.php?rest_route=%2Fwp%2Fv2%2Fcomments&post=7081"}],"version-history":[{"count":1,"href":"https:\/\/www.radiolimari.cl\/index.php?rest_route=\/wp\/v2\/posts\/7081\/revisions"}],"predecessor-version":[{"id":7083,"href":"https:\/\/www.radiolimari.cl\/index.php?rest_route=\/wp\/v2\/posts\/7081\/revisions\/7083"}],"wp:featuredmedia":[{"embeddable":true,"href":"https:\/\/www.radiolimari.cl\/index.php?rest_route=\/wp\/v2\/media\/7082"}],"wp:attachment":[{"href":"https:\/\/www.radiolimari.cl\/index.php?rest_route=%2Fwp%2Fv2%2Fmedia&parent=7081"}],"wp:term":[{"taxonomy":"category","embeddable":true,"href":"https:\/\/www.radiolimari.cl\/index.php?rest_route=%2Fwp%2Fv2%2Fcategories&post=7081"},{"taxonomy":"post_tag","embeddable":true,"href":"https:\/\/www.radiolimari.cl\/index.php?rest_route=%2Fwp%2Fv2%2Ftags&post=7081"}],"curies":[{"name":"wp","href":"https:\/\/api.w.org\/{rel}","templated":true}]}}