{"id":7072,"date":"2022-04-06T17:19:50","date_gmt":"2022-04-06T17:19:50","guid":{"rendered":"http:\/\/www.radiolimari.cl\/?p=7072"},"modified":"2022-04-06T17:19:50","modified_gmt":"2022-04-06T17:19:50","slug":"seremi-del-trabajo-se-reune-con-cut-provincial-elqui-y-abordan-agenda-de-gobierno-en-materia-de-empleo","status":"publish","type":"post","link":"https:\/\/www.radiolimari.cl\/?p=7072","title":{"rendered":"Seremi del Trabajo se re\u00fane con CUT provincial Elqui y abordan agenda de Gobierno en materia de empleo"},"content":{"rendered":"<p><a href=\"https:\/\/www.radiolimari.cl\/wp-content\/uploads\/2022\/04\/6.4-CUT.jpeg\"><img fetchpriority=\"high\" decoding=\"async\" class=\"alignnone size-medium wp-image-7073\" src=\"https:\/\/www.radiolimari.cl\/wp-content\/uploads\/2022\/04\/6.4-CUT-300x225.jpeg\" alt=\"6.4 CUT\" width=\"300\" height=\"225\" srcset=\"https:\/\/www.radiolimari.cl\/wp-content\/uploads\/2022\/04\/6.4-CUT-300x225.jpeg 300w, https:\/\/www.radiolimari.cl\/wp-content\/uploads\/2022\/04\/6.4-CUT-1024x768.jpeg 1024w, https:\/\/www.radiolimari.cl\/wp-content\/uploads\/2022\/04\/6.4-CUT.jpeg 1600w\" sizes=\"(max-width: 300px) 100vw, 300px\" \/><\/a><\/p>\n<p><strong><em>La autoridad del trabajo detall\u00f3 las iniciativas que el gobierno impulsar\u00e1 y que est\u00e1n orientadas a buscar una mejor calidad de vida de los trabajadores.<\/em><\/strong><!--more--><\/p>\n<p>La Seremi del Trabajo de la regi\u00f3n de Coquimbo, Claudia Santander, se reuni\u00f3 con los representantes de la Central Unitaria de Trabajadores (CUT) Elqui, oportunidad que permiti\u00f3 abordar en conjunto las materias que dicen relaci\u00f3n con el panorama del empleo y con la calidad de vida de las y los trabajadores de la provincia.<\/p>\n<p>En la instancia de di\u00e1logo la autoridad laboral detall\u00f3 los principales ejes de la agenda legislativa del programa de gobierno del presidente Gabriel Boric.<\/p>\n<p>Al respecto la Seremi del Trabajo, Claudia Santander, coment\u00f3 que \u201cextendimos esta invitaci\u00f3n a los representantes de la CUT provincial Elqui precisamente para conversar cu\u00e1les son sus demandas y problem\u00e1ticas, adem\u00e1s de abordar temas particulares que dicen relaci\u00f3n con la calidad de vida de las trabajadoras y los trabajadores, y compartir con ellos los principales ejes program\u00e1ticos en materia de empleo de nuestro gobierno\u201d.<\/p>\n<p>La autoridad del trabajo detall\u00f3 las iniciativas que el gobierno impulsar\u00e1 y que est\u00e1n orientadas a buscar una mejor calidad de vida, un mejor salario, una mejor relaci\u00f3n laboral, un mayor equilibrio entre trabajadores y empleador.<\/p>\n<p>En este sentido, Claudia Santander, explic\u00f3 que \u201cnecesitaremos profundizar y mantener las instancias de di\u00e1logo social que propicien acuerdos que nos permitan sacar adelante iniciativas, que nacen justamente de las demandas que la propia ciudadan\u00eda ha puesto en relevancia, como es aumento gradual del ingreso m\u00ednimo y la reducci\u00f3n de la jornada laboral, entre otras\u201d.<\/p>\n<p>Por su parte la presidenta de la CUT provincial Elqui, Fabiola Sep\u00falveda, destac\u00f3 la instancia de di\u00e1logo con la autoridad laboral y dijo que \u201ces muy bueno que nos haya recibido en esta instancia y poder presentarle nuestro trabajo. Esperamos trabajar en una l\u00ednea que nos permita tener el apoyo de la autoridad para nuestros trabajadores y trabajadoras que sienten incertidumbre y que han sufrido despidos\u201d.<\/p>\n<p>En la instancia se acord\u00f3 mantener un espacio de di\u00e1logo permanente, entre la CUT y la Seremi del Trabajo, que permita ir visualizando los avances de las tem\u00e1ticas abordadas y el fortalecimiento de la actividad sindical para impulsar relaciones laborales m\u00e1s justas.<\/p>\n<p>&nbsp;<\/p>\n","protected":false},"excerpt":{"rendered":"<p>La autoridad del trabajo detall\u00f3 las iniciativas que el gobierno impulsar\u00e1 y que est\u00e1n orientadas a buscar una mejor calidad de vida de los trabajadores.<\/p>\n","protected":false},"author":2,"featured_media":7073,"comment_status":"open","ping_status":"open","sticky":false,"template":"","format":"standard","meta":{"footnotes":""},"categories":[6],"tags":[],"class_list":["post-7072","post","type-post","status-publish","format-standard","has-post-thumbnail","hentry","category-regionales"],"_links":{"self":[{"href":"https:\/\/www.radiolimari.cl\/index.php?rest_route=\/wp\/v2\/posts\/7072","targetHints":{"allow":["GET"]}}],"collection":[{"href":"https:\/\/www.radiolimari.cl\/index.php?rest_route=\/wp\/v2\/posts"}],"about":[{"href":"https:\/\/www.radiolimari.cl\/index.php?rest_route=\/wp\/v2\/types\/post"}],"author":[{"embeddable":true,"href":"https:\/\/www.radiolimari.cl\/index.php?rest_route=\/wp\/v2\/users\/2"}],"replies":[{"embeddable":true,"href":"https:\/\/www.radiolimari.cl\/index.php?rest_route=%2Fwp%2Fv2%2Fcomments&post=7072"}],"version-history":[{"count":1,"href":"https:\/\/www.radiolimari.cl\/index.php?rest_route=\/wp\/v2\/posts\/7072\/revisions"}],"predecessor-version":[{"id":7074,"href":"https:\/\/www.radiolimari.cl\/index.php?rest_route=\/wp\/v2\/posts\/7072\/revisions\/7074"}],"wp:featuredmedia":[{"embeddable":true,"href":"https:\/\/www.radiolimari.cl\/index.php?rest_route=\/wp\/v2\/media\/7073"}],"wp:attachment":[{"href":"https:\/\/www.radiolimari.cl\/index.php?rest_route=%2Fwp%2Fv2%2Fmedia&parent=7072"}],"wp:term":[{"taxonomy":"category","embeddable":true,"href":"https:\/\/www.radiolimari.cl\/index.php?rest_route=%2Fwp%2Fv2%2Fcategories&post=7072"},{"taxonomy":"post_tag","embeddable":true,"href":"https:\/\/www.radiolimari.cl\/index.php?rest_route=%2Fwp%2Fv2%2Ftags&post=7072"}],"curies":[{"name":"wp","href":"https:\/\/api.w.org\/{rel}","templated":true}]}}