{"id":7063,"date":"2022-04-05T20:57:30","date_gmt":"2022-04-05T20:57:30","guid":{"rendered":"http:\/\/www.radiolimari.cl\/?p=7063"},"modified":"2022-04-05T20:57:30","modified_gmt":"2022-04-05T20:57:30","slug":"matias-walker-asume-presidencia-de-comision-de-constitucion-del-senado","status":"publish","type":"post","link":"https:\/\/www.radiolimari.cl\/?p=7063","title":{"rendered":"Mat\u00edas Walker asume presidencia de Comisi\u00f3n de Constituci\u00f3n del Senado"},"content":{"rendered":"<p><a href=\"https:\/\/www.radiolimari.cl\/wp-content\/uploads\/2022\/04\/matias-walker-senador.jpeg\"><img fetchpriority=\"high\" decoding=\"async\" class=\"alignnone size-medium wp-image-7064\" src=\"https:\/\/www.radiolimari.cl\/wp-content\/uploads\/2022\/04\/matias-walker-senador-300x199.jpeg\" alt=\"matias walker senador\" width=\"300\" height=\"199\" srcset=\"https:\/\/www.radiolimari.cl\/wp-content\/uploads\/2022\/04\/matias-walker-senador-300x199.jpeg 300w, https:\/\/www.radiolimari.cl\/wp-content\/uploads\/2022\/04\/matias-walker-senador-1024x682.jpeg 1024w, https:\/\/www.radiolimari.cl\/wp-content\/uploads\/2022\/04\/matias-walker-senador.jpeg 1280w\" sizes=\"(max-width: 300px) 100vw, 300px\" \/><\/a><\/p>\n<p><span style=\"color: #222222;\">El\u00a0<\/span><b style=\"color: #222222;\">Senador de la regi\u00f3n de Coquimbo Mat\u00edas Walker<\/b><span style=\"color: #222222;\">\u00a0asumi\u00f3 este martes, por unanimidad, la presidencia de la Comisi\u00f3n de Constituci\u00f3n del Senado e indic\u00f3 que el primer proyecto que revisar\u00e1 la instancia legislativa ser\u00e1 la ley de georreferenciaci\u00f3n que busca garantizar mayor participaci\u00f3n y cercan\u00eda en el plebiscito de salida de la Convenci\u00f3n Constitucional.<\/span><!--more--><\/p>\n<p style=\"font-weight: 400;\">\u201cEste mi\u00e9rcoles vamos a priorizar el proyecto de\u00a0georreferenciaci\u00f3n que va a permitir que en el plebiscito de salida los electores puedan votar en el local de votaci\u00f3n m\u00e1s cercano a su domicilio, plebiscito de salida que va a ser con voto obligatorio\u201d asegur\u00f3, el senador por la Regi\u00f3n de Coquimbo.<\/p>\n<p style=\"font-weight: 400;\">Asimismo, Walker inform\u00f3 que uno de los temas prioritarios para la Comisi\u00f3n de Constituci\u00f3n ser\u00e1 avanzar en la tramitaci\u00f3n de la Agenda de Infancia y de Equidad de G\u00e9nero. \u201cPriorizaremos la Reforma que crea el Servicio Nacional de Reinserci\u00f3n Juvenil, sobre reforma penal adolescente, que termina con el Sename; el proyecto que tipifica el delito de explotaci\u00f3n sexual infantil y todos aquellos proyectos que nos permitir\u00e1n avanzar en materia de equidad de g\u00e9nero.\u201d<\/p>\n<p style=\"font-weight: 400;\">Adem\u00e1s, el Senador Mat\u00edas Walker coment\u00f3 que \u201cotro de nuestros focos estar\u00e1 en el proyecto de ley de delitos econ\u00f3micos que sanciona con c\u00e1rcel efectiva los denominados delitos de cuello y corbata, delitos de colusi\u00f3n, delitos ambientales, la extracci\u00f3n ilegal de agua para que esos delitos tengan sanciones efectivas y terminemos con esa sensaci\u00f3n de impunidad que existe respecto a estos temas\u201d.<\/p>\n","protected":false},"excerpt":{"rendered":"<p>El\u00a0Senador de la regi\u00f3n de Coquimbo Mat\u00edas Walker\u00a0asumi\u00f3 este martes, por unanimidad, la presidencia de la Comisi\u00f3n de Constituci\u00f3n del Senado e indic\u00f3 que el primer proyecto que revisar\u00e1 la instancia legislativa ser\u00e1 la ley de georreferenciaci\u00f3n que busca garantizar mayor participaci\u00f3n y cercan\u00eda en el plebiscito de salida de la Convenci\u00f3n Constitucional.<\/p>\n","protected":false},"author":2,"featured_media":7064,"comment_status":"open","ping_status":"open","sticky":false,"template":"","format":"standard","meta":{"footnotes":""},"categories":[3],"tags":[],"class_list":["post-7063","post","type-post","status-publish","format-standard","has-post-thumbnail","hentry","category-actualidad"],"_links":{"self":[{"href":"https:\/\/www.radiolimari.cl\/index.php?rest_route=\/wp\/v2\/posts\/7063","targetHints":{"allow":["GET"]}}],"collection":[{"href":"https:\/\/www.radiolimari.cl\/index.php?rest_route=\/wp\/v2\/posts"}],"about":[{"href":"https:\/\/www.radiolimari.cl\/index.php?rest_route=\/wp\/v2\/types\/post"}],"author":[{"embeddable":true,"href":"https:\/\/www.radiolimari.cl\/index.php?rest_route=\/wp\/v2\/users\/2"}],"replies":[{"embeddable":true,"href":"https:\/\/www.radiolimari.cl\/index.php?rest_route=%2Fwp%2Fv2%2Fcomments&post=7063"}],"version-history":[{"count":1,"href":"https:\/\/www.radiolimari.cl\/index.php?rest_route=\/wp\/v2\/posts\/7063\/revisions"}],"predecessor-version":[{"id":7065,"href":"https:\/\/www.radiolimari.cl\/index.php?rest_route=\/wp\/v2\/posts\/7063\/revisions\/7065"}],"wp:featuredmedia":[{"embeddable":true,"href":"https:\/\/www.radiolimari.cl\/index.php?rest_route=\/wp\/v2\/media\/7064"}],"wp:attachment":[{"href":"https:\/\/www.radiolimari.cl\/index.php?rest_route=%2Fwp%2Fv2%2Fmedia&parent=7063"}],"wp:term":[{"taxonomy":"category","embeddable":true,"href":"https:\/\/www.radiolimari.cl\/index.php?rest_route=%2Fwp%2Fv2%2Fcategories&post=7063"},{"taxonomy":"post_tag","embeddable":true,"href":"https:\/\/www.radiolimari.cl\/index.php?rest_route=%2Fwp%2Fv2%2Ftags&post=7063"}],"curies":[{"name":"wp","href":"https:\/\/api.w.org\/{rel}","templated":true}]}}