{"id":7053,"date":"2022-04-05T17:47:13","date_gmt":"2022-04-05T17:47:13","guid":{"rendered":"http:\/\/www.radiolimari.cl\/?p=7053"},"modified":"2022-04-05T17:47:13","modified_gmt":"2022-04-05T17:47:13","slug":"en-graneros-de-punitaqui-el-club-oro-y-cielo-prepara-nuevos-talentos-para-el-futbol","status":"publish","type":"post","link":"https:\/\/www.radiolimari.cl\/?p=7053","title":{"rendered":"En Graneros de Punitaqui el Club \u201cOro y Cielo\u201d  prepara nuevos talentos para el f\u00fatbol"},"content":{"rendered":"<p><a href=\"https:\/\/www.radiolimari.cl\/wp-content\/uploads\/2022\/04\/5.4-punitaqui.jpg\"><img fetchpriority=\"high\" decoding=\"async\" class=\"alignnone size-medium wp-image-7054\" src=\"https:\/\/www.radiolimari.cl\/wp-content\/uploads\/2022\/04\/5.4-punitaqui-300x200.jpg\" alt=\"5.4 punitaqui\" width=\"300\" height=\"200\" srcset=\"https:\/\/www.radiolimari.cl\/wp-content\/uploads\/2022\/04\/5.4-punitaqui-300x200.jpg 300w, https:\/\/www.radiolimari.cl\/wp-content\/uploads\/2022\/04\/5.4-punitaqui-1024x682.jpg 1024w\" sizes=\"(max-width: 300px) 100vw, 300px\" \/><\/a><\/p>\n<p><i style=\"color: #222222;\"><b>Con el financiamiento de un proyecto Fondeporte el Club \u201cOro y Cielo\u201d ,\u00a0 , realizar\u00e1 una escuela formativa \u00a0de f\u00fatbol, que albergar\u00e1 a ni\u00f1os de doce \u00a0a catorce \u00a0a\u00f1os, dirigida por profesores de Educaci\u00f3n F\u00edsica \u00a0y de car\u00e1cter gratuita, su objetivo es fomentar y guiar, a los ni\u00f1os en su aprendizaje deportivo. La iniciativa cuenta con\u00a0el apoyo de la Municipalidad de Punitaqui.<\/b><\/i><span style=\"color: #222222;\">\u00a0<\/span><!--more--><\/p>\n<p><span style=\"color: #222222;\">En la escuela de \u00a0localidad de Graneros, en la comuna de Punitaqui, se ejecuta el \u00a0proyecto \u00a0Fondeporte \u201cFuturo Oro y Cielo\u201d, del primer periodo del concurso nacional del a\u00f1o 2021, en donde se re\u00fane m\u00e1s de una treintenas de ni\u00f1os y ni\u00f1as, \u00a0con el fin de recibir los conocimiento b\u00e1sicos de los fundamentos, reglas y pr\u00e1ctica del f\u00fatbol, a fin que los peque\u00f1os deportistas logren conocimientos y desarrollen sus aptitudes, habilidades y destrezas, guiados por tres profesores especialistas, con los materiales adecuados, para la pr\u00e1ctica de \u00e9ste deporte.<\/span><br style=\"color: #222222;\" \/><br style=\"color: #222222;\" \/><span style=\"color: #222222;\">En la oportunidad, el funcionamiento del proyecto Fondeporte, fue visitado por el Director Regional del Instituto Nacional de Deportes, Jonathan Pino Naranjo, quien se\u00f1al\u00f3:\u00a0<\/span><b style=\"color: #222222;\"><i>\u201cEstamos contentos de atender las necesidades de ni\u00f1os y ni\u00f1as \u00a0del lugar rural, \u00a0que est\u00e1 siendo atendido por una \u00a0Escuela \u00a0formativa de f\u00fatbol, para atender las necesidades deportivas de las ni\u00f1as y ni\u00f1os, \u00a0esto permite que se puedan desarrollar de manera integral y entendemos tambi\u00e9n, \u00a0la necesidad que la actividad deportiva lleguen a los territorios \u00a0m\u00e1s lejanos y que tambi\u00e9n necesitamos tener infraestructura, equipamiento deportivo y profesores \u00a0especialistas\u201d.<\/i><\/b><br style=\"color: #222222;\" \/><br style=\"color: #222222;\" \/><span style=\"color: #222222;\">Yesika Rojas, Profesora Encargada de la Escuela de Graneros de Punitaqui, agreg\u00f3:\u00a0<\/span><b style=\"color: #222222;\"><i>\u201cEstamos \u00a0por que este proyecto se haya realizado \u00a0en la Escuela, agradecemos \u00a0 al IND, por la oportunidad que nos est\u00e1n entregado, a los alumnos \u00a0rurales, ellos est\u00e1n muy felices por la iniciativa, as\u00ed es \u00a0que ojal\u00e1 que se vuelva a repetir\u201d.<\/i><\/b><br style=\"color: #222222;\" \/><br style=\"color: #222222;\" \/><span style=\"color: #222222;\">De igual manera, para Mar\u00eda Constanza Canales, \u00a0representante del DAEM y la Municipalidad de Punitaqui, valor\u00f3 la iniciativa:\u00a0<\/span><b style=\"color: #222222;\"><i>\u201cestamos muy contento que estos proyectos \u00a0lleguen a nuestra comuna, as\u00ed \u00a0es que esperamos, \u00a0que contin\u00faen ac\u00e1, para \u00a0poder satisfacer toda las necesidades y darles las mismas oportunidades a los ni\u00f1os y ni\u00f1as de la Educaci\u00f3n \u00a0Rural\u201d<\/i><\/b><span style=\"color: #222222;\">.<\/span><br style=\"color: #222222;\" \/><br style=\"color: #222222;\" \/><span style=\"color: #222222;\">Pero tambi\u00e9n, este proyecto entrega otras cualidades de los integrante de la escuela, \u00a0 como la formaci\u00f3n y desarrollo de personas integrales, \u00a0por medio de la \u00a0pr\u00e1ctica del f\u00fatbol a la medida del ni\u00f1o, permitiendo la transmisi\u00f3n de valores del deporte, como en trabajo en equipo, la colaboraci\u00f3n, \u00a0la integridad \u00a0y la inclusi\u00f3n de ni\u00f1os y ni\u00f1as de distintos estratos sociales y nacionalidades(inmigrantes) que quieran practicar f\u00fatbol, busca adem\u00e1s \u00a0bajar los altos niveles de obesidad que se presentan actualmente en la edad preescolar y como resultado final promover h\u00e1bitos y estilos de vida saludable.<\/span><\/p>\n","protected":false},"excerpt":{"rendered":"<p>Con el financiamiento de un proyecto Fondeporte el Club \u201cOro y Cielo\u201d ,\u00a0 , realizar\u00e1 una escuela formativa \u00a0de f\u00fatbol, que albergar\u00e1 a ni\u00f1os de doce \u00a0a catorce \u00a0a\u00f1os, dirigida por profesores de Educaci\u00f3n F\u00edsica \u00a0y de car\u00e1cter gratuita, su objetivo es fomentar y guiar, a los ni\u00f1os en su aprendizaje deportivo. La iniciativa cuenta &#8230;<\/p>\n","protected":false},"author":2,"featured_media":7054,"comment_status":"open","ping_status":"open","sticky":false,"template":"","format":"standard","meta":{"footnotes":""},"categories":[5],"tags":[],"class_list":["post-7053","post","type-post","status-publish","format-standard","has-post-thumbnail","hentry","category-actualidad-limarina"],"_links":{"self":[{"href":"https:\/\/www.radiolimari.cl\/index.php?rest_route=\/wp\/v2\/posts\/7053","targetHints":{"allow":["GET"]}}],"collection":[{"href":"https:\/\/www.radiolimari.cl\/index.php?rest_route=\/wp\/v2\/posts"}],"about":[{"href":"https:\/\/www.radiolimari.cl\/index.php?rest_route=\/wp\/v2\/types\/post"}],"author":[{"embeddable":true,"href":"https:\/\/www.radiolimari.cl\/index.php?rest_route=\/wp\/v2\/users\/2"}],"replies":[{"embeddable":true,"href":"https:\/\/www.radiolimari.cl\/index.php?rest_route=%2Fwp%2Fv2%2Fcomments&post=7053"}],"version-history":[{"count":1,"href":"https:\/\/www.radiolimari.cl\/index.php?rest_route=\/wp\/v2\/posts\/7053\/revisions"}],"predecessor-version":[{"id":7055,"href":"https:\/\/www.radiolimari.cl\/index.php?rest_route=\/wp\/v2\/posts\/7053\/revisions\/7055"}],"wp:featuredmedia":[{"embeddable":true,"href":"https:\/\/www.radiolimari.cl\/index.php?rest_route=\/wp\/v2\/media\/7054"}],"wp:attachment":[{"href":"https:\/\/www.radiolimari.cl\/index.php?rest_route=%2Fwp%2Fv2%2Fmedia&parent=7053"}],"wp:term":[{"taxonomy":"category","embeddable":true,"href":"https:\/\/www.radiolimari.cl\/index.php?rest_route=%2Fwp%2Fv2%2Fcategories&post=7053"},{"taxonomy":"post_tag","embeddable":true,"href":"https:\/\/www.radiolimari.cl\/index.php?rest_route=%2Fwp%2Fv2%2Ftags&post=7053"}],"curies":[{"name":"wp","href":"https:\/\/api.w.org\/{rel}","templated":true}]}}