{"id":7047,"date":"2022-04-04T20:28:25","date_gmt":"2022-04-04T20:28:25","guid":{"rendered":"http:\/\/www.radiolimari.cl\/?p=7047"},"modified":"2022-04-04T20:28:25","modified_gmt":"2022-04-04T20:28:25","slug":"en-ovalle-municipio-instala-nuevas-senaleticas-en-calles-y-pasajes","status":"publish","type":"post","link":"https:\/\/www.radiolimari.cl\/?p=7047","title":{"rendered":"En Ovalle municipio Instala nuevas se\u00f1al\u00e9ticas en calles y pasajes"},"content":{"rendered":"<p><a href=\"https:\/\/www.radiolimari.cl\/wp-content\/uploads\/2022\/04\/4.3-Nuevas-se\u00f1al\u00e9ticas-en-Ovalle-1.jpg\"><img fetchpriority=\"high\" decoding=\"async\" class=\"alignnone size-medium wp-image-7048\" src=\"https:\/\/www.radiolimari.cl\/wp-content\/uploads\/2022\/04\/4.3-Nuevas-se\u00f1al\u00e9ticas-en-Ovalle-1-300x225.jpg\" alt=\"4.3 Nuevas se\u00f1al\u00e9ticas en Ovalle (1)\" width=\"300\" height=\"225\" srcset=\"https:\/\/www.radiolimari.cl\/wp-content\/uploads\/2022\/04\/4.3-Nuevas-se\u00f1al\u00e9ticas-en-Ovalle-1-300x225.jpg 300w, https:\/\/www.radiolimari.cl\/wp-content\/uploads\/2022\/04\/4.3-Nuevas-se\u00f1al\u00e9ticas-en-Ovalle-1-1024x768.jpg 1024w\" sizes=\"(max-width: 300px) 100vw, 300px\" \/><\/a><\/p>\n<p><strong><em>La iniciativa comenz\u00f3 el mes pasado e incluye sectores de El Portal, poblaci\u00f3n Fray Jorge, Jos\u00e9 Tom\u00e1s Ovalle y la poblaci\u00f3n Limar\u00ed y tiene un plazo de ejecuci\u00f3n de 60 d\u00edas.\u00a0 <\/em><\/strong><!--more--><\/p>\n<p>Comenz\u00f3 la segunda etapa de la instalaci\u00f3n de se\u00f1al\u00e9ticas con nombres de calles y pasajes en Ovalle. Este proyecto fue postulado por el municipio local y financiado por la Subsecretar\u00eda de Desarrollo Regional (SUBDERE), a trav\u00e9s del Programa de Mejoramiento Urbano.<\/p>\n<p>La iniciativa tiene un costo de $31.757.203, recursos que servir\u00e1n para implementar 122 puntos. En el caso de El Portal ya se encuentra instalada la se\u00f1al\u00e9tica en la totalidad de la extensi\u00f3n de avenida Mar\u00eda In\u00e9s Corral. En tanto, en la poblaci\u00f3n Fray Jorge los vecinos de las calles Yungay y Alberto Blest Gana, ya cuentan con estas indicaciones de color azul, con un aspecto renovado, las cuales dejar\u00e1n atr\u00e1s las antiguas de color blanco y negro.<\/p>\n<p>Esta etapa incluye las Avenidas Las Palmas, Diaguita y Tuqui de la poblaci\u00f3n Limar\u00ed, a lo que se suma la Avenida Las Torres, en el sector de Villa Las Torres y la calle Patricio Ceballos de la poblaci\u00f3n Jos\u00e9 Tom\u00e1s Ovalle.<\/p>\n<p>Este proyecto se suma a la primera etapa que incluy\u00f3 la zona c\u00e9ntrica de Ovalle, la extensi\u00f3n de calle Soldado S\u00e1nchez y la villa El Mirador, que tuvo una intervenci\u00f3n de 29 millones de pesos.<\/p>\n<p>Al respecto, el alcalde de Ovalle, Claudio Renter\u00eda sostuvo que se trata de un proyecto muy importante \u201cy que permite que seamos una ciudad mucho m\u00e1s amigable con nuestra comunidad, pero fundamentalmente con las personas que nos visitan de otras partes de la regi\u00f3n y del pa\u00eds, porque nos da la posibilidad de tener bien identificadas nuestras calles y pasajes\u201d. Renter\u00eda agreg\u00f3 que el prop\u00f3sito principal es \u201ccontar con se\u00f1ales de tr\u00e1nsito y paso peatonales en buenas condiciones porque son un aporte importante en la seguridad vial tanto de peatones, como de automovilistas\u201d.<\/p>\n<p>En este sentido, el director de Tr\u00e1nsito del municipio de Ovalle, David Far\u00edas sostuvo que la relevancia de este proyecto es que es un aporte importante \u201cporque el ordenamiento territorial vial es fundamental para evitar accidentes y dar m\u00e1s seguridad, sobretodo a los peatones\u201d.<\/p>\n","protected":false},"excerpt":{"rendered":"<p>La iniciativa comenz\u00f3 el mes pasado e incluye sectores de El Portal, poblaci\u00f3n Fray Jorge, Jos\u00e9 Tom\u00e1s Ovalle y la poblaci\u00f3n Limar\u00ed y tiene un plazo de ejecuci\u00f3n de 60 d\u00edas.\u00a0<\/p>\n","protected":false},"author":2,"featured_media":7048,"comment_status":"open","ping_status":"open","sticky":false,"template":"","format":"standard","meta":{"footnotes":""},"categories":[5],"tags":[],"class_list":["post-7047","post","type-post","status-publish","format-standard","has-post-thumbnail","hentry","category-actualidad-limarina"],"_links":{"self":[{"href":"https:\/\/www.radiolimari.cl\/index.php?rest_route=\/wp\/v2\/posts\/7047","targetHints":{"allow":["GET"]}}],"collection":[{"href":"https:\/\/www.radiolimari.cl\/index.php?rest_route=\/wp\/v2\/posts"}],"about":[{"href":"https:\/\/www.radiolimari.cl\/index.php?rest_route=\/wp\/v2\/types\/post"}],"author":[{"embeddable":true,"href":"https:\/\/www.radiolimari.cl\/index.php?rest_route=\/wp\/v2\/users\/2"}],"replies":[{"embeddable":true,"href":"https:\/\/www.radiolimari.cl\/index.php?rest_route=%2Fwp%2Fv2%2Fcomments&post=7047"}],"version-history":[{"count":1,"href":"https:\/\/www.radiolimari.cl\/index.php?rest_route=\/wp\/v2\/posts\/7047\/revisions"}],"predecessor-version":[{"id":7049,"href":"https:\/\/www.radiolimari.cl\/index.php?rest_route=\/wp\/v2\/posts\/7047\/revisions\/7049"}],"wp:featuredmedia":[{"embeddable":true,"href":"https:\/\/www.radiolimari.cl\/index.php?rest_route=\/wp\/v2\/media\/7048"}],"wp:attachment":[{"href":"https:\/\/www.radiolimari.cl\/index.php?rest_route=%2Fwp%2Fv2%2Fmedia&parent=7047"}],"wp:term":[{"taxonomy":"category","embeddable":true,"href":"https:\/\/www.radiolimari.cl\/index.php?rest_route=%2Fwp%2Fv2%2Fcategories&post=7047"},{"taxonomy":"post_tag","embeddable":true,"href":"https:\/\/www.radiolimari.cl\/index.php?rest_route=%2Fwp%2Fv2%2Ftags&post=7047"}],"curies":[{"name":"wp","href":"https:\/\/api.w.org\/{rel}","templated":true}]}}