{"id":7044,"date":"2022-04-04T19:53:02","date_gmt":"2022-04-04T19:53:02","guid":{"rendered":"http:\/\/www.radiolimari.cl\/?p=7044"},"modified":"2022-04-04T19:53:02","modified_gmt":"2022-04-04T19:53:02","slug":"hasta-el-20-de-abril-estaran-abiertas-las-postulaciones-a-los-programas-de-emprendimiento-del-fosis","status":"publish","type":"post","link":"https:\/\/www.radiolimari.cl\/?p=7044","title":{"rendered":"Hasta el 20 de abril estar\u00e1n abiertas las postulaciones a los programas de emprendimiento del FOSIS"},"content":{"rendered":"<p><a href=\"https:\/\/www.radiolimari.cl\/wp-content\/uploads\/2022\/04\/4.4-LANZAMIENTO-POSTULACIONES-FOSIS-2022-3-min.jpg\"><img fetchpriority=\"high\" decoding=\"async\" class=\"alignnone size-medium wp-image-7045\" src=\"https:\/\/www.radiolimari.cl\/wp-content\/uploads\/2022\/04\/4.4-LANZAMIENTO-POSTULACIONES-FOSIS-2022-3-min-300x168.jpg\" alt=\"4.4 LANZAMIENTO POSTULACIONES FOSIS 2022 (3)-min\" width=\"300\" height=\"168\" srcset=\"https:\/\/www.radiolimari.cl\/wp-content\/uploads\/2022\/04\/4.4-LANZAMIENTO-POSTULACIONES-FOSIS-2022-3-min-300x168.jpg 300w, https:\/\/www.radiolimari.cl\/wp-content\/uploads\/2022\/04\/4.4-LANZAMIENTO-POSTULACIONES-FOSIS-2022-3-min-1024x576.jpg 1024w\" sizes=\"(max-width: 300px) 100vw, 300px\" \/><\/a><\/p>\n<p><strong>El Ministerio de Desarrollo Social y Familia a trav\u00e9s del FOSIS, ya tiene habilitada la plataforma para realizar las postulaciones en el sitio web www.fosis.gob.cl con clave \u00fanica. Son m\u00e1s de 1.200 cupos para la Regi\u00f3n de Coquimbo.<\/strong><!--more--><\/p>\n<p>Alicia G\u00f3mez es vecina del sector de Las Compa\u00f1\u00edas en La Serena, y en su propio hogar comenz\u00f3 un emprendimiento de elaboraci\u00f3n y venta de dulces \u00e1rabes. Alicia particip\u00f3 en el programa Yo Emprendo en 2021 y quiso compartir su grata experiencia. \u201cMi negocio es la elaboraci\u00f3n y venta de productos \u00e1rabes, el 2021 particip\u00e9 en el programa Yo Emprendo y pude capacitarme, recib\u00ed asistencia t\u00e9cnica y un financiamiento de $500 mil que me permiti\u00f3 comprar un refrigerador para mi emprendimiento\u00bb, concluy\u00f3.<\/p>\n<p>Al respecto, el Seremi de Desarrollo Social y Familia, Eduardo Alcayaga, indic\u00f3 que \u201cson programas que van en beneficio directo de los usuarios con este tipo de emprendimientos, quienes necesitan el apoyo para seguir avanzando en su negocio, en su desarrollo familiar y es algo muy positivo. Este tipo de programas ayudan por un lado ayuda a quienes est\u00e1n inici\u00e1ndose y consolida a los que tienen alg\u00fan emprendimiento en desarrollo. Estamos muy felices de estar con la se\u00f1ora Alicia para que a trav\u00e9s ella, podamos reflejar a todos los usuarios que fueron beneficiados\u201d.<\/p>\n<p><strong>\u00bfC\u00f3mo postular?<\/strong><\/p>\n<p>Para postular, hay que ingresar a www.fosis.gob.cl con su Clave \u00danica, y luego completar un formulario simplificado y adaptado para dispositivos m\u00f3viles. Adem\u00e1s, el sitio web cuenta con un asistente virtual y se puede pedir orientaci\u00f3n enviando un mensaje al WhatsApp +569 4595 0011. Para quienes no puedan acceder a estos canales, tambi\u00e9n habr\u00e1 un tel\u00e9fono gratuito, 800 515 200. Otra opci\u00f3n para recibir orientaci\u00f3n es llamar al 51-2-207000 o al celular 981585852, ambos n\u00fameros de la oficina regional del FOSIS en La Serena.<\/p>\n<p>Por su parte, la Directora Regional de FOSIS, Loreto Molina, indic\u00f3 que \u201cen la regi\u00f3n tenemos m\u00e1s de 1200 cupos (son 29 mil a nivel nacional) tanto para personas que tienen un peque\u00f1o emprendimiento, como para aquellas que tienen una idea de negocio. Estos programas contemplan capacitaci\u00f3n, acompa\u00f1amiento y la entrega de un capital inicial, que puede llegar hasta los $650.000\u201d.<\/p>\n<p><strong>Requisitos para postular<\/strong><\/p>\n<p>Dentro de los requisitos, las personas deben ser mayores de 18 a\u00f1os; estar en el 40% m\u00e1s vulnerable seg\u00fan Registro Social de Hogares; tener c\u00e9dula de identidad vigente; residir en una comuna donde se desarrolle el programa en el que quiera participar. Adem\u00e1s, no debe haber participado en alguno de estos programas en el a\u00f1o 2021.<\/p>\n","protected":false},"excerpt":{"rendered":"<p>El Ministerio de Desarrollo Social y Familia a trav\u00e9s del FOSIS, ya tiene habilitada la plataforma para realizar las postulaciones en el sitio web www.fosis.gob.cl con clave \u00fanica. Son m\u00e1s de 1.200 cupos para la Regi\u00f3n de Coquimbo.<\/p>\n","protected":false},"author":2,"featured_media":7045,"comment_status":"open","ping_status":"open","sticky":false,"template":"","format":"standard","meta":{"footnotes":""},"categories":[6],"tags":[],"class_list":["post-7044","post","type-post","status-publish","format-standard","has-post-thumbnail","hentry","category-regionales"],"_links":{"self":[{"href":"https:\/\/www.radiolimari.cl\/index.php?rest_route=\/wp\/v2\/posts\/7044","targetHints":{"allow":["GET"]}}],"collection":[{"href":"https:\/\/www.radiolimari.cl\/index.php?rest_route=\/wp\/v2\/posts"}],"about":[{"href":"https:\/\/www.radiolimari.cl\/index.php?rest_route=\/wp\/v2\/types\/post"}],"author":[{"embeddable":true,"href":"https:\/\/www.radiolimari.cl\/index.php?rest_route=\/wp\/v2\/users\/2"}],"replies":[{"embeddable":true,"href":"https:\/\/www.radiolimari.cl\/index.php?rest_route=%2Fwp%2Fv2%2Fcomments&post=7044"}],"version-history":[{"count":1,"href":"https:\/\/www.radiolimari.cl\/index.php?rest_route=\/wp\/v2\/posts\/7044\/revisions"}],"predecessor-version":[{"id":7046,"href":"https:\/\/www.radiolimari.cl\/index.php?rest_route=\/wp\/v2\/posts\/7044\/revisions\/7046"}],"wp:featuredmedia":[{"embeddable":true,"href":"https:\/\/www.radiolimari.cl\/index.php?rest_route=\/wp\/v2\/media\/7045"}],"wp:attachment":[{"href":"https:\/\/www.radiolimari.cl\/index.php?rest_route=%2Fwp%2Fv2%2Fmedia&parent=7044"}],"wp:term":[{"taxonomy":"category","embeddable":true,"href":"https:\/\/www.radiolimari.cl\/index.php?rest_route=%2Fwp%2Fv2%2Fcategories&post=7044"},{"taxonomy":"post_tag","embeddable":true,"href":"https:\/\/www.radiolimari.cl\/index.php?rest_route=%2Fwp%2Fv2%2Ftags&post=7044"}],"curies":[{"name":"wp","href":"https:\/\/api.w.org\/{rel}","templated":true}]}}