{"id":7041,"date":"2022-04-04T19:46:01","date_gmt":"2022-04-04T19:46:01","guid":{"rendered":"http:\/\/www.radiolimari.cl\/?p=7041"},"modified":"2022-04-04T19:46:01","modified_gmt":"2022-04-04T19:46:01","slug":"delegado-presidencial-ruben-quezada-seguimos-muy-comprometidos-con-el-programa-de-gobierno","status":"publish","type":"post","link":"https:\/\/www.radiolimari.cl\/?p=7041","title":{"rendered":"Delegado Presidencial Rub\u00e9n Quezada: \u201cseguimos muy comprometidos con el programa de Gobierno\u201d"},"content":{"rendered":"<p><a href=\"https:\/\/www.radiolimari.cl\/wp-content\/uploads\/2022\/04\/gabinete-regional-2022.jpg\"><img fetchpriority=\"high\" decoding=\"async\" class=\"alignnone size-medium wp-image-7042\" src=\"https:\/\/www.radiolimari.cl\/wp-content\/uploads\/2022\/04\/gabinete-regional-2022-300x200.jpg\" alt=\"gabinete regional 2022\" width=\"300\" height=\"200\" srcset=\"https:\/\/www.radiolimari.cl\/wp-content\/uploads\/2022\/04\/gabinete-regional-2022-300x200.jpg 300w, https:\/\/www.radiolimari.cl\/wp-content\/uploads\/2022\/04\/gabinete-regional-2022.jpg 1024w\" sizes=\"(max-width: 300px) 100vw, 300px\" \/><\/a><\/p>\n<p><strong><em>Este lunes la autoridad regional encabez\u00f3 una nueva reuni\u00f3n de gabinete en la que present\u00f3 a la totalidad de su equipo de trabajo.<\/em><\/strong><!--more--><\/p>\n<p>Con la presencia de todo su gabinete, el Delegado Presidencial Regional, Rub\u00e9n Quezada, encabez\u00f3 una nueva reuni\u00f3n de trabajo para ir reforzando los lineamientos y la articulaci\u00f3n entre los diversos servicios para ejecutar el plan de Gobierno en la zona.<\/p>\n<p>&nbsp;<\/p>\n<p><strong>\u201cEstamos muy contentos y contentas de iniciar nuestro trabajo en esta segunda etapa de la instalaci\u00f3n de las carteras ministeriales. Junto a nuestros Delegados en Choapa y Limar\u00ed hemos visto que las necesidades de nuestro pueblo son variadas y requieren de este cauce institucional que le entregamos a nuestros seremis\u201d<\/strong>, dijo el Delegado Quezada.<\/p>\n<p>&nbsp;<\/p>\n<p>Un encuentro en el que tambi\u00e9n aprovech\u00f3 de presentar a las dem\u00e1s autoridades que se sumaron su equipo, tras ser anunciadas durante el pasado fin de semana. <strong>\u201cAhora estamos y seguimos en el avance de poder acercarnos a la ciudadan\u00eda, de estar cada vez m\u00e1s comprometidos con la implementaci\u00f3n del programa del Gobierno del Presidente Gabriel Boric\u201d<\/strong>, sostuvo la autoridad.<\/p>\n<p>&nbsp;<\/p>\n<p><strong>\u201cEstamos bastante ilusionados y tambi\u00e9n con mucho compromiso como equipo de generar un grupo humano que vaya a dar respuestas, sin temor, a lo que la ciudadan\u00eda ha instalado con tanta fuerza en los \u00faltimos a\u00f1os, que es mayor justicia social y dignidad para toda nuestra gente\u201d<\/strong>, acot\u00f3 el Seremi de Gobierno, Fernando Riveros, quien tambi\u00e9n remarc\u00f3 que <strong>\u201choy la comunicaci\u00f3n no s\u00f3lo debe ser formal o a trav\u00e9s de las seremis, debe haber comunicaci\u00f3n territorial con nuestras organizaciones de base, con nuestros pueblos, con nuestros trabajadores, con nuestros estudiantes, nuestros j\u00f3venes y con nuestros empresarios. Con todos ellos y ellas queremos hacer un Gobierno de mucho di\u00e1logo y de mucha comunicaci\u00f3n, pero si con transformaciones profundas al modelo que hoy tenemos en nuestro pa\u00eds\u201d<\/strong>.<\/p>\n<p>&nbsp;<\/p>\n<p>Tras la reuni\u00f3n, el Delegado Quezada, junto a los Delegados Provinciales Nataly Carvajal y Galo Luna, acompa\u00f1ados de los Seremis, se tomaron la fotograf\u00eda oficial del gabinete.<\/p>\n","protected":false},"excerpt":{"rendered":"<p>Este lunes la autoridad regional encabez\u00f3 una nueva reuni\u00f3n de gabinete en la que present\u00f3 a la totalidad de su equipo de trabajo.<\/p>\n","protected":false},"author":2,"featured_media":7042,"comment_status":"open","ping_status":"open","sticky":false,"template":"","format":"standard","meta":{"footnotes":""},"categories":[3],"tags":[],"class_list":["post-7041","post","type-post","status-publish","format-standard","has-post-thumbnail","hentry","category-actualidad"],"_links":{"self":[{"href":"https:\/\/www.radiolimari.cl\/index.php?rest_route=\/wp\/v2\/posts\/7041","targetHints":{"allow":["GET"]}}],"collection":[{"href":"https:\/\/www.radiolimari.cl\/index.php?rest_route=\/wp\/v2\/posts"}],"about":[{"href":"https:\/\/www.radiolimari.cl\/index.php?rest_route=\/wp\/v2\/types\/post"}],"author":[{"embeddable":true,"href":"https:\/\/www.radiolimari.cl\/index.php?rest_route=\/wp\/v2\/users\/2"}],"replies":[{"embeddable":true,"href":"https:\/\/www.radiolimari.cl\/index.php?rest_route=%2Fwp%2Fv2%2Fcomments&post=7041"}],"version-history":[{"count":1,"href":"https:\/\/www.radiolimari.cl\/index.php?rest_route=\/wp\/v2\/posts\/7041\/revisions"}],"predecessor-version":[{"id":7043,"href":"https:\/\/www.radiolimari.cl\/index.php?rest_route=\/wp\/v2\/posts\/7041\/revisions\/7043"}],"wp:featuredmedia":[{"embeddable":true,"href":"https:\/\/www.radiolimari.cl\/index.php?rest_route=\/wp\/v2\/media\/7042"}],"wp:attachment":[{"href":"https:\/\/www.radiolimari.cl\/index.php?rest_route=%2Fwp%2Fv2%2Fmedia&parent=7041"}],"wp:term":[{"taxonomy":"category","embeddable":true,"href":"https:\/\/www.radiolimari.cl\/index.php?rest_route=%2Fwp%2Fv2%2Fcategories&post=7041"},{"taxonomy":"post_tag","embeddable":true,"href":"https:\/\/www.radiolimari.cl\/index.php?rest_route=%2Fwp%2Fv2%2Ftags&post=7041"}],"curies":[{"name":"wp","href":"https:\/\/api.w.org\/{rel}","templated":true}]}}