{"id":7034,"date":"2022-03-31T15:00:04","date_gmt":"2022-03-31T15:00:04","guid":{"rendered":"http:\/\/www.radiolimari.cl\/?p=7034"},"modified":"2022-03-31T15:00:04","modified_gmt":"2022-03-31T15:00:04","slug":"gobierno-pone-enfasis-en-la-recuperacion-del-empleo-regional","status":"publish","type":"post","link":"https:\/\/www.radiolimari.cl\/?p=7034","title":{"rendered":"Gobierno pone \u00e9nfasis en la recuperaci\u00f3n del empleo regional"},"content":{"rendered":"<p><a href=\"https:\/\/www.radiolimari.cl\/wp-content\/uploads\/2022\/03\/31.3-Empleo-01-022.jpeg\"><img fetchpriority=\"high\" decoding=\"async\" class=\"alignnone size-medium wp-image-7035\" src=\"https:\/\/www.radiolimari.cl\/wp-content\/uploads\/2022\/03\/31.3-Empleo-01-022-300x225.jpeg\" alt=\"31.3 Empleo 01-022\" width=\"300\" height=\"225\" srcset=\"https:\/\/www.radiolimari.cl\/wp-content\/uploads\/2022\/03\/31.3-Empleo-01-022-300x225.jpeg 300w, https:\/\/www.radiolimari.cl\/wp-content\/uploads\/2022\/03\/31.3-Empleo-01-022-1024x768.jpeg 1024w, https:\/\/www.radiolimari.cl\/wp-content\/uploads\/2022\/03\/31.3-Empleo-01-022.jpeg 1280w\" sizes=\"(max-width: 300px) 100vw, 300px\" \/><\/a><\/p>\n<p><strong><em>La regi\u00f3n de Coquimbo contin\u00faa como la zona con mayor desempleo del pa\u00eds.<\/em><\/strong><\/p>\n<p><!--more--><\/p>\n<p>Un 9,0% marc\u00f3 la Tasa de Desocupaci\u00f3n regional en el trimestre diciembre 2021- febrero 2022, registrando un descenso anual de 1,8 puntos porcentuales.<\/p>\n<p>Seg\u00fan el informe emitido por el Instituto Nacional de Estad\u00edsticas (INE) el n\u00famero de ocupados aument\u00f3 un 1,7% con 5.680 personas ocupadas m\u00e1s en un a\u00f1o, siendo \u00e9ste el d\u00e9cimo aumento consecutivo. Mientras que los Desocupados descendieron 16,3% concretando ya un a\u00f1o de descensos consecutivos.<\/p>\n<p>Sin embargo, la regi\u00f3n volvi\u00f3 a ser la zona con mayor desempleo en el pa\u00eds seguido de las regiones Metropolitana (8,5%) y Tarapac\u00e1 (8,4%).<\/p>\n<p>Al respecto el Delegado Presidencial Regional, Rub\u00e9n Quezada, coment\u00f3 que \u201ces un desaf\u00edo importante el mejorar est\u00e1s cifras de desempleo en la regi\u00f3n, principalmente en el empleo femenino que es uno de los sectores m\u00e1s afectados por las consecuencias negativas que ha dejado la pandemia en materia laboral. Claramente como Gobierno nos hemos puesto como objetivos avanzar en iniciativas que favorezcan a los trabajadores, con medidas de corto y mediano plazo, con la finalidad de mejorar los empleos, ambientes laborales y la calidad de vida de los trabajadores y trabajadoras\u201d.<\/p>\n<p>En este sentido la autoridad regional enfatiz\u00f3 en las prioridades del Gobierno en materia de empleo y seguridad social como la reforma al sistema de pensiones, la reducci\u00f3n de la jornada laboral a 40 horas y el aumento gradual del salario m\u00ednimo a $500.000 al final del per\u00edodo y dijo que \u201ces importante avanzar siempre priorizando el di\u00e1logo y los acuerdos, aplicando la gradualidad en su implementaci\u00f3n y por sobre todo escuchando las opiniones tanto de los trabajadores como de los grupos de empleadores\u201d.<\/p>\n<p>A nivel regional las actividades econ\u00f3micas que m\u00e1s aportaron a la creaci\u00f3n de nuevos puestos de trabajo, en el periodo de medici\u00f3n, son Miner\u00eda y Comerci\u00f3. Este \u00faltimo anot\u00f3 un repunte anual de un 13% con m\u00e1s de 8.500 nuevos puestos de trabajo.<\/p>\n<p>Mientras que respecto a la categor\u00eda ocupacional los trabajadores por cuenta propia presentaron un descenso de un -6,0%, luego de tres aumentos consecutivos.<\/p>\n<p>&nbsp;<\/p>\n<p>&nbsp;<\/p>\n<p>&nbsp;<\/p>\n","protected":false},"excerpt":{"rendered":"<p>La regi\u00f3n de Coquimbo contin\u00faa como la zona con mayor desempleo del pa\u00eds.<\/p>\n","protected":false},"author":2,"featured_media":7035,"comment_status":"open","ping_status":"open","sticky":false,"template":"","format":"standard","meta":{"footnotes":""},"categories":[6],"tags":[],"class_list":["post-7034","post","type-post","status-publish","format-standard","has-post-thumbnail","hentry","category-regionales"],"_links":{"self":[{"href":"https:\/\/www.radiolimari.cl\/index.php?rest_route=\/wp\/v2\/posts\/7034","targetHints":{"allow":["GET"]}}],"collection":[{"href":"https:\/\/www.radiolimari.cl\/index.php?rest_route=\/wp\/v2\/posts"}],"about":[{"href":"https:\/\/www.radiolimari.cl\/index.php?rest_route=\/wp\/v2\/types\/post"}],"author":[{"embeddable":true,"href":"https:\/\/www.radiolimari.cl\/index.php?rest_route=\/wp\/v2\/users\/2"}],"replies":[{"embeddable":true,"href":"https:\/\/www.radiolimari.cl\/index.php?rest_route=%2Fwp%2Fv2%2Fcomments&post=7034"}],"version-history":[{"count":1,"href":"https:\/\/www.radiolimari.cl\/index.php?rest_route=\/wp\/v2\/posts\/7034\/revisions"}],"predecessor-version":[{"id":7036,"href":"https:\/\/www.radiolimari.cl\/index.php?rest_route=\/wp\/v2\/posts\/7034\/revisions\/7036"}],"wp:featuredmedia":[{"embeddable":true,"href":"https:\/\/www.radiolimari.cl\/index.php?rest_route=\/wp\/v2\/media\/7035"}],"wp:attachment":[{"href":"https:\/\/www.radiolimari.cl\/index.php?rest_route=%2Fwp%2Fv2%2Fmedia&parent=7034"}],"wp:term":[{"taxonomy":"category","embeddable":true,"href":"https:\/\/www.radiolimari.cl\/index.php?rest_route=%2Fwp%2Fv2%2Fcategories&post=7034"},{"taxonomy":"post_tag","embeddable":true,"href":"https:\/\/www.radiolimari.cl\/index.php?rest_route=%2Fwp%2Fv2%2Ftags&post=7034"}],"curies":[{"name":"wp","href":"https:\/\/api.w.org\/{rel}","templated":true}]}}