{"id":7031,"date":"2022-03-29T14:50:16","date_gmt":"2022-03-29T14:50:16","guid":{"rendered":"http:\/\/www.radiolimari.cl\/?p=7031"},"modified":"2022-03-29T14:50:16","modified_gmt":"2022-03-29T14:50:16","slug":"en-illapel-emblematico-club-deportivo-recibe-fondo-social-presidente-de-la-republica","status":"publish","type":"post","link":"https:\/\/www.radiolimari.cl\/?p=7031","title":{"rendered":"En Illapel emblem\u00e1tico Club Deportivo  recibe Fondo Social Presidente de la Rep\u00fablica"},"content":{"rendered":"<p><a href=\"https:\/\/www.radiolimari.cl\/wp-content\/uploads\/2022\/03\/29.3-FSPR-FOTO.jpg\"><img fetchpriority=\"high\" decoding=\"async\" class=\"alignnone size-medium wp-image-7032\" src=\"https:\/\/www.radiolimari.cl\/wp-content\/uploads\/2022\/03\/29.3-FSPR-FOTO-300x200.jpg\" alt=\"29.3 FSPR FOTO\" width=\"300\" height=\"200\" srcset=\"https:\/\/www.radiolimari.cl\/wp-content\/uploads\/2022\/03\/29.3-FSPR-FOTO-300x200.jpg 300w, https:\/\/www.radiolimari.cl\/wp-content\/uploads\/2022\/03\/29.3-FSPR-FOTO-1024x682.jpg 1024w\" sizes=\"(max-width: 300px) 100vw, 300px\" \/><\/a><\/p>\n<p><strong><em>Ad portas de cumplir 49 a\u00f1os de vida, el equipo \u00abMuchachos de Antes\u00bb recepcion\u00f3 el cheque por un mill\u00f3n de pesos para la compra de implementaci\u00f3n deportiva<\/em><\/strong><!--more--><\/p>\n<p>Como un verdadero regalo de cumplea\u00f1os adelantado calificaron los dirigentes del club deportivo \u201cMuchachos de Antes\u201d de la comuna de Illapel, la recepci\u00f3n del cheque perteneciente al fondo social presidente de la rep\u00fablica por un monto de un mill\u00f3n de pesos, dineros que se destinar\u00e1n para la compra de implementaci\u00f3n deportiva y para la celebraci\u00f3n de sus 49 a\u00f1os de vida, evento que esperan realizar el pr\u00f3ximo 21 de mayo.<\/p>\n<p>Willy Ordenes, presidente del emblem\u00e1tico equipo illapelino, que ha sido uno de los mayores ganadores del campeonato del Canal Laboral de la capital provincial, se refiri\u00f3 a la importancia de recibir este fondo social <strong>\u201cEste mill\u00f3n de pesos lo tenemos destinado para la compra de indumentaria a los jugadores, que es lo que nos pidieron, adem\u00e1s vamos a celebrar nuestro aniversario el pr\u00f3ximo 21 de mayo y como logros deportivos tenemos un promedio de alrededor de 20 copas en trayecto que llevamos jugando, desde el a\u00f1o 73\u201d.<\/strong><strong>\u00a0<\/strong><\/p>\n<p>En tanto la Delegada Presidencial de Choapa, Nataly Carvajal, se mostr\u00f3 muy contenta de apoyar la actividad deportiva en la provincia. <strong>\u201cEstamos muy orgullosos de poder hacer entrega de este cheque que sabemos que lo van a utilizar de la mejor forma, ya que el deporte y los espacios culturales son una tremenda herramienta para luchar contra la delincuencia y por supuesto, mejorar la salud mental de los vecinos y vecinas del Choapa que producto de la pandemia se ha visto bastante afectada, feliz de poder hacer entrega de estos dineros a esta instituci\u00f3n a sus 49 a\u00f1os, y desde ya, esta delegaci\u00f3n tiene las puertas completamente abiertas para poder apoyar el deporte como lo ha mandatado nuestro presidente Gabriel Boric Font\u201d.<\/strong><strong>\u00a0<\/strong><\/p>\n<p>El Fondo Social Presidente de la Rep\u00fablica contribuye directamente a potenciar organizaciones territoriales, adem\u00e1s de otras instituciones sin fines de lucro, construyendo y aumentando el tejido social, potenciando la participaci\u00f3n ciudadana y contribuyendo a la vulnerabilidad social de una comunidad o territorio determinado. Al mismo tiempo, y al apoyar el financiamiento de proyectos de car\u00e1cter social, contribuye en complementar las pol\u00edticas de inversi\u00f3n social del Estado.<\/p>\n","protected":false},"excerpt":{"rendered":"<p>Ad portas de cumplir 49 a\u00f1os de vida, el equipo \u00abMuchachos de Antes\u00bb recepcion\u00f3 el cheque por un mill\u00f3n de pesos para la compra de implementaci\u00f3n deportiva<\/p>\n","protected":false},"author":2,"featured_media":7032,"comment_status":"open","ping_status":"open","sticky":false,"template":"","format":"standard","meta":{"footnotes":""},"categories":[3],"tags":[],"class_list":["post-7031","post","type-post","status-publish","format-standard","has-post-thumbnail","hentry","category-actualidad"],"_links":{"self":[{"href":"https:\/\/www.radiolimari.cl\/index.php?rest_route=\/wp\/v2\/posts\/7031","targetHints":{"allow":["GET"]}}],"collection":[{"href":"https:\/\/www.radiolimari.cl\/index.php?rest_route=\/wp\/v2\/posts"}],"about":[{"href":"https:\/\/www.radiolimari.cl\/index.php?rest_route=\/wp\/v2\/types\/post"}],"author":[{"embeddable":true,"href":"https:\/\/www.radiolimari.cl\/index.php?rest_route=\/wp\/v2\/users\/2"}],"replies":[{"embeddable":true,"href":"https:\/\/www.radiolimari.cl\/index.php?rest_route=%2Fwp%2Fv2%2Fcomments&post=7031"}],"version-history":[{"count":1,"href":"https:\/\/www.radiolimari.cl\/index.php?rest_route=\/wp\/v2\/posts\/7031\/revisions"}],"predecessor-version":[{"id":7033,"href":"https:\/\/www.radiolimari.cl\/index.php?rest_route=\/wp\/v2\/posts\/7031\/revisions\/7033"}],"wp:featuredmedia":[{"embeddable":true,"href":"https:\/\/www.radiolimari.cl\/index.php?rest_route=\/wp\/v2\/media\/7032"}],"wp:attachment":[{"href":"https:\/\/www.radiolimari.cl\/index.php?rest_route=%2Fwp%2Fv2%2Fmedia&parent=7031"}],"wp:term":[{"taxonomy":"category","embeddable":true,"href":"https:\/\/www.radiolimari.cl\/index.php?rest_route=%2Fwp%2Fv2%2Fcategories&post=7031"},{"taxonomy":"post_tag","embeddable":true,"href":"https:\/\/www.radiolimari.cl\/index.php?rest_route=%2Fwp%2Fv2%2Ftags&post=7031"}],"curies":[{"name":"wp","href":"https:\/\/api.w.org\/{rel}","templated":true}]}}