{"id":7028,"date":"2022-03-29T13:34:54","date_gmt":"2022-03-29T13:34:54","guid":{"rendered":"http:\/\/www.radiolimari.cl\/?p=7028"},"modified":"2022-03-29T13:34:54","modified_gmt":"2022-03-29T13:34:54","slug":"en-la-comuna-de-monte-patria-detectives-de-la-pdi-eliminan-cultivos-de-cannabis-en-sector-de-rapel","status":"publish","type":"post","link":"https:\/\/www.radiolimari.cl\/?p=7028","title":{"rendered":"En la comuna de Monte Patria detectives de la PDI eliminan cultivos de cannabis en sector de Rapel"},"content":{"rendered":"<p><a href=\"https:\/\/www.radiolimari.cl\/wp-content\/uploads\/2022\/03\/29.3-cannabis-RAPEL.jpeg\"><img fetchpriority=\"high\" decoding=\"async\" class=\"alignnone size-medium wp-image-7029\" src=\"https:\/\/www.radiolimari.cl\/wp-content\/uploads\/2022\/03\/29.3-cannabis-RAPEL-225x300.jpeg\" alt=\"29.3 cannabis RAPEL\" width=\"225\" height=\"300\" srcset=\"https:\/\/www.radiolimari.cl\/wp-content\/uploads\/2022\/03\/29.3-cannabis-RAPEL-225x300.jpeg 225w, https:\/\/www.radiolimari.cl\/wp-content\/uploads\/2022\/03\/29.3-cannabis-RAPEL-768x1024.jpeg 768w, https:\/\/www.radiolimari.cl\/wp-content\/uploads\/2022\/03\/29.3-cannabis-RAPEL.jpeg 1200w\" sizes=\"(max-width: 225px) 100vw, 225px\" \/><\/a><\/p>\n<p>Personal de la Brigada de Investigaci\u00f3n Criminal Ovalle realiz\u00f3 las indagatorias que permitieron detectar la plantaci\u00f3n ilegal que manten\u00eda para su regad\u00edo, agua de una vertiente que fue desviada de su cauce natural.<!--more--><\/p>\n<p>Los detectives lograron establecer donde se encontraba la plantaci\u00f3n ilegal, en una quebrada del sector de Rapel, al interior de la comuna de Monte Patria. En coordinaci\u00f3n con la fiscal\u00eda de Ovalle, se desarroll\u00f3 el procedimiento, despu\u00e9s de caminar durante 3 horas.<\/p>\n<p>El an\u00e1lisis de la informaci\u00f3n y denuncias oportunas que recibi\u00f3 la polic\u00eda civil, sobre algunos sujetos sospechosos que deambulaban en este sector rural, fueron oportunas y significativas para el trabajo de la Brigada de Investigaci\u00f3n Criminal Ovalle que pudo realizar su labor de inteligencia policial, con resultados, a 7 kil\u00f3metros del poblado principal.<\/p>\n<p><strong><em>\u201cEn definitiva, 500 plantas vivas del g\u00e9nero cannabis fueron detectadas y erradicadas por el personal de esta unidad. El tama\u00f1o de estos ejemplares fluctuaba entre 40 y 220 cent\u00edmetros de altura. Durante el procedimiento, entregamos los antecedentes al fiscal que solicit\u00f3 la autorizaci\u00f3n del tribunal para realizar la incineraci\u00f3n de las plantas, en el mismo lugar\u201d,<\/em><\/strong> se\u00f1al\u00f3 el Subprefecto Javier Rodr\u00edguez, jefe de la Brigada de Investigaci\u00f3n Criminal Ovalle.<\/p>\n<p>El juzgado de Garant\u00eda, autoriz\u00f3 la quema de las plantas en la misma zona del cultivo. <strong><em>\u201cEn el terreno, tambi\u00e9n pudimos establecer que, en la plantaci\u00f3n, se aprovechaba el agua que llegaba tras la desviaci\u00f3n del cauce natural que emana de una vertiente, en el sector de Rapel, lo que tambi\u00e9n afecta a las comunidades de la localidad\u201d, <\/em><\/strong>se\u00f1al\u00f3 el subprefecto Rodr\u00edguez.<\/p>\n<p>Las 500 plantas de cannabis al ser extra\u00eddas e incineradas por la PDI, representan alrededor de 250.000 dosis que no llegar\u00e1n a su destino y las p\u00e9rdidas para los responsables de este cultivo ilegal se avaluaron, t\u00e9cnicamente, en unos 1.250 millones de pesos.<\/p>\n","protected":false},"excerpt":{"rendered":"<p>Personal de la Brigada de Investigaci\u00f3n Criminal Ovalle realiz\u00f3 las indagatorias que permitieron detectar la plantaci\u00f3n ilegal que manten\u00eda para su regad\u00edo, agua de una vertiente que fue desviada de su cauce natural.<\/p>\n","protected":false},"author":2,"featured_media":7029,"comment_status":"open","ping_status":"open","sticky":false,"template":"","format":"standard","meta":{"footnotes":""},"categories":[3],"tags":[],"class_list":["post-7028","post","type-post","status-publish","format-standard","has-post-thumbnail","hentry","category-actualidad"],"_links":{"self":[{"href":"https:\/\/www.radiolimari.cl\/index.php?rest_route=\/wp\/v2\/posts\/7028","targetHints":{"allow":["GET"]}}],"collection":[{"href":"https:\/\/www.radiolimari.cl\/index.php?rest_route=\/wp\/v2\/posts"}],"about":[{"href":"https:\/\/www.radiolimari.cl\/index.php?rest_route=\/wp\/v2\/types\/post"}],"author":[{"embeddable":true,"href":"https:\/\/www.radiolimari.cl\/index.php?rest_route=\/wp\/v2\/users\/2"}],"replies":[{"embeddable":true,"href":"https:\/\/www.radiolimari.cl\/index.php?rest_route=%2Fwp%2Fv2%2Fcomments&post=7028"}],"version-history":[{"count":1,"href":"https:\/\/www.radiolimari.cl\/index.php?rest_route=\/wp\/v2\/posts\/7028\/revisions"}],"predecessor-version":[{"id":7030,"href":"https:\/\/www.radiolimari.cl\/index.php?rest_route=\/wp\/v2\/posts\/7028\/revisions\/7030"}],"wp:featuredmedia":[{"embeddable":true,"href":"https:\/\/www.radiolimari.cl\/index.php?rest_route=\/wp\/v2\/media\/7029"}],"wp:attachment":[{"href":"https:\/\/www.radiolimari.cl\/index.php?rest_route=%2Fwp%2Fv2%2Fmedia&parent=7028"}],"wp:term":[{"taxonomy":"category","embeddable":true,"href":"https:\/\/www.radiolimari.cl\/index.php?rest_route=%2Fwp%2Fv2%2Fcategories&post=7028"},{"taxonomy":"post_tag","embeddable":true,"href":"https:\/\/www.radiolimari.cl\/index.php?rest_route=%2Fwp%2Fv2%2Ftags&post=7028"}],"curies":[{"name":"wp","href":"https:\/\/api.w.org\/{rel}","templated":true}]}}