{"id":7025,"date":"2022-03-29T13:20:28","date_gmt":"2022-03-29T13:20:28","guid":{"rendered":"http:\/\/www.radiolimari.cl\/?p=7025"},"modified":"2022-03-29T13:20:28","modified_gmt":"2022-03-29T13:20:28","slug":"senador-walker-y-autoridades-de-la-region-piden-a-obras-publicas-retomar-inversiones-paralizadas-en-todas-las-comunas","status":"publish","type":"post","link":"https:\/\/www.radiolimari.cl\/?p=7025","title":{"rendered":"Senador Walker y autoridades de la regi\u00f3n piden a Obras P\u00fablicas retomar inversiones paralizadas en todas las comunas"},"content":{"rendered":"<p><a href=\"https:\/\/www.radiolimari.cl\/wp-content\/uploads\/2022\/03\/29.3-Walker-MOP-2.jpeg\"><img fetchpriority=\"high\" decoding=\"async\" class=\"alignnone size-medium wp-image-7026\" src=\"https:\/\/www.radiolimari.cl\/wp-content\/uploads\/2022\/03\/29.3-Walker-MOP-2-300x224.jpeg\" alt=\"29.3 Walker MOP 2\" width=\"300\" height=\"224\" srcset=\"https:\/\/www.radiolimari.cl\/wp-content\/uploads\/2022\/03\/29.3-Walker-MOP-2-300x224.jpeg 300w, https:\/\/www.radiolimari.cl\/wp-content\/uploads\/2022\/03\/29.3-Walker-MOP-2.jpeg 1015w\" sizes=\"(max-width: 300px) 100vw, 300px\" \/><\/a><\/p>\n<p><em>Las plantas desaladoras, el t\u00fanel de Agua Negra, el mejoramiento de la ruta a Vicu\u00f1a, la ruta 5, pavimentaci\u00f3n de caminos b\u00e1sicos rurales y el re impulso al programa de caletas pesqueras fueron parte de los proyectos analizados<\/em><!--more--><\/p>\n<p>\u201cRecuperar el tiempo perdido respecto de las grandes obras de la Regi\u00f3n de Coquimbo que quedaron paralizadas durante el gobierno anterior. Esa fue la principal solicitud que hizo el Senador Mat\u00edas Walker al Ministro de Obras P\u00fablicas, Juan Carlos Garcia, en una reuni\u00f3n de trabajo en compa\u00f1\u00eda del Consejero Regional y presidente de la comisi\u00f3n de ordenamiento territorial, Wladimir Pleticosic, y el Alcalde de Coquimbo, Ali Manouchehri.<\/p>\n<p>El Senador Mat\u00edas Walker explic\u00f3 que entre las obras que pidieron reactivar en la regi\u00f3n estuvieron las plantas desaladoras, el t\u00fanel de Agua Negra, el mejoramiento de la ruta a Vicu\u00f1a, la ruta 5, la costanera, el acceso al Puerto de Coquimbo, el puerto seco en Pan de Azucar, la pavimentaci\u00f3n de caminos b\u00e1sicos rurales y el reimpulso al programa de caletas pesqueras, entre otras.<\/p>\n<p>Consultado por la respuesta del ministro acerca de las plantas desaladoras, el senador Mat\u00edas Walker se\u00f1al\u00f3 que \u201c\u00e9l entiende que las plantas desaladoras son una prioridad, que tiene que haber un ordenamiento desde el Estado, pero tenemos que recuperar el tiempo perdido, porque entre tr\u00e1mites ambientales, los permisos de la armada, podemos dilatar cuatro a\u00f1os m\u00e1s ese proyecto si es que no actuamos con decisi\u00f3n y en forma expedita\u201d.<\/p>\n<p>Adem\u00e1s, respecto al Tranv\u00eda, se\u00f1al\u00f3 que \u201ctodo lo que dice relaci\u00f3n con el transporte sostenible, la electro movilidad, va a ser una prioridad para este gobierno y es ah\u00ed donde esperamos darle un impulso muy importante al proyecto del tranv\u00eda, donde es fundamental el concurso de los municipios\u201d.<\/p>\n<p>El Consejero Regional y presidente de la comisi\u00f3n de ordenamiento territorial del Core, Wladimir Pleticosic plante\u00f3 que \u201cdesde el Consejo Regional pudimos poner los temas importantes de la regi\u00f3n. El mejoramiento de la ruta 41 como v\u00eda estructurante es muy importante para los desaf\u00edos del proyecto binacional Agua Negra, la ampliaci\u00f3n del Puerto de Coquimbo, tambi\u00e9n todo lo que se avanzado con las caletas pesqueras rurales en la regi\u00f3n, que se seguir\u00e1, haciendo las inversiones, las obras y trabajos para poder desarrollar el borde costero. Se est\u00e1 generando una coordinaci\u00f3n de las autoridades Y eso es lo que pide la comunidad\u201d.<\/p>\n<p>En tanto el Alcalde de Coquimbo, Ali Manouchehri agradeci\u00f3 \u201cal Senador y al Ministro la oportunidad de conversar acerca de los grandes desaf\u00edos que tiene la comuna y la regi\u00f3n, particularmente el tema del tranv\u00eda, las plantas desaladoras, lo que hablamos cuando nos referimos a la congesti\u00f3n vehicular qu\u00e9 est\u00e1 afectando en la comuna. Esta es una oportunidad muy valiosa, pretendemos seguir en mesas de trabajo, esperamos que se definan pronto las seremias para ya sentarnos a trabajar en estos grandes desaf\u00edos\u201d.<\/p>\n<p>El Ministro de Obras Publicas, Juan Carlos Garc\u00eda, a trav\u00e9s de su cuenta de twitter calific\u00f3 como buena reuni\u00f3n de coordinaci\u00f3n la sostenida con el senador Walker, el alcalde de Coquimbo y el representante del Core. \u201cAnalizamos los grandes proyectos pendientes de la Regi\u00f3n. Construiremos mejores comunidades en conjunto con las autoridades locales\u201d, escribi\u00f3 el Ministro<\/p>\n<p>Finalmente el Senador Mat\u00edas Walker destac\u00f3 la acogida del Ministro de Obras P\u00fablicas. \u201cSon proyectos muy importantes que vamos a trabajar en conjunto con todos los alcaldes, con todos los parlamentarios, con la Gobernadora Regional que tiene un rol muy importante en esto, y, por supuesto, con nuestro nuevo Delegado Presidencial; y esperamos que prontamente se nombren a los Seremis, especialmente el de Obras P\u00fablicas, para darle continuidad a todas estas reuniones de trabajo.<\/p>\n","protected":false},"excerpt":{"rendered":"<p>Las plantas desaladoras, el t\u00fanel de Agua Negra, el mejoramiento de la ruta a Vicu\u00f1a, la ruta 5, pavimentaci\u00f3n de caminos b\u00e1sicos rurales y el re impulso al programa de caletas pesqueras fueron parte de los proyectos analizados<\/p>\n","protected":false},"author":2,"featured_media":7026,"comment_status":"open","ping_status":"open","sticky":false,"template":"","format":"standard","meta":{"footnotes":""},"categories":[6],"tags":[],"class_list":["post-7025","post","type-post","status-publish","format-standard","has-post-thumbnail","hentry","category-regionales"],"_links":{"self":[{"href":"https:\/\/www.radiolimari.cl\/index.php?rest_route=\/wp\/v2\/posts\/7025","targetHints":{"allow":["GET"]}}],"collection":[{"href":"https:\/\/www.radiolimari.cl\/index.php?rest_route=\/wp\/v2\/posts"}],"about":[{"href":"https:\/\/www.radiolimari.cl\/index.php?rest_route=\/wp\/v2\/types\/post"}],"author":[{"embeddable":true,"href":"https:\/\/www.radiolimari.cl\/index.php?rest_route=\/wp\/v2\/users\/2"}],"replies":[{"embeddable":true,"href":"https:\/\/www.radiolimari.cl\/index.php?rest_route=%2Fwp%2Fv2%2Fcomments&post=7025"}],"version-history":[{"count":1,"href":"https:\/\/www.radiolimari.cl\/index.php?rest_route=\/wp\/v2\/posts\/7025\/revisions"}],"predecessor-version":[{"id":7027,"href":"https:\/\/www.radiolimari.cl\/index.php?rest_route=\/wp\/v2\/posts\/7025\/revisions\/7027"}],"wp:featuredmedia":[{"embeddable":true,"href":"https:\/\/www.radiolimari.cl\/index.php?rest_route=\/wp\/v2\/media\/7026"}],"wp:attachment":[{"href":"https:\/\/www.radiolimari.cl\/index.php?rest_route=%2Fwp%2Fv2%2Fmedia&parent=7025"}],"wp:term":[{"taxonomy":"category","embeddable":true,"href":"https:\/\/www.radiolimari.cl\/index.php?rest_route=%2Fwp%2Fv2%2Fcategories&post=7025"},{"taxonomy":"post_tag","embeddable":true,"href":"https:\/\/www.radiolimari.cl\/index.php?rest_route=%2Fwp%2Fv2%2Ftags&post=7025"}],"curies":[{"name":"wp","href":"https:\/\/api.w.org\/{rel}","templated":true}]}}