{"id":7019,"date":"2022-03-28T16:52:56","date_gmt":"2022-03-28T16:52:56","guid":{"rendered":"http:\/\/www.radiolimari.cl\/?p=7019"},"modified":"2022-03-28T16:52:56","modified_gmt":"2022-03-28T16:52:56","slug":"se-abrio-el-proceso-de-licitacion-del-nuevo-edificio-para-el-municipio-de-ovalle","status":"publish","type":"post","link":"https:\/\/www.radiolimari.cl\/?p=7019","title":{"rendered":"Se abri\u00f3 el proceso de licitaci\u00f3n del nuevo edificio para el Municipio de Ovalle"},"content":{"rendered":"<p><a href=\"https:\/\/www.radiolimari.cl\/wp-content\/uploads\/2022\/03\/Edificio-Consistorial-de-Ovalle-nuevo.jpeg\"><img fetchpriority=\"high\" decoding=\"async\" class=\"alignnone size-medium wp-image-7020\" src=\"https:\/\/www.radiolimari.cl\/wp-content\/uploads\/2022\/03\/Edificio-Consistorial-de-Ovalle-nuevo-300x168.jpeg\" alt=\"Edificio Consistorial de Ovalle nuevo\" width=\"300\" height=\"168\" srcset=\"https:\/\/www.radiolimari.cl\/wp-content\/uploads\/2022\/03\/Edificio-Consistorial-de-Ovalle-nuevo-300x168.jpeg 300w, https:\/\/www.radiolimari.cl\/wp-content\/uploads\/2022\/03\/Edificio-Consistorial-de-Ovalle-nuevo-1024x576.jpeg 1024w, https:\/\/www.radiolimari.cl\/wp-content\/uploads\/2022\/03\/Edificio-Consistorial-de-Ovalle-nuevo.jpeg 1280w\" sizes=\"(max-width: 300px) 100vw, 300px\" \/><\/a><\/p>\n<p><strong><em>Durante 45 d\u00edas estar\u00e1 disponible la propuesta, para que las empresas constructoras del pa\u00eds conozcan el detalle del proyecto y puedan postular y ejecutar las obras f\u00edsicas de esta mega estructura. De acuerdo a los plazos estipulados, la adjudicaci\u00f3n se realizar\u00eda en septiembre pr\u00f3ximo y los trabajos de edificaci\u00f3n tendr\u00edan una duraci\u00f3n de 30 meses. <\/em><\/strong><!--more--><\/p>\n<p>Un paso importante dio la pr\u00f3xima construcci\u00f3n del Edificio Consistorial de Ovalle, luego de que el pasado 25 de marzo se publicara la apertura del proceso de licitaci\u00f3n p\u00fablica, el cual tendr\u00e1 una duraci\u00f3n de 45 d\u00edas. Tras este periodo conoceremos a la empresa constructora que se encargar\u00e1 de las obras f\u00edsicas de este megaproyecto, que tendr\u00e1n una duraci\u00f3n de 30 meses.<\/p>\n<p>El proyecto, que cuenta con una inversi\u00f3n de 21.500 millones de pesos, se materializar\u00e1 gracias a la gesti\u00f3n que realiz\u00f3 el municipio de Ovalle y el financiamiento de la SUBDERE, que alcanz\u00f3 los 12.900 millones de pesos y del Gobierno Regional que aport\u00f3 8.600 millones de pesos. De esta forma, se construir\u00e1 una moderna y amplia estructura que permitir\u00e1 darle mayor comodidad, en primer t\u00e9rmino, a los usuarios locales, pero tambi\u00e9n significar\u00e1 un mejoramiento en las condiciones de trabajo de los funcionarios municipales.<\/p>\n<p>\u201cEstamos muy contentos que hayamos dado este importante paso en este proyecto tan importante para la comuna. Ya tenemos la certificaci\u00f3n de los recursos del GORE y de la SUBDERE y esperamos que los plazos estipulados se cumplan y podamos tener el nuevo edificio lo m\u00e1s pronto posible, puesto que nos dar\u00e1 la posibilidad de tener todas las oficinas municipales concentradas en un solo lugar, lo que evitar\u00e1 que los vecinos recorran largas distancias, para realizar sus tr\u00e1mites\u201d indic\u00f3 el alcalde de Ovalle, Claudio Renter\u00eda.<\/p>\n<p><strong>\u00a0<\/strong><\/p>\n<p><strong>Detalles del nuevo Edificio Consistorial de Ovalle <\/strong><\/p>\n<p>La iniciativa contempla la reutilizaci\u00f3n del edificio principal y de las dependencias que, actualmente, alberga al departamento de Educaci\u00f3n Municipal y el recinto donde se encuentra la Direcci\u00f3n de Obras Municipales por el sector de calle Victoria. Estas antiguas construcciones ser\u00e1n intervenidas con trabajos de mejoramiento y remodelaci\u00f3n.<\/p>\n<p>Se construir\u00e1 un edificio de 7 pisos habilitado para un total de 650 funcionarios municipales, lo que se traduce en una intervenci\u00f3n de 14.130 metros cuadrados. La mayor inversi\u00f3n se realizar\u00e1 en el terreno municipal aleda\u00f1o que considera la demolici\u00f3n del actual Sal\u00f3n Audit\u00f3rium Municipal, bodegas de archivo y parte del inmueble de la ex escuela N\u00ba2, para construir un nuevo edificio corporativo que consta de dos vol\u00famenes principales, con estacionamientos a nivel de subsuelo.<\/p>\n<p>Esta obra incluye el mejoramiento y construcci\u00f3n de oficinas, recintos complementarios como sala de reuni\u00f3n, sala de espera, oficina de atenci\u00f3n a p\u00fablico, m\u00f3dulos de atenci\u00f3n, hall de acceso, nuevo sal\u00f3n auditorio con camarines, sala de sesiones, servicios higi\u00e9nicos p\u00fablicos, subsuelo de estacionamientos, sala de archivos, bodegas, entre otros. Adem\u00e1s, se considera la adquisici\u00f3n de los equipamientos y ascensores.<\/p>\n<p>&nbsp;<\/p>\n<p>&nbsp;<\/p>\n","protected":false},"excerpt":{"rendered":"<p>Durante 45 d\u00edas estar\u00e1 disponible la propuesta, para que las empresas constructoras del pa\u00eds conozcan el detalle del proyecto y puedan postular y ejecutar las obras f\u00edsicas de esta mega estructura. De acuerdo a los plazos estipulados, la adjudicaci\u00f3n se realizar\u00eda en septiembre pr\u00f3ximo y los trabajos de edificaci\u00f3n tendr\u00edan una duraci\u00f3n de 30 meses.<\/p>\n","protected":false},"author":2,"featured_media":7020,"comment_status":"open","ping_status":"open","sticky":false,"template":"","format":"standard","meta":{"footnotes":""},"categories":[5],"tags":[],"class_list":["post-7019","post","type-post","status-publish","format-standard","has-post-thumbnail","hentry","category-actualidad-limarina"],"_links":{"self":[{"href":"https:\/\/www.radiolimari.cl\/index.php?rest_route=\/wp\/v2\/posts\/7019","targetHints":{"allow":["GET"]}}],"collection":[{"href":"https:\/\/www.radiolimari.cl\/index.php?rest_route=\/wp\/v2\/posts"}],"about":[{"href":"https:\/\/www.radiolimari.cl\/index.php?rest_route=\/wp\/v2\/types\/post"}],"author":[{"embeddable":true,"href":"https:\/\/www.radiolimari.cl\/index.php?rest_route=\/wp\/v2\/users\/2"}],"replies":[{"embeddable":true,"href":"https:\/\/www.radiolimari.cl\/index.php?rest_route=%2Fwp%2Fv2%2Fcomments&post=7019"}],"version-history":[{"count":1,"href":"https:\/\/www.radiolimari.cl\/index.php?rest_route=\/wp\/v2\/posts\/7019\/revisions"}],"predecessor-version":[{"id":7021,"href":"https:\/\/www.radiolimari.cl\/index.php?rest_route=\/wp\/v2\/posts\/7019\/revisions\/7021"}],"wp:featuredmedia":[{"embeddable":true,"href":"https:\/\/www.radiolimari.cl\/index.php?rest_route=\/wp\/v2\/media\/7020"}],"wp:attachment":[{"href":"https:\/\/www.radiolimari.cl\/index.php?rest_route=%2Fwp%2Fv2%2Fmedia&parent=7019"}],"wp:term":[{"taxonomy":"category","embeddable":true,"href":"https:\/\/www.radiolimari.cl\/index.php?rest_route=%2Fwp%2Fv2%2Fcategories&post=7019"},{"taxonomy":"post_tag","embeddable":true,"href":"https:\/\/www.radiolimari.cl\/index.php?rest_route=%2Fwp%2Fv2%2Ftags&post=7019"}],"curies":[{"name":"wp","href":"https:\/\/api.w.org\/{rel}","templated":true}]}}