{"id":7014,"date":"2022-03-28T15:45:27","date_gmt":"2022-03-28T15:45:27","guid":{"rendered":"http:\/\/www.radiolimari.cl\/?p=7014"},"modified":"2022-03-28T15:49:12","modified_gmt":"2022-03-28T15:49:12","slug":"mop-efectua-mejoras-en-aerodromo-de-combarbala-y-proyecta-plena-habilitacion-del-recinto-para-fines-de-este-2022","status":"publish","type":"post","link":"https:\/\/www.radiolimari.cl\/?p=7014","title":{"rendered":"En Combarbala MOP efect\u00faa mejoras en el aer\u00f3dromo y proyecta plena habilitaci\u00f3n del recinto para fines de este 2022"},"content":{"rendered":"<p><a href=\"https:\/\/www.radiolimari.cl\/wp-content\/uploads\/2022\/03\/28.3-aerodromo-de-combarbala.jpg\"><img fetchpriority=\"high\" decoding=\"async\" class=\"alignnone size-medium wp-image-7015\" src=\"https:\/\/www.radiolimari.cl\/wp-content\/uploads\/2022\/03\/28.3-aerodromo-de-combarbala-300x225.jpg\" alt=\"28.3 aerodromo de combarbala\" width=\"300\" height=\"225\" srcset=\"https:\/\/www.radiolimari.cl\/wp-content\/uploads\/2022\/03\/28.3-aerodromo-de-combarbala-300x225.jpg 300w, https:\/\/www.radiolimari.cl\/wp-content\/uploads\/2022\/03\/28.3-aerodromo-de-combarbala-1024x768.jpg 1024w\" sizes=\"(max-width: 300px) 100vw, 300px\" \/><\/a><\/p>\n<p><strong><em>Iniciativa de la Direcci\u00f3n de Aeropuertos permiti\u00f3 mejorar pista y posada de helic\u00f3pteros. Se anuncia nueva etapa de trabajos durante el presente a\u00f1o.<\/em><\/strong><!--more--><\/p>\n<p>La antigua pista de tierra del aer\u00f3dromo municipal Pedro Villarroel de Combarbal\u00e1, est\u00e1 quedando en el pasado, tras los trabajos que ha ejecutado la Direcci\u00f3n de Aeropuertos (DAP) del Ministerio de Obras P\u00fablicas.<\/p>\n<p>As\u00ed lo pudieron comprobar, la seremi subrogante del MOP, Lilian Ireland junto al alcalde de Combarbal\u00e1 Pedro Castillo y el Director Regional DAP, Felipe Pinochet durante una visita desarrollada al aer\u00f3dromo.<\/p>\n<p>\u201cHemos podido verificar la importante obra y excelente terminaci\u00f3n que estamos viendo de este proceso que logr\u00f3 contar con los recursos y voluntad del Ministerio de Obras P\u00fablicas, de invertir en nuestra comuna, con una mirada que va mucho m\u00e1s all\u00e1 de Combarbal\u00e1, sino que a la integraci\u00f3n del territorio nacional con esta infraestructura\u201d se\u00f1al\u00f3 el edil de la comuna combarbalina, sobre la relevancia de esta iniciativa, que busca habilitar, con una mayor est\u00e1ndar, este aer\u00f3dromo.<\/p>\n<p>Las obras ejecutadas corresponden principalmente al mejoramiento de la pista,\u00a0 a trav\u00e9s de trabajos de nivelaci\u00f3n de superficie y doble tratamiento superficial con sello de protecci\u00f3n, mejoramiento de posada de helic\u00f3pteros y obra de evacuaci\u00f3n de aguas lluvias para la pista.<\/p>\n<p>\u201cEs un gran avance para la comuna y la regi\u00f3n. Entregar este tipo de infraestructura nos permite conectar y generar una futura proyecci\u00f3n de turismo y principalmente para entregar una mejor respuesta ante situaciones de emergencias\u201d, destac\u00f3 la seremi(s) de OO.PP, Lilian Ireland, refiri\u00e9ndose al rol que cumplen los peque\u00f1os aer\u00f3dromos para operaciones de traslado aerom\u00e9dicas o permanente conexi\u00f3n a\u00e9rea con el resto de la regi\u00f3n y el pa\u00eds ante cat\u00e1strofes naturales.<\/p>\n<p>Los trabajos ejecutados en el Aer\u00f3dromo Pedro Villarroel de Combarbal\u00e1 alcanzaron una inversi\u00f3n superior a los 800 millones de pesos, financiados por la Direcci\u00f3n de Aeropuertos del MOP.<\/p>\n<p>Adem\u00e1s durante la visita, se inform\u00f3 que pr\u00f3ximamente se licitar\u00e1 una segunda etapa de trabajos, que involucra el cierre perimetral del recinto, generaci\u00f3n de accesos, delimitaciones y medidas de seguridad,\u00a0 para contar con una infraestructura que cumpla la normativa que exige la Direcci\u00f3n General de Aeron\u00e1utica Civil y puede estar plenamente operativo a fines de este a\u00f1o 2022 .<\/p>\n<p>&nbsp;<\/p>\n","protected":false},"excerpt":{"rendered":"<p>Iniciativa de la Direcci\u00f3n de Aeropuertos permiti\u00f3 mejorar pista y posada de helic\u00f3pteros. Se anuncia nueva etapa de trabajos durante el presente a\u00f1o.<\/p>\n","protected":false},"author":2,"featured_media":7015,"comment_status":"open","ping_status":"open","sticky":false,"template":"","format":"standard","meta":{"footnotes":""},"categories":[5],"tags":[],"class_list":["post-7014","post","type-post","status-publish","format-standard","has-post-thumbnail","hentry","category-actualidad-limarina"],"_links":{"self":[{"href":"https:\/\/www.radiolimari.cl\/index.php?rest_route=\/wp\/v2\/posts\/7014","targetHints":{"allow":["GET"]}}],"collection":[{"href":"https:\/\/www.radiolimari.cl\/index.php?rest_route=\/wp\/v2\/posts"}],"about":[{"href":"https:\/\/www.radiolimari.cl\/index.php?rest_route=\/wp\/v2\/types\/post"}],"author":[{"embeddable":true,"href":"https:\/\/www.radiolimari.cl\/index.php?rest_route=\/wp\/v2\/users\/2"}],"replies":[{"embeddable":true,"href":"https:\/\/www.radiolimari.cl\/index.php?rest_route=%2Fwp%2Fv2%2Fcomments&post=7014"}],"version-history":[{"count":3,"href":"https:\/\/www.radiolimari.cl\/index.php?rest_route=\/wp\/v2\/posts\/7014\/revisions"}],"predecessor-version":[{"id":7018,"href":"https:\/\/www.radiolimari.cl\/index.php?rest_route=\/wp\/v2\/posts\/7014\/revisions\/7018"}],"wp:featuredmedia":[{"embeddable":true,"href":"https:\/\/www.radiolimari.cl\/index.php?rest_route=\/wp\/v2\/media\/7015"}],"wp:attachment":[{"href":"https:\/\/www.radiolimari.cl\/index.php?rest_route=%2Fwp%2Fv2%2Fmedia&parent=7014"}],"wp:term":[{"taxonomy":"category","embeddable":true,"href":"https:\/\/www.radiolimari.cl\/index.php?rest_route=%2Fwp%2Fv2%2Fcategories&post=7014"},{"taxonomy":"post_tag","embeddable":true,"href":"https:\/\/www.radiolimari.cl\/index.php?rest_route=%2Fwp%2Fv2%2Ftags&post=7014"}],"curies":[{"name":"wp","href":"https:\/\/api.w.org\/{rel}","templated":true}]}}