{"id":7009,"date":"2022-03-28T15:06:09","date_gmt":"2022-03-28T15:06:09","guid":{"rendered":"http:\/\/www.radiolimari.cl\/?p=7009"},"modified":"2022-03-28T15:09:33","modified_gmt":"2022-03-28T15:09:33","slug":"colegio-de-matronas-regional-se-reune-con-nueva-seremi-de-salud","status":"publish","type":"post","link":"https:\/\/www.radiolimari.cl\/?p=7009","title":{"rendered":"Colegio de Matronas y Matrones regional se re\u00fane con nueva Seremi de Salud"},"content":{"rendered":"<p><a href=\"https:\/\/www.radiolimari.cl\/wp-content\/uploads\/2022\/03\/28.3-Matronas.jpeg\"><img fetchpriority=\"high\" decoding=\"async\" class=\"alignnone size-medium wp-image-7010\" src=\"https:\/\/www.radiolimari.cl\/wp-content\/uploads\/2022\/03\/28.3-Matronas-300x199.jpeg\" alt=\"28.3 Matronas\" width=\"300\" height=\"199\" srcset=\"https:\/\/www.radiolimari.cl\/wp-content\/uploads\/2022\/03\/28.3-Matronas-300x199.jpeg 300w, https:\/\/www.radiolimari.cl\/wp-content\/uploads\/2022\/03\/28.3-Matronas-1024x682.jpeg 1024w, https:\/\/www.radiolimari.cl\/wp-content\/uploads\/2022\/03\/28.3-Matronas.jpeg 1280w\" sizes=\"(max-width: 300px) 100vw, 300px\" \/><\/a><\/p>\n<p>Representantes del Colegio de Matronas y Matrones Regional, encabezados por su presidenta M\u00f3nica Rojo, se reunieron con la nueva Seremi de Salud, Paola Salas, matrona de profesi\u00f3n, para felicitarla por su nuevo cargo y mostrar su disposici\u00f3n a trabajar de manera conjunta durante su gesti\u00f3n.<!--more--><\/p>\n<p>\u201cPara nosotros es un orgullo tener a la primera mujer Seremi y que adem\u00e1s de ser Doctora en Salud P\u00fablica, su profesi\u00f3n original es Matrona. Estamos seguros que le va a dar un \u00e9nfasis muy importante al trabajo con las mujeres, ni\u00f1as, ni\u00f1os, adolescentes y tambi\u00e9n la diversidad. Le deseamos todo el \u00e9xito del mundo y siempre vamos a estar para apoyarla\u201d, puntualiz\u00f3 M\u00f3nica Rojo, presidenta regional del Colegio de Matronas y Matrones.<\/p>\n<p>En la instancia, la Autoridad Sanitaria agradeci\u00f3 el apoyo de sus pares y se mostr\u00f3 con toda la disposici\u00f3n para trabajar en conjunto por la salud p\u00fablica de la regi\u00f3n. \u201cDentro de la escucha activa, que es una estrategia sin duda importante para nuestra ciudadan\u00eda, tenemos que escuchar a todos los actores y le vamos a intentar dar espacio a todas y cada uno de los que pidan entrevista. En eso se enmarca esta relaci\u00f3n, donde recibimos al primer gremio que vino a hablar con nosotros, que es el Colegio de Matronas y eso significa que todos los dem\u00e1s colegios pueden venir a hablar conmigo. Sabemos que cada uno tienen sus necesidades y sus proyectos que quisieran implementar durante este periodo de Gobierno. Nosotros los vamos a escuchar y propiciar todo lo que se pueda\u201d, puntualiz\u00f3 la Seremi de Salud, Paola Salas.<\/p>\n","protected":false},"excerpt":{"rendered":"<p>Representantes del Colegio de Matronas y Matrones Regional, encabezados por su presidenta M\u00f3nica Rojo, se reunieron con la nueva Seremi de Salud, Paola Salas, matrona de profesi\u00f3n, para felicitarla por su nuevo cargo y mostrar su disposici\u00f3n a trabajar de manera conjunta durante su gesti\u00f3n.<\/p>\n","protected":false},"author":2,"featured_media":7010,"comment_status":"open","ping_status":"open","sticky":false,"template":"","format":"standard","meta":{"footnotes":""},"categories":[3],"tags":[],"class_list":["post-7009","post","type-post","status-publish","format-standard","has-post-thumbnail","hentry","category-actualidad"],"_links":{"self":[{"href":"https:\/\/www.radiolimari.cl\/index.php?rest_route=\/wp\/v2\/posts\/7009","targetHints":{"allow":["GET"]}}],"collection":[{"href":"https:\/\/www.radiolimari.cl\/index.php?rest_route=\/wp\/v2\/posts"}],"about":[{"href":"https:\/\/www.radiolimari.cl\/index.php?rest_route=\/wp\/v2\/types\/post"}],"author":[{"embeddable":true,"href":"https:\/\/www.radiolimari.cl\/index.php?rest_route=\/wp\/v2\/users\/2"}],"replies":[{"embeddable":true,"href":"https:\/\/www.radiolimari.cl\/index.php?rest_route=%2Fwp%2Fv2%2Fcomments&post=7009"}],"version-history":[{"count":3,"href":"https:\/\/www.radiolimari.cl\/index.php?rest_route=\/wp\/v2\/posts\/7009\/revisions"}],"predecessor-version":[{"id":7013,"href":"https:\/\/www.radiolimari.cl\/index.php?rest_route=\/wp\/v2\/posts\/7009\/revisions\/7013"}],"wp:featuredmedia":[{"embeddable":true,"href":"https:\/\/www.radiolimari.cl\/index.php?rest_route=\/wp\/v2\/media\/7010"}],"wp:attachment":[{"href":"https:\/\/www.radiolimari.cl\/index.php?rest_route=%2Fwp%2Fv2%2Fmedia&parent=7009"}],"wp:term":[{"taxonomy":"category","embeddable":true,"href":"https:\/\/www.radiolimari.cl\/index.php?rest_route=%2Fwp%2Fv2%2Fcategories&post=7009"},{"taxonomy":"post_tag","embeddable":true,"href":"https:\/\/www.radiolimari.cl\/index.php?rest_route=%2Fwp%2Fv2%2Ftags&post=7009"}],"curies":[{"name":"wp","href":"https:\/\/api.w.org\/{rel}","templated":true}]}}