{"id":7006,"date":"2022-03-25T19:05:19","date_gmt":"2022-03-25T19:05:19","guid":{"rendered":"http:\/\/www.radiolimari.cl\/?p=7006"},"modified":"2022-03-25T19:05:19","modified_gmt":"2022-03-25T19:05:19","slug":"murcielago-con-rabia-es-detectado-en-sector-centrico-de-punitaqui","status":"publish","type":"post","link":"https:\/\/www.radiolimari.cl\/?p=7006","title":{"rendered":"Murci\u00e9lago con rabia es detectado en sector c\u00e9ntrico de Punitaqui"},"content":{"rendered":"<p><a href=\"https:\/\/www.radiolimari.cl\/wp-content\/uploads\/2022\/03\/25.3-murcielago-en-punitaqui.jpeg\"><img fetchpriority=\"high\" decoding=\"async\" class=\"alignnone size-medium wp-image-7007\" src=\"https:\/\/www.radiolimari.cl\/wp-content\/uploads\/2022\/03\/25.3-murcielago-en-punitaqui-300x200.jpeg\" alt=\"25.3 murcielago en punitaqui\" width=\"300\" height=\"200\" srcset=\"https:\/\/www.radiolimari.cl\/wp-content\/uploads\/2022\/03\/25.3-murcielago-en-punitaqui-300x200.jpeg 300w, https:\/\/www.radiolimari.cl\/wp-content\/uploads\/2022\/03\/25.3-murcielago-en-punitaqui.jpeg 957w\" sizes=\"(max-width: 300px) 100vw, 300px\" \/><\/a><\/p>\n<p><strong>Se trata del segundo caso en la provincia del Limar\u00ed durante el presente a\u00f1o.<\/strong><!--more--><\/p>\n<p>El Instituto de Salud P\u00fablica confirm\u00f3 la detecci\u00f3n de un ejemplar de murci\u00e9lago con rabia en el sector c\u00e9ntrico de Punitaqui, por lo que desde la Seremi de Salud activaron los protocolos sanitarios.<\/p>\n<p>\u201cUna vecina del sector c\u00e9ntrico de la comuna encontr\u00f3 el murci\u00e9lago, lo atrap\u00f3 y lo llev\u00f3 a la Oficina Comunal de Ovalle. Inmediatamente acudimos a realizar la investigaci\u00f3n epidemiol\u00f3gica correspondiente ambiental y programar actividades por un posible foco de contagio\u201d, puntualiz\u00f3 la Seremi de Salud, Paola Salas.<\/p>\n<p>La Autoridad Sanitaria reiter\u00f3 el llamado a la poblaci\u00f3n a estar atentos a la presencia de estos animales. \u201cSi detectamos en cualquier lugar de nuestros domicilios un ejemplar de murci\u00e9lago, es f\u00e1cil identificar a los que tienen rabia porque aparecen de d\u00eda, en el patio del colegio o en el patio de una casa, desorientados\u201d, explic\u00f3.<\/p>\n<p>La Seremi de Salud indic\u00f3, adem\u00e1s, la importancia de tener vacunadas a sus mascotas y de capturar con precauci\u00f3n al ejemplar de murci\u00e9lago para evitar complicaciones de salud.<\/p>\n<p>\u201cSi encuentran un murci\u00e9lago usted no lo agarre con la mano porque podr\u00eda tener rabia. Intente con una escoba o pala capturarlo, tirarle una toalla arriba. Dejarlo en un recipiente con tapa y llevarlo a las oficinas comunales de la Seremi de Salud para que nosotros lo enviemos inmediatamente al Instituto de Salud P\u00fablica\u201d, finaliz\u00f3 Salas.<\/p>\n<p>&nbsp;<\/p>\n","protected":false},"excerpt":{"rendered":"<p>Se trata del segundo caso en la provincia del Limar\u00ed durante el presente a\u00f1o.<\/p>\n","protected":false},"author":2,"featured_media":7007,"comment_status":"open","ping_status":"open","sticky":false,"template":"","format":"standard","meta":{"footnotes":""},"categories":[6],"tags":[],"class_list":["post-7006","post","type-post","status-publish","format-standard","has-post-thumbnail","hentry","category-regionales"],"_links":{"self":[{"href":"https:\/\/www.radiolimari.cl\/index.php?rest_route=\/wp\/v2\/posts\/7006","targetHints":{"allow":["GET"]}}],"collection":[{"href":"https:\/\/www.radiolimari.cl\/index.php?rest_route=\/wp\/v2\/posts"}],"about":[{"href":"https:\/\/www.radiolimari.cl\/index.php?rest_route=\/wp\/v2\/types\/post"}],"author":[{"embeddable":true,"href":"https:\/\/www.radiolimari.cl\/index.php?rest_route=\/wp\/v2\/users\/2"}],"replies":[{"embeddable":true,"href":"https:\/\/www.radiolimari.cl\/index.php?rest_route=%2Fwp%2Fv2%2Fcomments&post=7006"}],"version-history":[{"count":1,"href":"https:\/\/www.radiolimari.cl\/index.php?rest_route=\/wp\/v2\/posts\/7006\/revisions"}],"predecessor-version":[{"id":7008,"href":"https:\/\/www.radiolimari.cl\/index.php?rest_route=\/wp\/v2\/posts\/7006\/revisions\/7008"}],"wp:featuredmedia":[{"embeddable":true,"href":"https:\/\/www.radiolimari.cl\/index.php?rest_route=\/wp\/v2\/media\/7007"}],"wp:attachment":[{"href":"https:\/\/www.radiolimari.cl\/index.php?rest_route=%2Fwp%2Fv2%2Fmedia&parent=7006"}],"wp:term":[{"taxonomy":"category","embeddable":true,"href":"https:\/\/www.radiolimari.cl\/index.php?rest_route=%2Fwp%2Fv2%2Fcategories&post=7006"},{"taxonomy":"post_tag","embeddable":true,"href":"https:\/\/www.radiolimari.cl\/index.php?rest_route=%2Fwp%2Fv2%2Ftags&post=7006"}],"curies":[{"name":"wp","href":"https:\/\/api.w.org\/{rel}","templated":true}]}}