{"id":7003,"date":"2022-03-25T19:01:36","date_gmt":"2022-03-25T19:01:36","guid":{"rendered":"http:\/\/www.radiolimari.cl\/?p=7003"},"modified":"2022-03-25T19:01:36","modified_gmt":"2022-03-25T19:01:36","slug":"senador-daniel-nunez-y-pequenos-mineros-solicitan-fortalecer-rol-de-enami-y-agilizar-su-gestion","status":"publish","type":"post","link":"https:\/\/www.radiolimari.cl\/?p=7003","title":{"rendered":"Senador Daniel N\u00fa\u00f1ez y peque\u00f1os mineros solicitan fortalecer rol de ENAMI y agilizar su gesti\u00f3n"},"content":{"rendered":"<p><a href=\"https:\/\/www.radiolimari.cl\/wp-content\/uploads\/2022\/03\/25.3-senador-nu\u00f1ez1.jpg\"><img fetchpriority=\"high\" decoding=\"async\" class=\"alignnone size-medium wp-image-7004\" src=\"https:\/\/www.radiolimari.cl\/wp-content\/uploads\/2022\/03\/25.3-senador-nu\u00f1ez1-300x225.jpg\" alt=\"25.3 senador nu\u00f1ez1\" width=\"300\" height=\"225\" srcset=\"https:\/\/www.radiolimari.cl\/wp-content\/uploads\/2022\/03\/25.3-senador-nu\u00f1ez1-300x225.jpg 300w, https:\/\/www.radiolimari.cl\/wp-content\/uploads\/2022\/03\/25.3-senador-nu\u00f1ez1-1024x769.jpg 1024w, https:\/\/www.radiolimari.cl\/wp-content\/uploads\/2022\/03\/25.3-senador-nu\u00f1ez1.jpg 1440w\" sizes=\"(max-width: 300px) 100vw, 300px\" \/><\/a><\/p>\n<p><span style=\"color: #222222;\">77 dirigentes, sindicatos de la peque\u00f1a miner\u00eda y el senador Daniel N\u00fa\u00f1ez se dieron cita para analizar el grave momento por el que pasa el sector y solicitar el fortalecimiento, modernizaci\u00f3n y agilizaci\u00f3n de Enami, ente fundamental para el actividad pirquinera<\/span><!--more--><\/p>\n<div id=\":vd\" class=\"ii gt\" style=\"color: #222222;\">\n<div id=\":vc\" class=\"a3s aiL \">\n<div dir=\"ltr\">\n<div>Llegaron mineros de las comunas de Monte Patria, Punitaqui, Andacollo, Ovalle, Combarbal\u00e1 y de Valpara\u00edso. \u00abNosotros venimos trabajando con el\u00a0Senador hace alrededor de 1 a\u00f1o, cuando era diputado, con los compromisos que ahora son del Gobierno. Nos da un gran alivio porque el Senador se ha comprometido acompa\u00f1\u00e1ndonos en las fiscalizaciones en las plantas de Enami. Esperamos que el Gobierno tenga flexibilidad con las propuestas que se le van a entregar, que sean acogidas y de esa manera sea aceptada\u00bb. As\u00ed lo dijo Mart\u00edn Santos, director nacional del gremio de la peque\u00f1a miner\u00eda y representante de la regi\u00f3n quien a\u00f1adi\u00f3 que los problemas que los afectan en nuestra zona es \u00abla falta de financiamiento, que est\u00e1 regido a trav\u00e9s del Gore y el Pama. Son baj\u00edsimos, adem\u00e1s de la mecanizaci\u00f3n para los peque\u00f1os mineros\u00bb.<\/div>\n<div><\/div>\n<div>Rub\u00e9n Salinas, pdte de la Asociaci\u00f3n Gremial de la peque\u00f1a miner\u00eda de Chile sostuvo que \u00abtenemos muchos problemas, en los pagos que nos debe hacer Enami, de financiamiento, de cancha, de leyes. Debe haber una modernizaci\u00f3n de Enami, debe ser m\u00e1s \u00e1gil. Necesitamos pensar en otros metales, como la polimet\u00e1lica, hay que mirar m\u00e1s all\u00e1. La peque\u00f1a miner\u00eda debe estar representada en las empresas del Estado. En el directorio de la Enami, nosotros como principales\u00a0incumbentes, deber\u00edamos estar. Cualquier dirigente gremial debiera estar como representante en alguna empresa del Estado\u00bb.<\/div>\n<div><\/div>\n<div>El senador Daniel N\u00fa\u00f1ez afirm\u00f3 que \u00abhubo una presencia masiva de peque\u00f1os mineros, incluso de otras regiones. Creemos que Enami debe tener una funci\u00f3n mucho m\u00e1s expedita, eficiente y un rol de apoyo m\u00e1s activo a la peque\u00f1a miner\u00eda. En el plan que se dar\u00e1 a conocer en el c\u00f3nclave de Cerro Castillo, un plan\u00a0de reactivaci\u00f3n econ\u00f3mica y habr\u00e1 apoyo a la peque\u00f1a miner\u00eda, que hoy es rentable, pero para aqu\u00e9l que est\u00e1 parado, habr\u00e1 un plan especial\u00bb.<\/div>\n<div><\/div>\n<div>N\u00fa\u00f1ez agreg\u00f3 que \u00abestamos pidiendo cr\u00e9ditos directos a Enami, dirigidos a ellos, porque genera empleo, riqueza, en la regi\u00f3n y en las comunas. Y la demanda hist\u00f3rica que es la creaci\u00f3n de un Estatuto del Peque\u00f1o Minero, que nada tiene que ver con las grandes mineras. Es una actividad a peque\u00f1a escala, de mucho sacrificio y hoy se est\u00e1n aplicando normas que se les aplica a los grandes y eso ha despotenciado esta actividad y muy reducida\u00bb.<\/div>\n<\/div>\n<div class=\"yj6qo\"><\/div>\n<div class=\"adL\"><\/div>\n<\/div>\n<\/div>\n<div id=\":u7\" class=\"hq gt\" style=\"color: #222222;\"><\/div>\n","protected":false},"excerpt":{"rendered":"<p>77 dirigentes, sindicatos de la peque\u00f1a miner\u00eda y el senador Daniel N\u00fa\u00f1ez se dieron cita para analizar el grave momento por el que pasa el sector y solicitar el fortalecimiento, modernizaci\u00f3n y agilizaci\u00f3n de Enami, ente fundamental para el actividad pirquinera<\/p>\n","protected":false},"author":2,"featured_media":7004,"comment_status":"open","ping_status":"open","sticky":false,"template":"","format":"standard","meta":{"footnotes":""},"categories":[3],"tags":[],"class_list":["post-7003","post","type-post","status-publish","format-standard","has-post-thumbnail","hentry","category-actualidad"],"_links":{"self":[{"href":"https:\/\/www.radiolimari.cl\/index.php?rest_route=\/wp\/v2\/posts\/7003","targetHints":{"allow":["GET"]}}],"collection":[{"href":"https:\/\/www.radiolimari.cl\/index.php?rest_route=\/wp\/v2\/posts"}],"about":[{"href":"https:\/\/www.radiolimari.cl\/index.php?rest_route=\/wp\/v2\/types\/post"}],"author":[{"embeddable":true,"href":"https:\/\/www.radiolimari.cl\/index.php?rest_route=\/wp\/v2\/users\/2"}],"replies":[{"embeddable":true,"href":"https:\/\/www.radiolimari.cl\/index.php?rest_route=%2Fwp%2Fv2%2Fcomments&post=7003"}],"version-history":[{"count":1,"href":"https:\/\/www.radiolimari.cl\/index.php?rest_route=\/wp\/v2\/posts\/7003\/revisions"}],"predecessor-version":[{"id":7005,"href":"https:\/\/www.radiolimari.cl\/index.php?rest_route=\/wp\/v2\/posts\/7003\/revisions\/7005"}],"wp:featuredmedia":[{"embeddable":true,"href":"https:\/\/www.radiolimari.cl\/index.php?rest_route=\/wp\/v2\/media\/7004"}],"wp:attachment":[{"href":"https:\/\/www.radiolimari.cl\/index.php?rest_route=%2Fwp%2Fv2%2Fmedia&parent=7003"}],"wp:term":[{"taxonomy":"category","embeddable":true,"href":"https:\/\/www.radiolimari.cl\/index.php?rest_route=%2Fwp%2Fv2%2Fcategories&post=7003"},{"taxonomy":"post_tag","embeddable":true,"href":"https:\/\/www.radiolimari.cl\/index.php?rest_route=%2Fwp%2Fv2%2Ftags&post=7003"}],"curies":[{"name":"wp","href":"https:\/\/api.w.org\/{rel}","templated":true}]}}