{"id":6997,"date":"2022-03-24T19:33:41","date_gmt":"2022-03-24T19:33:41","guid":{"rendered":"http:\/\/www.radiolimari.cl\/?p=6997"},"modified":"2022-03-24T19:33:41","modified_gmt":"2022-03-24T19:33:41","slug":"autoridades-provinciales-establecen-prioridades-de-gestion-en-limari-con-alcaldesa-y-alcaldes","status":"publish","type":"post","link":"https:\/\/www.radiolimari.cl\/?p=6997","title":{"rendered":"Autoridades provinciales establecen prioridades de gesti\u00f3n en Limar\u00ed con Alcaldesa y Alcaldes."},"content":{"rendered":"<p><a href=\"https:\/\/www.radiolimari.cl\/wp-content\/uploads\/2022\/03\/24.3-REUNION-DPP-LIMARI-COLLAGE-21.jpeg\"><img fetchpriority=\"high\" decoding=\"async\" class=\"alignnone size-medium wp-image-6998\" src=\"https:\/\/www.radiolimari.cl\/wp-content\/uploads\/2022\/03\/24.3-REUNION-DPP-LIMARI-COLLAGE-21-297x300.jpeg\" alt=\"24.3 REUNION DPP LIMARI COLLAGE (2)\" width=\"297\" height=\"300\" srcset=\"https:\/\/www.radiolimari.cl\/wp-content\/uploads\/2022\/03\/24.3-REUNION-DPP-LIMARI-COLLAGE-21-297x300.jpeg 297w, https:\/\/www.radiolimari.cl\/wp-content\/uploads\/2022\/03\/24.3-REUNION-DPP-LIMARI-COLLAGE-21-70x70.jpeg 70w, https:\/\/www.radiolimari.cl\/wp-content\/uploads\/2022\/03\/24.3-REUNION-DPP-LIMARI-COLLAGE-21.jpeg 892w\" sizes=\"(max-width: 297px) 100vw, 297px\" \/><\/a><\/p>\n<p><b style=\"color: #222222;\"><i>Reuni\u00f3n de coordinaci\u00f3n en la DPP Limar\u00ed permiti\u00f3 di\u00e1logo e intercambio de opiniones entre autoridades para abordar las principales problem\u00e1ticas de la provincia<\/i><\/b><!--more--><\/p>\n<p style=\"font-weight: 400;\">Alcaldes y alcaldesa de las cinco comunas de la provincia se reunieron con el Delegado Presidencial Provincial de Limar\u00ed Galo Luna Penna, la SEREMI de Salud Paola Salas, la SEREMI de Educaci\u00f3n Cecilia Ram\u00edrez y un equipo profesional del Gobierno Regional, en representaci\u00f3n de la Gobernadora Krist Naranjo,\u00a0 para analizar de manera conjunta e integrada la realidad provincial y las prioridades de gesti\u00f3n para cada una de las comunas.<\/p>\n<p style=\"font-weight: 400;\">Tem\u00e1ticas transversales como la sequ\u00eda, seguridad p\u00fablica, conectividad, empleo, salud, educaci\u00f3n y proyectos de infraestructura fueron abordados ampliamente entre los participantes de esta reuni\u00f3n coordinada por la delegaci\u00f3n Presidencial Provincial de Limar\u00ed.<\/p>\n<p style=\"font-weight: 400;\">Respecto de la realizaci\u00f3n de esta actividad y sus objetivos, el DPP de Limar\u00ed Galo Luna Penna indic\u00f3 \u201cesta instancia nace desde cuando nos reunimos el 14 de marzo en La Serena con todos los alcaldes de la regi\u00f3n y alcaldesa, donde los delegados asumimos el compromiso de establecer mesas de trabajo coordinadas con los jefes comunales. Quiero agradecer la presencia de las autoridades, creo que este trabajo mancomunado es necesario y nos va a permitir agilizar y encontrar las soluciones necesarias para los problemas que estamos enfrentando como provincia. Agradecer las presencia de las SEREMIS, ya que es muy importante que las autoridades de nuestro gabinete est\u00e9n en terreno y dialogando cercanamente. Agradecer tambi\u00e9n la participaci\u00f3n del equipo profesional de la Gobernaci\u00f3n Regional. Pretendemos que esta sea una instancia permanente y sigamos trabajando en conjunto Delegaci\u00f3n Provincial, Alcaldes, Alcaldesa y Gobierno Regional para sacar adelante la tarea que tenemos por delante\u201d.<\/p>\n<p style=\"font-weight: 400;\">Esta actividad, tal como se ha se\u00f1alado cont\u00f3 con la presencia de las Secretarias Regionales Ministeriales de Salud y Educaci\u00f3n, quienes pudieron trabajar directamente con los alcaldes en esta primera instancia donde pudieron presentarse y comprometer una gesti\u00f3n conjunta.<\/p>\n<p style=\"font-weight: 400;\">Al respecto la SEREMI de Educaci\u00f3n, Cecilia Rem\u00edrez indic\u00f3 que \u201cinstancias como estas son fundamentales, ya que de este modo sabemos, desde quienes est\u00e1n viviendo en el territorio, cuales con las necesidades de la gente y de este modo nos vamos a potenciar para trabajar de mejor manera y con pertinencia territorial. Qu\u00e9 mejor que sean los alcaldes quienes nos ayuden a recorrer esta ruta de trabajo conjunto\u201d,<\/p>\n<p style=\"font-weight: 400;\">Por su parte la SEREMI de Salud, Paola Salas, se refiri\u00f3 especialmente al estilo de trabajo que se est\u00e1 implementando en el Gobierno del presidente Boric, indicando que \u201cla ciudadan\u00eda puede empezar a tener confianza de que el trabajo que vamos a hacer va a ser coordinado entre las autoridades y en el cual vamos a ir generando instancias de participaci\u00f3n de la ciudadan\u00eda, con enfoque de g\u00e9nero e incluyendo el territorio. La reuni\u00f3n de hoy es hacer de las pol\u00edticas p\u00fablicas una realidad y me siento feliz de poder participar con todos los alcaldes como representantes de la gente y la institucionalidad del Gobierno\u201d.<\/p>\n<p style=\"font-weight: 400;\"><strong>Impresiones de los alcaldes<\/strong><\/p>\n<p style=\"font-weight: 400;\"><strong>Carmen Juana Olivares, alcaldesa de R\u00edo Hurtado<\/strong><\/p>\n<p style=\"font-weight: 400;\">\u201cQuiero agradecer esta instancia coordinada por el Delegado que nos permiti\u00f3 intercambiar opiniones y realizar importantes planteamientos. Nosotros como alcaldes, si bien tenemos temas transversales que nos afectan,\u00a0 tenemos temas propios de cada comuna. En el caso particular de Rio Hurtado pusimos \u00e9nfasis en la necesidades que hay en educaci\u00f3n y en salud, conectividad y gesti\u00f3n de agua, entre otros;\u00a0 y que tenemos que ir desarrollando paralelamente a las medidas protecci\u00f3n de la pandemia\u201d.<\/p>\n<p style=\"font-weight: 400;\"><strong>Cristian Herrera, alcalde de Monte Patria<\/strong><\/p>\n<p style=\"font-weight: 400;\">\u201cValorar la forma en que comienza a trabajar el Gobierno del presidente Boric en la provincia y en la regi\u00f3n. El hecho que podamos reunirnos con SEREMIs y el Delegado nos permite transparentar nuestras inquietudes. Sin duda la escasez h\u00eddrica que nos afecta, proyectos en infraestructura educacional que requieren mejoramiento y algunas obras de mejoramiento en estructuras de salud que\u00a0 requieren inversi\u00f3n y gesti\u00f3n. Especialmente porque este tipo de obras ayudar\u00e1n a reactivar la econom\u00eda local, sabemos que en la agricultura tendremos un fuerte descenso en la mano de obra y necesitamos que el estado a trav\u00e9s de estas obras p\u00fablicas pueda reactivar la contrataci\u00f3n de personas\u201d.<\/p>\n<p style=\"font-weight: 400;\"><strong>Pedro Castillo, alcalde de Combarbal\u00e1<\/strong><\/p>\n<p style=\"font-weight: 400;\">Destacar la apertura del delegado Galo Luna Penna, de convocarnos a este edificio que representa al presidente en la provincia de Limar\u00ed y donde pudimos expresar las principales necesidades de nuestra comuna. La realizaci\u00f3n del proyecto construcci\u00f3n del Liceo Samuel Rom\u00e1n Rojas, obra que va a significar una infraestructura moderna para todos nuestros alumnos que completaran su ense\u00f1anza media y t\u00e9cnica profesional. Abordamos temas muy relevantes como la crisis h\u00eddrica, la situaci\u00f3n particular de Combarbal\u00e1 que est\u00e1 siendo abastecida por comunas vecinas para mantener el suministro. Debemos impulsar una serie de medidas y obras para asegurar el consumo humano para el pr\u00f3ximo a\u00f1o y el porvenir de la comuna. Solicitamos tambi\u00e9n el trabajo de vialidad en la comuna, ya que hay varias obras pendientes en materia de caminos. Esperamos que con la conformaci\u00f3n del Gabinete Regional vayamos avanzando en todas estas materias\u201d.<\/p>\n<p style=\"font-weight: 400;\"><strong>Claudio Renter\u00eda, alcalde de Ovalle<\/strong><\/p>\n<p style=\"font-weight: 400;\">Agradecer la invitaci\u00f3n del delegado provincial como un ovallino que ha incorporado un nuevo estilo de trabajo en la gesti\u00f3n del gobierno a nivel provincial, destacar la participaci\u00f3n de cada uno de los alcaldes de la provincia de Limar\u00ed en una instancia que es muy satisfactoria ya que podemos trabajar en conjunto para engrandecer nuestro territorio. Abordamos especialmente temas trasversales como la sequ\u00eda, seguridad p\u00fablica, la implementaci\u00f3n del programa Pro Empleo y la situaci\u00f3n del empleo en la provincia tambi\u00e9n. Adem\u00e1s quiero agradecer p\u00fablicamente los recursos del Gobierno Regional y la Subdere para ejecutar el proyecto del edificio consistorial de la municipalidad de Ovalle.<\/p>\n<p style=\"font-weight: 400;\"><strong>Carlos Araya, alcalde de Punitaqui<\/strong><\/p>\n<p style=\"font-weight: 400;\">\u201cAgradecer la deferencia que tenido el delegado Galo Luna de convocarnos a los alcaldes para tener un dialogo franco y directo y escuchar la situaci\u00f3n que viven las comunas o territorios. En t\u00e9rminos personales pude dar a conocer el clamor de vecinas y vecinos del mundo rural en temas tan sensibles como la falta de recurso h\u00eddrico, falta de agua, problemas de conectividad vial y telecomunicaciones, caminos donde los camiones aljibe no pueden llegar y tambi\u00e9n las problem\u00e1ticas en materia de seguridad p\u00fablica que son las principales preocupaciones de los vecinos de la tierra de los molinos\u201d.<\/p>\n","protected":false},"excerpt":{"rendered":"<p>Reuni\u00f3n de coordinaci\u00f3n en la DPP Limar\u00ed permiti\u00f3 di\u00e1logo e intercambio de opiniones entre autoridades para abordar las principales problem\u00e1ticas de la provincia<\/p>\n","protected":false},"author":2,"featured_media":6998,"comment_status":"open","ping_status":"open","sticky":false,"template":"","format":"standard","meta":{"footnotes":""},"categories":[5],"tags":[],"class_list":["post-6997","post","type-post","status-publish","format-standard","has-post-thumbnail","hentry","category-actualidad-limarina"],"_links":{"self":[{"href":"https:\/\/www.radiolimari.cl\/index.php?rest_route=\/wp\/v2\/posts\/6997","targetHints":{"allow":["GET"]}}],"collection":[{"href":"https:\/\/www.radiolimari.cl\/index.php?rest_route=\/wp\/v2\/posts"}],"about":[{"href":"https:\/\/www.radiolimari.cl\/index.php?rest_route=\/wp\/v2\/types\/post"}],"author":[{"embeddable":true,"href":"https:\/\/www.radiolimari.cl\/index.php?rest_route=\/wp\/v2\/users\/2"}],"replies":[{"embeddable":true,"href":"https:\/\/www.radiolimari.cl\/index.php?rest_route=%2Fwp%2Fv2%2Fcomments&post=6997"}],"version-history":[{"count":1,"href":"https:\/\/www.radiolimari.cl\/index.php?rest_route=\/wp\/v2\/posts\/6997\/revisions"}],"predecessor-version":[{"id":6999,"href":"https:\/\/www.radiolimari.cl\/index.php?rest_route=\/wp\/v2\/posts\/6997\/revisions\/6999"}],"wp:featuredmedia":[{"embeddable":true,"href":"https:\/\/www.radiolimari.cl\/index.php?rest_route=\/wp\/v2\/media\/6998"}],"wp:attachment":[{"href":"https:\/\/www.radiolimari.cl\/index.php?rest_route=%2Fwp%2Fv2%2Fmedia&parent=6997"}],"wp:term":[{"taxonomy":"category","embeddable":true,"href":"https:\/\/www.radiolimari.cl\/index.php?rest_route=%2Fwp%2Fv2%2Fcategories&post=6997"},{"taxonomy":"post_tag","embeddable":true,"href":"https:\/\/www.radiolimari.cl\/index.php?rest_route=%2Fwp%2Fv2%2Ftags&post=6997"}],"curies":[{"name":"wp","href":"https:\/\/api.w.org\/{rel}","templated":true}]}}