{"id":6992,"date":"2022-03-24T19:22:54","date_gmt":"2022-03-24T19:22:54","guid":{"rendered":"http:\/\/www.radiolimari.cl\/?p=6992"},"modified":"2022-03-24T19:22:54","modified_gmt":"2022-03-24T19:22:54","slug":"ucn-sede-coquimbo-invita-al-primer-encuentro-artistico-nacional-para-la-diversidad-y-equidad-de-genero","status":"publish","type":"post","link":"https:\/\/www.radiolimari.cl\/?p=6992","title":{"rendered":"UCN Sede Coquimbo,  invita al primer encuentro art\u00edstico nacional para la diversidad y equidad de g\u00e9nero"},"content":{"rendered":"<p><a href=\"https:\/\/www.radiolimari.cl\/wp-content\/uploads\/2022\/03\/24.3-ucn-festival.jpg\"><img fetchpriority=\"high\" decoding=\"async\" class=\"alignnone size-medium wp-image-6993\" src=\"https:\/\/www.radiolimari.cl\/wp-content\/uploads\/2022\/03\/24.3-ucn-festival-300x200.jpg\" alt=\"24.3 ucn festival\" width=\"300\" height=\"200\" srcset=\"https:\/\/www.radiolimari.cl\/wp-content\/uploads\/2022\/03\/24.3-ucn-festival-300x200.jpg 300w, https:\/\/www.radiolimari.cl\/wp-content\/uploads\/2022\/03\/24.3-ucn-festival-1024x682.jpg 1024w, https:\/\/www.radiolimari.cl\/wp-content\/uploads\/2022\/03\/24.3-ucn-festival.jpg 1728w\" sizes=\"(max-width: 300px) 100vw, 300px\" \/><\/a><\/p>\n<p><i style=\"color: #222222;\">En este evento podr\u00e1n participar mayores de 18 a\u00f1os, estudiantes de\u00a0<\/i><i style=\"color: #222222;\">educaci\u00f3n superior, as\u00ed como artistas independientes o agrupaciones de todo el pa\u00eds<\/i><b style=\"color: #222222;\"><i>.\u00a0<\/i><\/b><i style=\"color: #222222;\">Conoce las bases y encuentra el link de inscripci\u00f3n\u00a0<span style=\"text-decoration: underline;\"><span style=\"color: #0563c1;\"><a style=\"color: #1155cc;\" href=\"https:\/\/www.galpon-cultural.ucn.cl\/2022\/03\/07\/bases-e-inscripciones-1er-encuentro-de-danza-y-teatro-desde-la-diversidad-y-equidad-de-genero\/\" target=\"_blank\" data-saferedirecturl=\"https:\/\/www.google.com\/url?q=https:\/\/www.galpon-cultural.ucn.cl\/2022\/03\/07\/bases-e-inscripciones-1er-encuentro-de-danza-y-teatro-desde-la-diversidad-y-equidad-de-genero\/&amp;source=gmail&amp;ust=1648225793013000&amp;usg=AOvVaw3dPQrBfsfDjhRMxckQml4W\"><span style=\"color: #0563c1;\">AQU\u00cd<\/span><\/a><\/span><\/span><\/i><!--more--><\/p>\n<p>En el mes de abril, la\u00a0<a href=\"https:\/\/www.ucn.cl\/\" data-saferedirecturl=\"https:\/\/www.google.com\/url?q=https:\/\/www.ucn.cl\/&amp;source=gmail&amp;ust=1648225793013000&amp;usg=AOvVaw2XRyPGaqWrdqoSKYWtGWD4\">Universidad Cat\u00f3lica del Norte (UCN)<\/a>\u00a0sede Coquimbo abrir\u00e1 un espacio para que las personas que se dedican al arte del transformismo puedan presentar sus espect\u00e1culos de danza, canto o stand up comedy, como una manera de educar a j\u00f3venes y a la ciudadan\u00eda en la Regi\u00f3n de Coquimbo sobre estas manifestaciones art\u00edsticas y culturales.<\/p>\n<p>Se trata del 1\u00b0 Encuentro de Danza y Teatro \u201cExpresando la Cultura y el Arte desde la Diversidad y Equidad de G\u00e9nero\u201d, que se realizar\u00e1 el 27 de abril en el\u00a0<a href=\"https:\/\/www.galpon-cultural.ucn.cl\/\" data-saferedirecturl=\"https:\/\/www.google.com\/url?q=https:\/\/www.galpon-cultural.ucn.cl\/&amp;source=gmail&amp;ust=1648225793013000&amp;usg=AOvVaw0UBnwWyNXjcHL0Dx-Hcf_h\">Galp\u00f3n Cultural<\/a>, ubicado en el Campus Guayac\u00e1n de la UCN Coquimbo.<\/p>\n<p>La iniciativa forma parte del proyecto Cultura y Arte desde la Diversidad y Equidad de G\u00e9nero, (CADEG), liderado por las estudiantes de la Escuela de Derecho Mar\u00eda Jos\u00e9 Caballero y Fiama Mu\u00f1oz, financiado por el\u00a0<a href=\"https:\/\/www.mineduc.cl\/\" data-saferedirecturl=\"https:\/\/www.google.com\/url?q=https:\/\/www.mineduc.cl\/&amp;source=gmail&amp;ust=1648225793014000&amp;usg=AOvVaw3G-zNYxPQ70HwP8mcjaNqj\">Ministerio de Educaci\u00f3n<\/a>\u00a0y se ejecuta\u00a0en colaboraci\u00f3n con el \u00c1rea Art\u00edstico Cultural del Departamento Estudiantil de la UCN.<\/p>\n<p>Linda Cancino Flores, Jefa del \u00c1rea Art\u00edstico Cultural del Departamento Estudiantil en la UCN sede Coquimbo, expres\u00f3 su satisfacci\u00f3n de colaborar con proyectos como CADEG, pues fortalecen la formaci\u00f3n integral de los estudiantes\u00a0<a href=\"https:\/\/www.ucn.cl\/\" data-saferedirecturl=\"https:\/\/www.google.com\/url?q=https:\/\/www.ucn.cl\/&amp;source=gmail&amp;ust=1648225793014000&amp;usg=AOvVaw1CM-UuqtL2qTpXubr2eHKs\">UCN<\/a>\u00a0y contribuyen con la sociedad, a trav\u00e9s de la promoci\u00f3n de los valores de la universidad: libertad, verdad, justicia y compromiso social y ambiental.<\/p>\n<p>\u201cEl\u00a0<a href=\"https:\/\/www.galpon-cultural.ucn.cl\/\" data-saferedirecturl=\"https:\/\/www.google.com\/url?q=https:\/\/www.galpon-cultural.ucn.cl\/&amp;source=gmail&amp;ust=1648225793014000&amp;usg=AOvVaw0axjzvc9u-trQxnMWerPIH\">Galp\u00f3n Cultural UCN<\/a>\u00a0durante sus a\u00f1os de trayectoria ha sido un espacio de visibilizaci\u00f3n y apoyo para todas las expresiones culturales, buscando promover la diversidad sexual y la equidad de g\u00e9nero a trav\u00e9s de caf\u00e9s literarios y encuentros de danza que muestren el arte disidente y conversatorios que llamen a la reflexi\u00f3n\u201d, record\u00f3.<\/p>\n<p>Y, como es la primera vez que se realizar\u00e1 un encuentro tan importante que tenga como foco central visibilizar el arte del transformismo y conocer su historia, el entusiasmo es grande, se\u00f1ala la profesional.<\/p>\n<p><strong>Espacios de reflexi\u00f3n<\/strong><\/p>\n<p>Mar\u00eda Jos\u00e9 Caballero, una de las estudiantes a cargo del proyecto CADEG, expres\u00f3 su emoci\u00f3n por concretar la primera actividad presencial desde que partieron, ya que debido a la pandemia, las actividades de difusi\u00f3n y educaci\u00f3n se realizaron s\u00f3lo a trav\u00e9s de plataformas virtuales.<\/p>\n<p>\u201cNuestra misi\u00f3n es promover en la comunidad universitaria, a nivel regional y nacional, los derechos humanos de las disidencias sexuales y de g\u00e9nero, en base a principios como el de igualdad, no discriminaci\u00f3n y equidad de g\u00e9nero\u201d, aclar\u00f3.<\/p>\n<p>Por eso destaca la importancia del encuentro para visibilizar y exponer el arte del\u00a0transformismo, \u201cporque muchas personas lo tienen estigmatizado, no lo consideran un arte o creen que se hace netamente por diversi\u00f3n, sin embargo, esto es una manifestaci\u00f3n cultural y art\u00edstica\u201d.<\/p>\n<p>En el encuentro podr\u00e1n participar personas mayores de 18 a\u00f1os, que deseen mostrar su trabajo como artistas. Las inscripciones estar\u00e1n abiertas hasta el 30 de marzo.<\/p>\n<p>&nbsp;<\/p>\n","protected":false},"excerpt":{"rendered":"<p>En este evento podr\u00e1n participar mayores de 18 a\u00f1os, estudiantes de\u00a0educaci\u00f3n superior, as\u00ed como artistas independientes o agrupaciones de todo el pa\u00eds.\u00a0Conoce las bases y encuentra el link de inscripci\u00f3n\u00a0AQU\u00cd<\/p>\n","protected":false},"author":2,"featured_media":6993,"comment_status":"open","ping_status":"open","sticky":false,"template":"","format":"standard","meta":{"footnotes":""},"categories":[6],"tags":[],"class_list":["post-6992","post","type-post","status-publish","format-standard","has-post-thumbnail","hentry","category-regionales"],"_links":{"self":[{"href":"https:\/\/www.radiolimari.cl\/index.php?rest_route=\/wp\/v2\/posts\/6992","targetHints":{"allow":["GET"]}}],"collection":[{"href":"https:\/\/www.radiolimari.cl\/index.php?rest_route=\/wp\/v2\/posts"}],"about":[{"href":"https:\/\/www.radiolimari.cl\/index.php?rest_route=\/wp\/v2\/types\/post"}],"author":[{"embeddable":true,"href":"https:\/\/www.radiolimari.cl\/index.php?rest_route=\/wp\/v2\/users\/2"}],"replies":[{"embeddable":true,"href":"https:\/\/www.radiolimari.cl\/index.php?rest_route=%2Fwp%2Fv2%2Fcomments&post=6992"}],"version-history":[{"count":1,"href":"https:\/\/www.radiolimari.cl\/index.php?rest_route=\/wp\/v2\/posts\/6992\/revisions"}],"predecessor-version":[{"id":6994,"href":"https:\/\/www.radiolimari.cl\/index.php?rest_route=\/wp\/v2\/posts\/6992\/revisions\/6994"}],"wp:featuredmedia":[{"embeddable":true,"href":"https:\/\/www.radiolimari.cl\/index.php?rest_route=\/wp\/v2\/media\/6993"}],"wp:attachment":[{"href":"https:\/\/www.radiolimari.cl\/index.php?rest_route=%2Fwp%2Fv2%2Fmedia&parent=6992"}],"wp:term":[{"taxonomy":"category","embeddable":true,"href":"https:\/\/www.radiolimari.cl\/index.php?rest_route=%2Fwp%2Fv2%2Fcategories&post=6992"},{"taxonomy":"post_tag","embeddable":true,"href":"https:\/\/www.radiolimari.cl\/index.php?rest_route=%2Fwp%2Fv2%2Ftags&post=6992"}],"curies":[{"name":"wp","href":"https:\/\/api.w.org\/{rel}","templated":true}]}}