{"id":6986,"date":"2022-03-23T16:46:21","date_gmt":"2022-03-23T16:46:21","guid":{"rendered":"http:\/\/www.radiolimari.cl\/?p=6986"},"modified":"2022-03-23T16:46:21","modified_gmt":"2022-03-23T16:46:21","slug":"monte-patria-cuenta-ahora-con-la-oficina-comunal-del-agua","status":"publish","type":"post","link":"https:\/\/www.radiolimari.cl\/?p=6986","title":{"rendered":"Monte Patria cuenta ahora con la Oficina Comunal del Agua"},"content":{"rendered":"<p><a href=\"https:\/\/www.radiolimari.cl\/wp-content\/uploads\/2022\/03\/23.3-agua-3.jpg\"><img fetchpriority=\"high\" decoding=\"async\" class=\"alignnone size-medium wp-image-6987\" src=\"https:\/\/www.radiolimari.cl\/wp-content\/uploads\/2022\/03\/23.3-agua-3-300x200.jpg\" alt=\"23.3 agua 3\" width=\"300\" height=\"200\" srcset=\"https:\/\/www.radiolimari.cl\/wp-content\/uploads\/2022\/03\/23.3-agua-3-300x200.jpg 300w, https:\/\/www.radiolimari.cl\/wp-content\/uploads\/2022\/03\/23.3-agua-3-1024x682.jpg 1024w, https:\/\/www.radiolimari.cl\/wp-content\/uploads\/2022\/03\/23.3-agua-3.jpg 1440w\" sizes=\"(max-width: 300px) 100vw, 300px\" \/><\/a><\/p>\n<p style=\"text-align: justify;\"><strong>Se dieron a conocer los ejes estrat\u00e9gicos que desarrollar\u00e1n a trav\u00e9s de este nuevo servicio municipal. De igual forma, la ceremonia cont\u00f3 con la presentaci\u00f3n de ejemplos concretos de innovadoras y pr\u00e1cticas formas de relacionarnos con el agua <\/strong><!--more--><\/p>\n<p style=\"text-align: justify;\">Una gran y preocupante realidad es la que estamos sufriendodebido a los efectos de uno de los peores periodos de sequ\u00eda de la historia reciente, en la comuna de Monte Patria. Es por ello que el municipio Montepatrino; a trav\u00e9s de su alcalde, Cristian Herrera, y su concejo municipal; ha decidido trabajar y comprometer esfuerzos, junto a otros actores relacionados, para avanzar en gestiones, acciones y propuestas que ayuden a mitigar los efectos negativos de esta prolongada sequ\u00eda en nuestra comuna y su gente.<\/p>\n<p style=\"text-align: justify;\">Una de estasiniciativas que va en la direcci\u00f3n de concienciar, valorar y preservar este recurso, cr\u00edtico y limitado, es poder contar con una Oficina Comunal del Agua, un compromiso adquirido por el edil y que en el marco del D\u00eda Mundial del Agua se oficializ\u00f3 con su lanzamiento. \u201cDebo se\u00f1alar que estamos cumpliendo con compromisos que hicimos en campa\u00f1a. Hace algunas semanas abrimos la Oficina de la Inclusi\u00f3n y hoy fue el lanzamiento de la Oficina del agua. Yo no puedo hablar de una celebraci\u00f3n, porque es poco lo que podemos celebrar, pues la comuna atraviesa una situaci\u00f3n cr\u00edtica en t\u00e9rminos del recurso h\u00eddrico, donde tenemos p\u00e9rdida de cultivos, tenemos a 4 mil 200 personas que estamos entreg\u00e1ndoles el suministro en camiones aljibes, hay una cifra considerable de mortandad de ganado, incluso, la mortandad de crianceros que, en b\u00fasqueda de agua y alimentos para sus animales, han fallecido en la cordillera\u201d as\u00ed lo se\u00f1al\u00f3 el alcalde, Cristian Herrera.<\/p>\n<p style=\"text-align: justify;\">De igual forma dijo que \u201cno podemos seguir haciendo lo mismo que hemos hecho hace a\u00f1os y de la misma manera, es por eso la importancia de la creaci\u00f3n de esta Oficina Municipal del Agua, que\u00a0nos va a permitir crear conciencia sobre la importancia de cuidar nuestro recurso h\u00eddrico y tambi\u00e9n generar nuevas pol\u00edticas en t\u00e9rminos de poder apalancar recursos y generar iniciativas pilotos e innovadoras para el cuidado del agua. Estamos contentos por eso, porque adem\u00e1s esta oficina est\u00e1 a cargo de un excelente profesional como es Caudio Vargas y que le iremos agregando m\u00e1s apoyo con el correr de las semanas, porque la idea es que esta oficina sea un pilar dentro de nuestra gesti\u00f3n municipal\u201d.<\/p>\n<p style=\"text-align: justify;\">Sin duda contar con este servicio municipal se traduce en un importante apoyo a la comunidad, ya que les permitir\u00e1 gestionar de proyectos, contar con fiscalizaciones, capacitaciones, entre otras iniciativas para buscar alternativas para enfrentar esta implacable sequ\u00eda. Al respecto Claudio Vargas, encargado de la Oficina Comunal del Agua, manifest\u00f3 que \u201cla verdad es que se hizo su lanzamiento oficial en esta jornada, pero realmente naci\u00f3 en enero. Los lineamientos, como lo dec\u00eda en la presentaci\u00f3n, contemplan un catastro, vale decir, una recopilaci\u00f3n de la informaci\u00f3n que hay y tambi\u00e9n generar nueva informaci\u00f3n del equipo de profesionales que tenemos. Luego de obtener y seleccionar todos los datos empezaremos a trabajar proponiendo una disminuci\u00f3n del consumo municipal, por ejemplo, del 10% al 20%\u00a0 y al final del a\u00f1o ver los resultados para corroborar cu\u00e1nto disminuimos el consumo para seguir trabajando los pr\u00f3ximos a\u00f1os y seguir disminuyendo. Estamos tambi\u00e9n muy motivados a trabajar con agrupaciones, organizaciones territoriales, sobre todo, para postular a proyectos\u201d.<\/p>\n<p style=\"text-align: justify;\">As\u00ed mismo el encargado de la nueva oficina municipal indic\u00f3 que \u201ceste mes se abrieron los fondos del Gobierno Regional, por lo tanto, tenemos que motivar a las organizaciones para que postulen\u201d.<\/p>\n<p style=\"text-align: justify;\">En la oportunidad estuvo presente el delegado presidencial provincial, Galo Luna, quien felicit\u00f3 al municipio por la iniciativa de contar con esta nueva oficina y manifest\u00f3 su apoyo para trabajar junto a los montepatrinos en busca de soluciones para enfrentar la sequ\u00eda. \u201cLo primero ha sido la ratificaci\u00f3n del compromiso del Presidente Gabriel Boric con la firma del Tratado de Escaz\u00fa que permite tambi\u00e9n tomar medidas en materias medioambientales importantes, pero tambi\u00e9n sabemos que debemos afrontar una problem\u00e1tica urgente en las comunas de la provincia. Por lo tanto, nos hemos dispuesto a trabajar en ese sentido de urgencia, primero por contener la emergencia, pero sin duda, hay que elevar proyectos de corto y mediano plazo que permitan tener una fuente de agua permanente para la recarga de los acu\u00edferos dado que esta problem\u00e1tica de escasez h\u00eddrica se transform\u00f3 en una situaci\u00f3n permanente\u201d as\u00ed lo indic\u00f3 el delegado provincial.<\/p>\n<p style=\"text-align: justify;\">La reutilizaci\u00f3n de aguas grises provenientes de los hogares o de las labores cotidianas se ha convertido en la alternativa viable y sostenible para riego y otros usos, en la comuna de Monte Patria, muestra de ello es el trabajo que han realizado los establecimientos educacionales: Escuela de El Palqui, Colegio B\u00e1sico Renacer de Cerrillos y Escuela Alejandro Chel\u00e9n Rojas de Cha\u00f1aral Alto, las cuales fueron reconocidas; durante la ceremonia, por su importante trabajo en el reciclaje de aguas grises.<\/p>\n<p style=\"text-align: justify;\">Una de las fundaciones sin fines de lucro que trabaja de manera ardua; junto a organizaciones y comunidades a fin de desarrollar estrategias para adaptarse a la escasez h\u00eddrica, mediante la educaci\u00f3n ambiental, la innovaci\u00f3n y el desarrollo de soluciones h\u00eddricas de bajo presupuesto adaptadas a los territorios en general y a las personas y sus organizaciones en particular; es la fundaci\u00f3n \u201cUn alto en el desierto\u201d. En la ocasi\u00f3n estuvo presente uno de sus fundadores, Nicol\u00e1s Schneider, quien agradeci\u00f3 la invitaci\u00f3n y present\u00f3 tres ejemplos concretos de innovadoras y pr\u00e1cticas formas de relacionarnos con el agua.<\/p>\n<p style=\"text-align: justify;\">\u201cEn realidad para aplicarlo hay que atreverse.\u00a0 Lo primero m\u00e1s que con recursos es hacerlo con ingenio. Y lo otro que es muy importante es hacerse la pregunta para qu\u00e9 quiero el agua, ya sea de lluvia, niebla o aguas grises es cuestionarse qu\u00e9 es lo que me est\u00e1 haciendo falta. Luego de eso, se debe empezar a golpear puertas, buscar socios. alianzas y poder conseguir proyectos\u201d dijo Schanider.<\/p>\n<p style=\"text-align: justify;\"><strong>\u00a0<\/strong><\/p>\n","protected":false},"excerpt":{"rendered":"<p>Se dieron a conocer los ejes estrat\u00e9gicos que desarrollar\u00e1n a trav\u00e9s de este nuevo servicio municipal. De igual forma, la ceremonia cont\u00f3 con la presentaci\u00f3n de ejemplos concretos de innovadoras y pr\u00e1cticas formas de relacionarnos con el agua<\/p>\n","protected":false},"author":2,"featured_media":6987,"comment_status":"open","ping_status":"open","sticky":false,"template":"","format":"standard","meta":{"footnotes":""},"categories":[5],"tags":[],"class_list":["post-6986","post","type-post","status-publish","format-standard","has-post-thumbnail","hentry","category-actualidad-limarina"],"_links":{"self":[{"href":"https:\/\/www.radiolimari.cl\/index.php?rest_route=\/wp\/v2\/posts\/6986","targetHints":{"allow":["GET"]}}],"collection":[{"href":"https:\/\/www.radiolimari.cl\/index.php?rest_route=\/wp\/v2\/posts"}],"about":[{"href":"https:\/\/www.radiolimari.cl\/index.php?rest_route=\/wp\/v2\/types\/post"}],"author":[{"embeddable":true,"href":"https:\/\/www.radiolimari.cl\/index.php?rest_route=\/wp\/v2\/users\/2"}],"replies":[{"embeddable":true,"href":"https:\/\/www.radiolimari.cl\/index.php?rest_route=%2Fwp%2Fv2%2Fcomments&post=6986"}],"version-history":[{"count":1,"href":"https:\/\/www.radiolimari.cl\/index.php?rest_route=\/wp\/v2\/posts\/6986\/revisions"}],"predecessor-version":[{"id":6988,"href":"https:\/\/www.radiolimari.cl\/index.php?rest_route=\/wp\/v2\/posts\/6986\/revisions\/6988"}],"wp:featuredmedia":[{"embeddable":true,"href":"https:\/\/www.radiolimari.cl\/index.php?rest_route=\/wp\/v2\/media\/6987"}],"wp:attachment":[{"href":"https:\/\/www.radiolimari.cl\/index.php?rest_route=%2Fwp%2Fv2%2Fmedia&parent=6986"}],"wp:term":[{"taxonomy":"category","embeddable":true,"href":"https:\/\/www.radiolimari.cl\/index.php?rest_route=%2Fwp%2Fv2%2Fcategories&post=6986"},{"taxonomy":"post_tag","embeddable":true,"href":"https:\/\/www.radiolimari.cl\/index.php?rest_route=%2Fwp%2Fv2%2Ftags&post=6986"}],"curies":[{"name":"wp","href":"https:\/\/api.w.org\/{rel}","templated":true}]}}