{"id":6983,"date":"2022-03-23T16:37:41","date_gmt":"2022-03-23T16:37:41","guid":{"rendered":"http:\/\/www.radiolimari.cl\/?p=6983"},"modified":"2022-03-23T16:37:41","modified_gmt":"2022-03-23T16:37:41","slug":"joven-ovallina-tiene-novedoso-criadero-de-aves-exoticas","status":"publish","type":"post","link":"https:\/\/www.radiolimari.cl\/?p=6983","title":{"rendered":"Joven Ovallina tiene novedoso Criadero de aves ex\u00f3ticas"},"content":{"rendered":"<p><a href=\"https:\/\/www.radiolimari.cl\/wp-content\/uploads\/2022\/03\/23.3-fosis.jpeg\"><img fetchpriority=\"high\" decoding=\"async\" class=\"alignnone size-medium wp-image-6984\" src=\"https:\/\/www.radiolimari.cl\/wp-content\/uploads\/2022\/03\/23.3-fosis-300x169.jpeg\" alt=\"23.3 fosis\" width=\"300\" height=\"169\" srcset=\"https:\/\/www.radiolimari.cl\/wp-content\/uploads\/2022\/03\/23.3-fosis-300x169.jpeg 300w, https:\/\/www.radiolimari.cl\/wp-content\/uploads\/2022\/03\/23.3-fosis-1024x577.jpeg 1024w, https:\/\/www.radiolimari.cl\/wp-content\/uploads\/2022\/03\/23.3-fosis.jpeg 1600w\" sizes=\"(max-width: 300px) 100vw, 300px\" \/><\/a><\/p>\n<p><strong><em>Paulina Mu\u00f1oz particip\u00f3 en el programa Yo Emprendo del FOSIS. Gracias a ello pudo adquirir una moderna incubadora y hoy cuenta con m\u00e1s de 100 aves ex\u00f3ticas e incluso comercializa sus huevos a otras regiones.<\/em><\/strong><\/p>\n<p><!--more--><\/p>\n<p>Hasta la localidad de Potrerillos Bajo- comuna de Ovalle- se traslad\u00f3 la \u00a0Directora Regional del FOSIS, Loreto Molina, para conocer el emprendimiento de Paulina Mu\u00f1oz, ovallina, madre de 3 hijos y usuaria del programa Yo Emprendo.<\/p>\n<p>El proyecto, denominado \u201cMini criadero de gallinas ornamentales\u201d, le ha permitido a Paulina encontrar un sustento para su familia y a su vez ir aumentando sus conocimientos en esta tem\u00e1tica. \u201cEn total hoy cuento con m\u00e1s de 100 especies ex\u00f3ticas de aves en mi criadero, no ha sido un trabajo f\u00e1cil, en un comienzo no contaba con mucho apoyo y el FOSIS ha sido muy importante para m\u00ed, pues me entreg\u00f3 capacitaci\u00f3n y adem\u00e1s un fondo que me permiti\u00f3 adquirir una incubadora de \u00faltima generaci\u00f3n, la verdad es que estoy muy agradecida\u201d, se\u00f1al\u00f3.<\/p>\n<p>Por su parte, la Directora Loreto Molina destac\u00f3 la gran tarea que lleva a diario Paulina. \u201cHoy conocimos una muy linda historia. Paulina vive en el sector rural de Ovalle con sus 3 hijos y a la vez ha sabido sacar adelante su emprendimiento. Nos cont\u00f3 que est\u00e1 muy agradecida del apoyo del FOSIS y eso nos pone muy contentos\u201d.<\/p>\n<p>&nbsp;<\/p>\n<p><strong>3 a\u00f1os con su negocio<\/strong><\/p>\n<p>Paulina nos cuenta que parti\u00f3 con este emprendimiento en 2018 y destac\u00f3 adem\u00e1s que env\u00eda \u201chuevitos\u201d a todo Chile. \u201cMe han llamado de diferentes partes del pa\u00eds y eso me tiene muy contenta. Gracias a la nueva incubadora los pollitos nacen m\u00e1s firmes y eso ha ayudado mucho a mi negocio porque antes sufr\u00eda muchas p\u00e9rdidas por no contar con la tecnolog\u00eda y eso afectaba mucho el bolsillo\u201d.<\/p>\n<p>Finalmente, la beneficiaria hizo un llamado a la ciudadan\u00eda a que postule a los proyectos del FOSIS. \u201cNo pierden nada con postular, yo lo hice y me sirvi\u00f3 mucho porque aprend\u00ed bastante y pude comprar mi nueva incubadora\u201d, expres\u00f3.<\/p>\n<p>Quienes deseen contactar a Paulina, pueden hacerlo en Facebook e Instagram como F\u00e9nix Perdiz Dorado o al Whatsapp +56966048218.<\/p>\n<p>&nbsp;<\/p>\n","protected":false},"excerpt":{"rendered":"<p>Paulina Mu\u00f1oz particip\u00f3 en el programa Yo Emprendo del FOSIS. Gracias a ello pudo adquirir una moderna incubadora y hoy cuenta con m\u00e1s de 100 aves ex\u00f3ticas e incluso comercializa sus huevos a otras regiones.<\/p>\n","protected":false},"author":2,"featured_media":6984,"comment_status":"open","ping_status":"open","sticky":false,"template":"","format":"standard","meta":{"footnotes":""},"categories":[3],"tags":[],"class_list":["post-6983","post","type-post","status-publish","format-standard","has-post-thumbnail","hentry","category-actualidad"],"_links":{"self":[{"href":"https:\/\/www.radiolimari.cl\/index.php?rest_route=\/wp\/v2\/posts\/6983","targetHints":{"allow":["GET"]}}],"collection":[{"href":"https:\/\/www.radiolimari.cl\/index.php?rest_route=\/wp\/v2\/posts"}],"about":[{"href":"https:\/\/www.radiolimari.cl\/index.php?rest_route=\/wp\/v2\/types\/post"}],"author":[{"embeddable":true,"href":"https:\/\/www.radiolimari.cl\/index.php?rest_route=\/wp\/v2\/users\/2"}],"replies":[{"embeddable":true,"href":"https:\/\/www.radiolimari.cl\/index.php?rest_route=%2Fwp%2Fv2%2Fcomments&post=6983"}],"version-history":[{"count":1,"href":"https:\/\/www.radiolimari.cl\/index.php?rest_route=\/wp\/v2\/posts\/6983\/revisions"}],"predecessor-version":[{"id":6985,"href":"https:\/\/www.radiolimari.cl\/index.php?rest_route=\/wp\/v2\/posts\/6983\/revisions\/6985"}],"wp:featuredmedia":[{"embeddable":true,"href":"https:\/\/www.radiolimari.cl\/index.php?rest_route=\/wp\/v2\/media\/6984"}],"wp:attachment":[{"href":"https:\/\/www.radiolimari.cl\/index.php?rest_route=%2Fwp%2Fv2%2Fmedia&parent=6983"}],"wp:term":[{"taxonomy":"category","embeddable":true,"href":"https:\/\/www.radiolimari.cl\/index.php?rest_route=%2Fwp%2Fv2%2Fcategories&post=6983"},{"taxonomy":"post_tag","embeddable":true,"href":"https:\/\/www.radiolimari.cl\/index.php?rest_route=%2Fwp%2Fv2%2Ftags&post=6983"}],"curies":[{"name":"wp","href":"https:\/\/api.w.org\/{rel}","templated":true}]}}