{"id":6963,"date":"2022-03-22T20:26:41","date_gmt":"2022-03-22T20:26:41","guid":{"rendered":"http:\/\/www.radiolimari.cl\/?p=6963"},"modified":"2022-03-22T20:26:41","modified_gmt":"2022-03-22T20:26:41","slug":"2-anos-al-servicio-de-la-poblacion-ovallina-cumplio-el-sar-marcos-macuada","status":"publish","type":"post","link":"https:\/\/www.radiolimari.cl\/?p=6963","title":{"rendered":"2 a\u00f1os al servicio de la poblaci\u00f3n ovallina cumpli\u00f3 el SAR Marcos Macuada"},"content":{"rendered":"<p><a href=\"https:\/\/www.radiolimari.cl\/wp-content\/uploads\/2022\/03\/SAr-Marcos-Macuada.jpg\"><img fetchpriority=\"high\" decoding=\"async\" class=\"alignnone size-medium wp-image-6964\" src=\"https:\/\/www.radiolimari.cl\/wp-content\/uploads\/2022\/03\/SAr-Marcos-Macuada-300x185.jpg\" alt=\"SAr Marcos Macuada\" width=\"300\" height=\"185\" srcset=\"https:\/\/www.radiolimari.cl\/wp-content\/uploads\/2022\/03\/SAr-Marcos-Macuada-300x185.jpg 300w, https:\/\/www.radiolimari.cl\/wp-content\/uploads\/2022\/03\/SAr-Marcos-Macuada.jpg 810w\" sizes=\"(max-width: 300px) 100vw, 300px\" \/><\/a><\/p>\n<p><strong><em>El recinto de salud, que se encuentra en las cercan\u00edas del Museo del Limar\u00ed, abri\u00f3 sus puertas en marzo de 2020 y ha sido fundamental para enfrentar la pandemia. Asimismo, se ha convertido en un gran apoyo a la red de urgencia de la comuna, puesto que funciona las 24 horas del d\u00eda.<\/em><\/strong><!--more--><\/p>\n<p>Ha sido un gran apoyo para la Red de Urgencia de Ovalle. El SAR Marcos Macuada est\u00e1 cumpliendo dos a\u00f1os al servicio de la comunidad local, con un balance muy positivo, sobretodo porque su funcionamiento ha contribuido con la pandemia en los \u00faltimos dos a\u00f1os.<\/p>\n<p>El Servicio de Atenci\u00f3n Primaria de Alta Resolutividad (SAR) abri\u00f3 sus puertas el 20 de marzo de 2020 y de inmediato se convirti\u00f3 en una alternativa para la poblaci\u00f3n que presenta problemas de salud, puesto que se mantiene disponible las 24 horas.<\/p>\n<p>Adem\u00e1s de las prestaciones para casos de urgencia como quemaduras, mordeduras o picaduras de animales, intoxicaciones por medicamentos, drogas, alcohol y consultas a causas respiratorias, el establecimiento efect\u00faa apoyo comunal de Atenci\u00f3n Primaria de Salud a otros centros, en lo que respecta a rayos X, llegando a realizar m\u00e1s de siete mil ex\u00e1menes imagenol\u00f3gicos, s\u00f3lo durante el a\u00f1o 2021.<\/p>\n<p>Asimismo, se efect\u00faa realizaci\u00f3n de TEST de ant\u00edgeno, permitiendo testear a la poblaci\u00f3n con s\u00edntomas y asintom\u00e1ticos con el objetivo de aislar oportunamente casos positivos de COVID-19, como lo indica la estrategia de Testeo, Trazabilidad y aislamiento.<\/p>\n<p>\u201cQuisiera aprovechar esta oportunidad, en la cual se celebra el segundo aniversario de nuestro SAR Marcos Macuada Ogalde, para enviar un saludo fraterno a todos los funcionarios que d\u00eda a d\u00eda se esfuerzan por brindar una buena atenci\u00f3n, dejando muchas veces de lado a su familia, a cambio de estar en primera l\u00ednea por la salud de nuestros usuarios, mis respetos hacia ustedes y un gran abrazo\u201d indic\u00f3 Angela Neira Monardez, jefa de Departamento de Salud Municipal de Ovalle.<\/p>\n<p>El alcalde de Ovalle, Claudio Renter\u00eda sostuvo que el SAR \u201cha sido un gran aporte para el sistema de atenci\u00f3n primaria de salud de Ovalle, sobretodo en lo que respecta a los casos sintom\u00e1ticos de Covid-19, ya que en el momento m\u00e1s complicado de la pandemia, los funcionarios tuvieron que recibir una alta carga de pacientes. Agradezco el compromiso que han demostrado, porque han hecho del SAR, un recinto muy confiable y expedito\u201d.<\/p>\n<p>&nbsp;<\/p>\n<p>&nbsp;<\/p>\n","protected":false},"excerpt":{"rendered":"<p>El recinto de salud, que se encuentra en las cercan\u00edas del Museo del Limar\u00ed, abri\u00f3 sus puertas en marzo de 2020 y ha sido fundamental para enfrentar la pandemia. Asimismo, se ha convertido en un gran apoyo a la red de urgencia de la comuna, puesto que funciona las 24 horas del d\u00eda.<\/p>\n","protected":false},"author":2,"featured_media":6964,"comment_status":"open","ping_status":"open","sticky":false,"template":"","format":"standard","meta":{"footnotes":""},"categories":[5],"tags":[],"class_list":["post-6963","post","type-post","status-publish","format-standard","has-post-thumbnail","hentry","category-actualidad-limarina"],"_links":{"self":[{"href":"https:\/\/www.radiolimari.cl\/index.php?rest_route=\/wp\/v2\/posts\/6963","targetHints":{"allow":["GET"]}}],"collection":[{"href":"https:\/\/www.radiolimari.cl\/index.php?rest_route=\/wp\/v2\/posts"}],"about":[{"href":"https:\/\/www.radiolimari.cl\/index.php?rest_route=\/wp\/v2\/types\/post"}],"author":[{"embeddable":true,"href":"https:\/\/www.radiolimari.cl\/index.php?rest_route=\/wp\/v2\/users\/2"}],"replies":[{"embeddable":true,"href":"https:\/\/www.radiolimari.cl\/index.php?rest_route=%2Fwp%2Fv2%2Fcomments&post=6963"}],"version-history":[{"count":1,"href":"https:\/\/www.radiolimari.cl\/index.php?rest_route=\/wp\/v2\/posts\/6963\/revisions"}],"predecessor-version":[{"id":6965,"href":"https:\/\/www.radiolimari.cl\/index.php?rest_route=\/wp\/v2\/posts\/6963\/revisions\/6965"}],"wp:featuredmedia":[{"embeddable":true,"href":"https:\/\/www.radiolimari.cl\/index.php?rest_route=\/wp\/v2\/media\/6964"}],"wp:attachment":[{"href":"https:\/\/www.radiolimari.cl\/index.php?rest_route=%2Fwp%2Fv2%2Fmedia&parent=6963"}],"wp:term":[{"taxonomy":"category","embeddable":true,"href":"https:\/\/www.radiolimari.cl\/index.php?rest_route=%2Fwp%2Fv2%2Fcategories&post=6963"},{"taxonomy":"post_tag","embeddable":true,"href":"https:\/\/www.radiolimari.cl\/index.php?rest_route=%2Fwp%2Fv2%2Ftags&post=6963"}],"curies":[{"name":"wp","href":"https:\/\/api.w.org\/{rel}","templated":true}]}}