{"id":6960,"date":"2022-03-22T19:48:07","date_gmt":"2022-03-22T19:48:07","guid":{"rendered":"http:\/\/www.radiolimari.cl\/?p=6960"},"modified":"2022-03-22T19:50:27","modified_gmt":"2022-03-22T19:50:27","slug":"junji-coquimbo-entrega-orientaciones-para-abordar-el-proceso-de-adaptacion-de-ninos-y-ninas-al-jardin-infantil","status":"publish","type":"post","link":"https:\/\/www.radiolimari.cl\/?p=6960","title":{"rendered":"Junji Coquimbo entrega orientaciones para abordar el proceso de adaptaci\u00f3n de ni\u00f1os y ni\u00f1as al jard\u00edn infantil"},"content":{"rendered":"<p><a href=\"https:\/\/www.radiolimari.cl\/wp-content\/uploads\/2022\/03\/22.3-Live-JUNJI-TE-ACOMPA\u00d1A.png\"><img fetchpriority=\"high\" decoding=\"async\" class=\"alignnone size-medium wp-image-6961\" src=\"https:\/\/www.radiolimari.cl\/wp-content\/uploads\/2022\/03\/22.3-Live-JUNJI-TE-ACOMPA\u00d1A-300x168.png\" alt=\"22.3 Live JUNJI TE ACOMPA\u00d1A\" width=\"300\" height=\"168\" srcset=\"https:\/\/www.radiolimari.cl\/wp-content\/uploads\/2022\/03\/22.3-Live-JUNJI-TE-ACOMPA\u00d1A-300x168.png 300w, https:\/\/www.radiolimari.cl\/wp-content\/uploads\/2022\/03\/22.3-Live-JUNJI-TE-ACOMPA\u00d1A-1024x574.png 1024w, https:\/\/www.radiolimari.cl\/wp-content\/uploads\/2022\/03\/22.3-Live-JUNJI-TE-ACOMPA\u00d1A.png 1272w\" sizes=\"(max-width: 300px) 100vw, 300px\" \/><\/a><\/p>\n<p><em>Conversar previamente con los ni\u00f1os y ni\u00f1as acerca de la etapa que comenzar\u00e1n a vivir y entregar el tiempo suficiente para el momento del ingreso presencial, ser\u00e1n factores claves para un retorno tranquilo y seguro.<\/em><!--more--><\/p>\n<p>A partir de marzo de este a\u00f1o los establecimientos \u00a0de la Junta Nacional de Jardines Infantiles (Junji) retomaron sus actividades de forma totalmente presencial, siendo para muchos ni\u00f1os y ni\u00f1as \u00a0\u00a0su primer acercamiento a la educaci\u00f3n inicial. Sin embargo, surge una preocupaci\u00f3n de parte de los padres, cuidadores y familias acerca del proceso de adaptaci\u00f3n al jard\u00edn infantil, como tambi\u00e9n de la aplicaci\u00f3n de las medidas sanitarias contra el COVID-19, al interior de las unidades educativas.<\/p>\n<p>Para resolver dudas y consultas respecto a estos temas, conversamos en el programa online \u201cJunji Te Acompa\u00f1a\u201d, con la educadora de p\u00e1rvulos y encargada del jard\u00edn infantil, Pablo Neruda de Vicu\u00f1a, Rosario Godoy y con la asistente social de la oficina de Buen Trato de la Junji Coquimbo, Fabiola \u00c1lvarez, acerca de estrategias y consejos que se abordan y entregan desde la instituci\u00f3n para los primeros d\u00edas de jard\u00edn infantil.<\/p>\n<p>Al respecto, la encargada del establecimiento recomienda en una primera instancia que \u201ces importante que las familias cuenten con el tiempo necesario, m\u00e1s los primeros d\u00edas de adaptaci\u00f3n al jard\u00edn. Escucharlos, estar atentos a sus tel\u00e9fonos, porque es probable que sus hijos los necesiten antes. Buscar una red de apoyo para atender la necesidad emocional del ni\u00f1o o la ni\u00f1a, ya que ellos necesitan contenci\u00f3n emocional, y aunque tengamos todas las t\u00e9cnicas y capacidades, nunca se va a comparar con la de la familia\u201d.<\/p>\n<p>En esa l\u00ednea, la educadora, comenta que la unidad educativa elabor\u00f3 un documento con orientaciones sobre el periodo de adaptaci\u00f3n, donde se entregan consejos sobre contenci\u00f3n emocional, relevando que \u201ces importante conversar con ellos antes (ni\u00f1os y ni\u00f1as). Varias mam\u00e1s previo al ingreso, pasaban con sus hijos por fuera y les contaban que aqu\u00ed iban a venir, les presentaban el jard\u00edn. En ese sentido es importante que el ni\u00f1o comience a familiarizarse con el lugar\u201d, subraya Godoy.<\/p>\n<p>Asimismo, destaca que \u201cen nuestro establecimiento adecuamos un espacio para que las familias puedan contener a los ni\u00f1os y las ni\u00f1as, lo cual ha resultado muy bien, donde adem\u00e1s hay un agente educativo que est\u00e1 pendiente para entregar apoyo\u201d.<\/p>\n<p>Otra estrategia que lleva a cabo el jard\u00edn, \u201ces que una educadora por nivel recibe en la puerta a los ni\u00f1os y ni\u00f1as, donde ocurre el primer encuentro. \u00a0Adem\u00e1s de ello, ha resultado muy favorable que los p\u00e1rvulos tengan un acceso pleno al jard\u00edn, para que se sientan con la libertad de explorar, de tocar los juguetes, lo cual se traduce en que se sientan m\u00e1s seguros y comiencen a apropiarse del espacio\u201d, se\u00f1ala la educadora.<\/p>\n<p>Respecto de la socializaci\u00f3n de los protocolos COVID, la unidad educativa hizo entrega de un documento a las familias sobre las medidas sanitarias que se est\u00e1n implementando, las que los padres y apoderados pueden ver al momento de la llegada al jard\u00edn, como son las se\u00f1al\u00e9ticas, toma de temperatura, alcohol gel, etc., las que se aplican de manera estricta d\u00eda a d\u00eda.<\/p>\n<p>\u201cEn ese sentido le damos la seguridad a las familias que estamos cumpliendo con la normativa y ellos son el pilar fundamental para que esto resulte\u201d, enfatiza.<\/p>\n<p>Desde la oficina de Buen Trato de la Junji Coquimbo, la asistente social Fabiola \u00c1lvarez, destaca la preparaci\u00f3n de los equipos previo al retorno, \u201cya que ponen siempre en el centro la salud mental y el bienestar socioemocional de los ni\u00f1os y ni\u00f1as, lo cual es primordial y repercute en la tranquilidad de las familias\u201d.<\/p>\n<p>En ese sentido, recalca que la protecci\u00f3n y el afecto son fundamentales en este proceso donde, no s\u00f3lo son part\u00edcipes los ni\u00f1os y ni\u00f1as, sino tambi\u00e9n las familias, y bajo el contexto actual, existen temores.<\/p>\n<p>Por otra parte, \u00c1lvarez coincide y comparte las estrategias que ha desarrollado el jard\u00edn, las que tambi\u00e9n se realizan en otras unidades educativas de la regi\u00f3n, favoreciendo el ejercicio pleno del derecho a la educaci\u00f3n de ni\u00f1os y ni\u00f1as.<\/p>\n<p>\u201cHay dos conceptos claves: la anticipaci\u00f3n y la contenci\u00f3n que requieren los ni\u00f1os y ni\u00f1as, al incorporarse al jard\u00edn infantil, que en una primera instancia se hace desde las familias y luego los equipos educativos, por lo que es muy importante este trabajo conjunto\u201d.<\/p>\n<p>Hablarle de los tiempos, horarios, de manifestarles que no se van a quedar para siempre en el jard\u00edn infantil, anticiparles la llegada, explic\u00e1ndoles que estar\u00e1 con educadoras, con otros ni\u00f1os, responderles sus dudas, generar\u00e1 una base segura en ellos.<\/p>\n<p>Otro punto importante, que destaca \u00c1lvarez, es promover la asistencia, lo que favorecer\u00e1 sin duda la adaptaci\u00f3n y la familiarizaci\u00f3n al espacio educativo.<\/p>\n<p>\u201cEntender tambi\u00e9n que cada ni\u00f1o y ni\u00f1a es un mundo distinto, por lo tanto, sus procesos de adaptaci\u00f3n son diferentes\u201d concluye.<\/p>\n<p>&nbsp;<\/p>\n","protected":false},"excerpt":{"rendered":"<p>Conversar previamente con los ni\u00f1os y ni\u00f1as acerca de la etapa que comenzar\u00e1n a vivir y entregar el tiempo suficiente para el momento del ingreso presencial, ser\u00e1n factores claves para un retorno tranquilo y seguro.<\/p>\n","protected":false},"author":2,"featured_media":6961,"comment_status":"open","ping_status":"open","sticky":false,"template":"","format":"standard","meta":{"footnotes":""},"categories":[6],"tags":[],"class_list":["post-6960","post","type-post","status-publish","format-standard","has-post-thumbnail","hentry","category-regionales"],"_links":{"self":[{"href":"https:\/\/www.radiolimari.cl\/index.php?rest_route=\/wp\/v2\/posts\/6960","targetHints":{"allow":["GET"]}}],"collection":[{"href":"https:\/\/www.radiolimari.cl\/index.php?rest_route=\/wp\/v2\/posts"}],"about":[{"href":"https:\/\/www.radiolimari.cl\/index.php?rest_route=\/wp\/v2\/types\/post"}],"author":[{"embeddable":true,"href":"https:\/\/www.radiolimari.cl\/index.php?rest_route=\/wp\/v2\/users\/2"}],"replies":[{"embeddable":true,"href":"https:\/\/www.radiolimari.cl\/index.php?rest_route=%2Fwp%2Fv2%2Fcomments&post=6960"}],"version-history":[{"count":1,"href":"https:\/\/www.radiolimari.cl\/index.php?rest_route=\/wp\/v2\/posts\/6960\/revisions"}],"predecessor-version":[{"id":6962,"href":"https:\/\/www.radiolimari.cl\/index.php?rest_route=\/wp\/v2\/posts\/6960\/revisions\/6962"}],"wp:featuredmedia":[{"embeddable":true,"href":"https:\/\/www.radiolimari.cl\/index.php?rest_route=\/wp\/v2\/media\/6961"}],"wp:attachment":[{"href":"https:\/\/www.radiolimari.cl\/index.php?rest_route=%2Fwp%2Fv2%2Fmedia&parent=6960"}],"wp:term":[{"taxonomy":"category","embeddable":true,"href":"https:\/\/www.radiolimari.cl\/index.php?rest_route=%2Fwp%2Fv2%2Fcategories&post=6960"},{"taxonomy":"post_tag","embeddable":true,"href":"https:\/\/www.radiolimari.cl\/index.php?rest_route=%2Fwp%2Fv2%2Ftags&post=6960"}],"curies":[{"name":"wp","href":"https:\/\/api.w.org\/{rel}","templated":true}]}}