{"id":6951,"date":"2022-03-22T14:59:35","date_gmt":"2022-03-22T14:59:35","guid":{"rendered":"http:\/\/www.radiolimari.cl\/?p=6951"},"modified":"2022-03-22T14:59:35","modified_gmt":"2022-03-22T14:59:35","slug":"se-abre-convocatorias-2022-para-las-escuelas-de-rock-para-ciclos-de-produccion-musical-en-todo-el-pais","status":"publish","type":"post","link":"https:\/\/www.radiolimari.cl\/?p=6951","title":{"rendered":"Se abre convocatorias 2022 para las Escuelas de Rock para ciclos de producci\u00f3n musical en todo el pa\u00eds"},"content":{"rendered":"<p><a href=\"https:\/\/www.radiolimari.cl\/wp-content\/uploads\/2022\/03\/22.3-Barbie-Black-participante-ER-en-Rockodromo-2021-Fran-Nu\u011bn\u0162ez.png\"><img fetchpriority=\"high\" decoding=\"async\" class=\"alignnone size-medium wp-image-6953\" src=\"https:\/\/www.radiolimari.cl\/wp-content\/uploads\/2022\/03\/22.3-Barbie-Black-participante-ER-en-Rockodromo-2021-Fran-Nu\u011bn\u0162ez-300x227.png\" alt=\"22.3 Barbie Black participante ER en Rockodromo 2021 (Fran Nu\u011bn\u0162ez)\" width=\"300\" height=\"227\" srcset=\"https:\/\/www.radiolimari.cl\/wp-content\/uploads\/2022\/03\/22.3-Barbie-Black-participante-ER-en-Rockodromo-2021-Fran-Nu\u011bn\u0162ez-300x227.png 300w, https:\/\/www.radiolimari.cl\/wp-content\/uploads\/2022\/03\/22.3-Barbie-Black-participante-ER-en-Rockodromo-2021-Fran-Nu\u011bn\u0162ez.png 917w\" sizes=\"(max-width: 300px) 100vw, 300px\" \/><\/a><\/p>\n<p><strong>El primer llamado ser\u00e1 para el ciclo de formaci\u00f3n Escuelas de Rock Mujeres Creadoras 2022, orientado a solistas y bandas conformadas por mujeres. Las participantes podr\u00e1n optar a clases personalizadas, adem\u00e1s de presentarse en los escenarios regionales del programa del Ministerio de las Culturas y en el festival Rock\u00f3dromo. Para el resto del pa\u00eds, las convocatorias abren el 25 de marzo.<\/strong><!--more--><\/p>\n<p>Un nuevo a\u00f1o comienza para las Escuelas de Rock y M\u00fasica Popular, el programa del Ministerio de las Culturas, las Artes y el Patrimonio que ofrece clases y talleres online sobre producci\u00f3n musical para las nuevas bandas y solistas de Chile; y que abre cupos para tocar en vivo en alguno de sus escenarios, distribuidos en las 16 regiones del pa\u00eds.<\/p>\n<p>As\u00ed, son cuatro las convocatorias que concentrar\u00e1n la actividad del programa durante el primer semestre, siendo la primera de ellas la invitaci\u00f3n a participar del ciclo Escuelas de Rock Mujeres Creadoras 2022, cuya convocatoria estar\u00e1 disponible desde el 15 de marzo en el sitio web <a href=\"http:\/\/www.escuelasderock.cl\">www.escuelasderock.cl<\/a>. El resto de las convocatorias -que incluyen a todas las regiones del pa\u00eds- se abrir\u00e1n el 25 de marzo.<\/p>\n<p>La cuarta versi\u00f3n del ciclo de formaci\u00f3n Escuelas de Rock Mujeres Creadoras se trata de una serie de talleres, clases y encuentros en modalidad digital, orientados a \u00a0proyectos musicales con canciones y obras originales, que podr\u00e1n as\u00ed obtener herramientas en las \u00e1reas de producci\u00f3n musical, t\u00e9cnica, gesti\u00f3n y difusi\u00f3n digital y m\u00e1s.<\/p>\n<p>Las clases -que se impartir\u00e1n en modalidad online, a trav\u00e9s de videoconferencias- se extender\u00e1n entre el 25 y el 29 de abril. Una vez concluida esta etapa, un jurado seleccionar\u00e1 diez proyectos participantes para que se presenten en los distintos escenarios que producen las Escuelas de Rock y M\u00fasica Popular, junto con sostener una serie de clases de producci\u00f3n musical individualizadas.<\/p>\n<p><strong>Clases en todo el pa\u00eds<\/strong><\/p>\n<p>Escuelas de Rock Mujeres Creadoras 2022 es un ciclo de formaci\u00f3n destinado exclusivamente para solistas mujeres y bandas conformadas en su totalidad por integrantes mujeres. El resto de los procesos formativos, para todas las regiones del pa\u00eds, ser\u00e1n de car\u00e1cter abierto. Todas las agrupaciones y m\u00fasicos participantes de estas convocatorias podr\u00e1n optar, tambi\u00e9n, a la etapa de clases personalizadas por banda, a tocar en los festivales regionales, realizar \u201cintercambios\u201d con otros cert\u00e1menes de esa misma red de escenarios, y a presentarse en la pr\u00f3xima edici\u00f3n del festival Rock\u00f3dromo, a realizarse tentativamente en diciembre de este a\u00f1o.<\/p>\n<p>\u201cQuienes participen de estos procesos formativos podr\u00e1n optar a ser parte de la Red Nacional de Festival del Programa Escuelas de Rock y M\u00fasica Popular, que tendr\u00e1 escenarios en las 16 regiones del pa\u00eds, accediendo a participar en el escenario principal del Festival Rock\u00f3dromo, el que se podr\u00eda desarrollar a fin de este a\u00f1o en Valpara\u00edso, en un evento gratuito y con presencia de m\u00fasicos de todo el territorio nacional\u201d, explic\u00f3 Cristi\u00e1n Z\u00fa\u00f1iga, director de Escuelas de Rock.<\/p>\n<p>Todos los ciclos formativos de Escuelas de Rock, as\u00ed como los escenarios y festivales que organiza, son de car\u00e1cter p\u00fablico y abierto. En los pr\u00f3ximos d\u00edas se abrir el resto de las convocatorias, seg\u00fan la siguiente calendarizaci\u00f3n:<\/p>\n<p><strong>Zona Norte 2022<\/strong> (Arica y Parinacota, Tarapac\u00e1, Antofagasta, Atacama, Coquimbo y Valpara\u00edso): Convocatoria desde el 25 de marzo al 25 de abril. Clases online desde el 9 al 13 de mayo.<\/p>\n<p><strong>Zona Centro Sur 2022 <\/strong>(Regi\u00f3n Metropolitana de Santiago, O\u2019Higgins, Maule, \u00d1uble y Biob\u00edo): Convocatoria desde el lunes 25 de marzo al lunes 25 de abril. Clases online desde el 16 al 20 de mayo.<\/p>\n<p><strong>Zona Austral 2022<\/strong> (La Araucan\u00eda, Los R\u00edos, Los Lagos, Ays\u00e9n y Magallanes): Convocatoria desde el lunes 25 de marzo al lunes 25 de abril. Clases online desde el 23 al 27 de mayo.<\/p>\n","protected":false},"excerpt":{"rendered":"<p>El primer llamado ser\u00e1 para el ciclo de formaci\u00f3n Escuelas de Rock Mujeres Creadoras 2022, orientado a solistas y bandas conformadas por mujeres. Las participantes podr\u00e1n optar a clases personalizadas, adem\u00e1s de presentarse en los escenarios regionales del programa del Ministerio de las Culturas y en el festival Rock\u00f3dromo. Para el resto del pa\u00eds, las &#8230;<\/p>\n","protected":false},"author":2,"featured_media":6953,"comment_status":"open","ping_status":"open","sticky":false,"template":"","format":"standard","meta":{"footnotes":""},"categories":[3],"tags":[],"class_list":["post-6951","post","type-post","status-publish","format-standard","has-post-thumbnail","hentry","category-actualidad"],"_links":{"self":[{"href":"https:\/\/www.radiolimari.cl\/index.php?rest_route=\/wp\/v2\/posts\/6951","targetHints":{"allow":["GET"]}}],"collection":[{"href":"https:\/\/www.radiolimari.cl\/index.php?rest_route=\/wp\/v2\/posts"}],"about":[{"href":"https:\/\/www.radiolimari.cl\/index.php?rest_route=\/wp\/v2\/types\/post"}],"author":[{"embeddable":true,"href":"https:\/\/www.radiolimari.cl\/index.php?rest_route=\/wp\/v2\/users\/2"}],"replies":[{"embeddable":true,"href":"https:\/\/www.radiolimari.cl\/index.php?rest_route=%2Fwp%2Fv2%2Fcomments&post=6951"}],"version-history":[{"count":1,"href":"https:\/\/www.radiolimari.cl\/index.php?rest_route=\/wp\/v2\/posts\/6951\/revisions"}],"predecessor-version":[{"id":6954,"href":"https:\/\/www.radiolimari.cl\/index.php?rest_route=\/wp\/v2\/posts\/6951\/revisions\/6954"}],"wp:featuredmedia":[{"embeddable":true,"href":"https:\/\/www.radiolimari.cl\/index.php?rest_route=\/wp\/v2\/media\/6953"}],"wp:attachment":[{"href":"https:\/\/www.radiolimari.cl\/index.php?rest_route=%2Fwp%2Fv2%2Fmedia&parent=6951"}],"wp:term":[{"taxonomy":"category","embeddable":true,"href":"https:\/\/www.radiolimari.cl\/index.php?rest_route=%2Fwp%2Fv2%2Fcategories&post=6951"},{"taxonomy":"post_tag","embeddable":true,"href":"https:\/\/www.radiolimari.cl\/index.php?rest_route=%2Fwp%2Fv2%2Ftags&post=6951"}],"curies":[{"name":"wp","href":"https:\/\/api.w.org\/{rel}","templated":true}]}}