{"id":6948,"date":"2022-03-22T14:18:58","date_gmt":"2022-03-22T14:18:58","guid":{"rendered":"http:\/\/www.radiolimari.cl\/?p=6948"},"modified":"2022-03-22T14:18:58","modified_gmt":"2022-03-22T14:18:58","slug":"un-encuentro-regional-de-taekwondo-se-realizo-en-la-ciudad-de-la-serena","status":"publish","type":"post","link":"https:\/\/www.radiolimari.cl\/?p=6948","title":{"rendered":"Un encuentro regional de Taekwondo se realiz\u00f3 en la ciudad de La Serena"},"content":{"rendered":"<p><a href=\"https:\/\/www.radiolimari.cl\/wp-content\/uploads\/2022\/03\/22.3-taekwondo_cendur2.jpeg\"><img fetchpriority=\"high\" decoding=\"async\" class=\"alignnone size-medium wp-image-6949\" src=\"https:\/\/www.radiolimari.cl\/wp-content\/uploads\/2022\/03\/22.3-taekwondo_cendur2-300x170.jpeg\" alt=\"22.3 taekwondo_cendur2\" width=\"300\" height=\"170\" srcset=\"https:\/\/www.radiolimari.cl\/wp-content\/uploads\/2022\/03\/22.3-taekwondo_cendur2-300x170.jpeg 300w, https:\/\/www.radiolimari.cl\/wp-content\/uploads\/2022\/03\/22.3-taekwondo_cendur2-1024x583.jpeg 1024w, https:\/\/www.radiolimari.cl\/wp-content\/uploads\/2022\/03\/22.3-taekwondo_cendur2.jpeg 1280w\" sizes=\"(max-width: 300px) 100vw, 300px\" \/><\/a><\/p>\n<p><span style=\"color: #222222;\">La iniciativa desarrollada en el Cendyr de La Serena, denominado\u00a0 \u201cEncuentro de Combates\u201d, actividad deportiva que reuni\u00f3 a cultores de esta disciplina de \u00a0Monte Patria, \u00a0Combarbal\u00e1, La Serena y Coquimbo<\/span><!--more--><\/p>\n<div style=\"color: #222222;\">M\u00e1s de doscientos deportistas, \u00a0de todas las categor\u00edas, \u00a0se congregaron en el Cendyr de La Serena, con el prop\u00f3sito \u00a0de vivir un \u201cEncuentro de Combates\u201d, actividad deportiva &#8211; recreativa, que consisti\u00f3 en una serie de combates ininterrumpidos, en dos tatamis reglamentarios y un tatamis para infantiles, desplegados en la cancha multiprop\u00f3sitos del Parque Cendyr.<\/div>\n<div style=\"color: #222222;\"><\/div>\n<div style=\"color: #222222;\">El objetivo principal de este encuentro,\u00a0 fue el marcar el inicio \u00a0de la pr\u00e1ctica de \u00a0disciplina de manera presencial, reencontrarse y reanudar los lazos de amistad entre los muchos cultores del Taekwondo a nivel regional.<\/div>\n<div style=\"color: #222222;\">\nAs\u00ed lo se\u00f1ala, \u00a0 Keigo Miranda, encargado de la Escuela de Especializaci\u00f3n de \u00a0Taekwondo del programa \u201cCrecer en Movimiento\u201d \u00a0del Instituto Nacional de Deportes:<b><i>\u00a0\u201ceste \u00a0\u201cEncuentro de Combate\u201d, \u00a0entre los talleres del Instituto Nacional de Deportes, que son el \u201cPrograma Crecer en Movimiento\u201d, \u00a0\u201cEscuelas Estrat\u00e9gicas\u201d, \u201cJ\u00f3venes en Movimiento\u201d y \u201cMujer\u201d, adem\u00e1s de los talleres externos de alguna municipalidades, \u00a0que nos est\u00e1n acompa\u00f1ando, gente de Ovalle, Monte Patria, \u00a0Combarbal\u00e1, La Serena y Coquimbo, lo que nos re\u00fane hoy d\u00eda, \u00a0es reencontrarnos con las competencias , es una actividad amistosa, \u00a0donde generamos \u00a0lazos, \u00a0entre los dem\u00e1s deportistas\u201d.<\/i><\/b><\/p>\n<p>Adem\u00e1s, \u00a0participaron en esta actividad recreativa \u2013 deportiva, los \u00a0integrantes del equipo del \u00a0\u201cPrograma \u00a0Promesas Chile\u201d de la regi\u00f3n, al respecto su t\u00e9cnico Diego Canales, se\u00f1ala:<b><i>\u00a0\u201desta actividad es de suma importancia para nosotros, ya que no hemos tenido competencias oficiales, \u00a0desde el \u00a0a\u00f1o 2019, y \u00a0la pr\u00f3xima semana volvemos a competir, \u00a0en la \u201cCopa Chile\u201d, con deportistas de todo el pa\u00eds, \u00a0 donde van asistir deportistas no solo de La Serena, sino tambi\u00e9n de Coquimbo y un representante de Combarbal\u00e1, esperamos que a todos nos vaya bien\u201d.<\/i><\/b><\/p>\n<p>Tambi\u00e9n, \u00a0el Director regional del Instituto Nacional de Deportes, \u00a0Jonathan Pino Naranjo, agrega:\u00a0<b><i>\u201cse ha realizado esta actividad,\u00a0 un festival de Taekwondo, con cuatro comunas participantes con sus distintas escuelas , Combarbal\u00e1, Monte Patria, Coquimbo, La Serena y tambi\u00e9n los ni\u00f1os de Promesas Chile, actividad que ha sido muy masiva, \u00a0hay unos doscientos deportistas, \u00a0m\u00e1s los apoderados que nos est\u00e1n acompa\u00f1ando, \u00a0y lo importante que estamos retomando las actividades deportivas pres\u00e9nciales, esta es una actividad, \u00a0para poder ver el progreso de nuestros ni\u00f1os y ni\u00f1as y lo m\u00e1s importante, es que estamos utilizando nuevamente este recinto<\/i><\/b>\u201d.<\/p>\n<p>En la oportunidad, se present\u00f3, \u00a0ante la numerosa asistencia a los deportistas , que representar\u00e1n a la regi\u00f3n en el Torneo Nacional \u00a0de Taekwondo \u00a0\u201cCopa Chile\u201d, \u00a0bajo la organizaci\u00f3n de la \u00a0Federaci\u00f3n Chilena de Taekwondo, que se realizar\u00e1 pr\u00f3ximamente, \u00a0en el Centro de Entrenamiento Ol\u00edmpico (CEO), de la capital, el \u00a0representativo regional estar\u00e1 formado por los integrantes de Promesas Chile: Valentina Carvajal, Martin Veliz, Leonardo Vargas, desde Coquimbo en categor\u00eda adultos, participar\u00e1n los integrante del Club Deportivo \u201cLa Legi\u00f3n\u201d: Marianela \u00a0Bustos y Steven Fuentes, adem\u00e1s del destacado deportista combarbalino Kevin Contreras.<\/p><\/div>\n","protected":false},"excerpt":{"rendered":"<p>La iniciativa desarrollada en el Cendyr de La Serena, denominado\u00a0 \u201cEncuentro de Combates\u201d, actividad deportiva que reuni\u00f3 a cultores de esta disciplina de \u00a0Monte Patria, \u00a0Combarbal\u00e1, La Serena y Coquimbo<\/p>\n","protected":false},"author":2,"featured_media":6949,"comment_status":"open","ping_status":"open","sticky":false,"template":"","format":"standard","meta":{"footnotes":""},"categories":[6],"tags":[],"class_list":["post-6948","post","type-post","status-publish","format-standard","has-post-thumbnail","hentry","category-regionales"],"_links":{"self":[{"href":"https:\/\/www.radiolimari.cl\/index.php?rest_route=\/wp\/v2\/posts\/6948","targetHints":{"allow":["GET"]}}],"collection":[{"href":"https:\/\/www.radiolimari.cl\/index.php?rest_route=\/wp\/v2\/posts"}],"about":[{"href":"https:\/\/www.radiolimari.cl\/index.php?rest_route=\/wp\/v2\/types\/post"}],"author":[{"embeddable":true,"href":"https:\/\/www.radiolimari.cl\/index.php?rest_route=\/wp\/v2\/users\/2"}],"replies":[{"embeddable":true,"href":"https:\/\/www.radiolimari.cl\/index.php?rest_route=%2Fwp%2Fv2%2Fcomments&post=6948"}],"version-history":[{"count":1,"href":"https:\/\/www.radiolimari.cl\/index.php?rest_route=\/wp\/v2\/posts\/6948\/revisions"}],"predecessor-version":[{"id":6950,"href":"https:\/\/www.radiolimari.cl\/index.php?rest_route=\/wp\/v2\/posts\/6948\/revisions\/6950"}],"wp:featuredmedia":[{"embeddable":true,"href":"https:\/\/www.radiolimari.cl\/index.php?rest_route=\/wp\/v2\/media\/6949"}],"wp:attachment":[{"href":"https:\/\/www.radiolimari.cl\/index.php?rest_route=%2Fwp%2Fv2%2Fmedia&parent=6948"}],"wp:term":[{"taxonomy":"category","embeddable":true,"href":"https:\/\/www.radiolimari.cl\/index.php?rest_route=%2Fwp%2Fv2%2Fcategories&post=6948"},{"taxonomy":"post_tag","embeddable":true,"href":"https:\/\/www.radiolimari.cl\/index.php?rest_route=%2Fwp%2Fv2%2Ftags&post=6948"}],"curies":[{"name":"wp","href":"https:\/\/api.w.org\/{rel}","templated":true}]}}