{"id":6944,"date":"2022-03-17T16:25:01","date_gmt":"2022-03-17T16:25:01","guid":{"rendered":"http:\/\/www.radiolimari.cl\/?p=6944"},"modified":"2022-03-17T16:25:58","modified_gmt":"2022-03-17T16:25:58","slug":"en-la-region-caudales-de-rios-registran-bajos-niveles-por-cuarto-ano-consecutivo","status":"publish","type":"post","link":"https:\/\/www.radiolimari.cl\/?p=6944","title":{"rendered":"En la regi\u00f3n Caudales de r\u00edos registran bajos niveles por cuarto a\u00f1o consecutivo"},"content":{"rendered":"<p><a href=\"https:\/\/www.radiolimari.cl\/wp-content\/uploads\/2022\/03\/3.jpg\"><img fetchpriority=\"high\" decoding=\"async\" class=\"alignnone size-medium wp-image-6945\" src=\"https:\/\/www.radiolimari.cl\/wp-content\/uploads\/2022\/03\/3-300x225.jpg\" alt=\"3\" width=\"300\" height=\"225\" srcset=\"https:\/\/www.radiolimari.cl\/wp-content\/uploads\/2022\/03\/3-300x225.jpg 300w, https:\/\/www.radiolimari.cl\/wp-content\/uploads\/2022\/03\/3.jpg 666w\" sizes=\"(max-width: 300px) 100vw, 300px\" \/><\/a><\/p>\n<p><span style=\"font-weight: 600; color: #000000;\">El documento del CEAZA reporta adem\u00e1s respecto a los niveles hist\u00f3ricamente bajos en los caudales junto con\u00a0 la disminuci\u00f3n evidente de las reservas en los embalses<\/span><!--more--><\/p>\n<div id=\"middle\" style=\"color: #000000;\">\n<div class=\"middle_inner\">\n<div class=\"content_wrap r_sidebar\">\n<div class=\"sidebar_sep\">\n<div class=\"content entry\">\n<div class=\"blog opened-article\">\n<article id=\"post-13610\" class=\"post-13610 post type-post status-publish format-standard has-post-thumbnail hentry category-noticias\">\n<div class=\"cmsms_post_cont\">\n<div class=\"cmsms_post_content entry-content\" style=\"font-weight: 600; color: black;\">\n<p>De acuerdo al Bolet\u00edn Clim\u00e1tico del CEAZA, el estado actual del sistema hidrol\u00f3gico de\u00a0 la\u00a0 Regi\u00f3n\u00a0 de\u00a0 Coquimbo\u00a0 se\u00a0 encuentra en\u00a0 una\u00a0 situaci\u00f3n\u00a0 muy\u00a0 delicada\u00a0 debido\u00a0 a las precipitaciones bajo lo normal que se han registrado desde el a\u00f1o 2018, lo que ha\u00a0 provocado\u00a0 que los\u00a0 \u00a0 caudales\u00a0 de los r\u00edos\u00a0 se\u00a0 \u00a0 presenten bajos \u00a0 por cuarto a\u00f1o consecutivo, as\u00ed como tambi\u00e9n, una constante disminuci\u00f3n de los niveles de agua embalsados en el mismo periodo.<\/p>\n<p>Cristian Orrego, coordinador del \u00e1rea meteorol\u00f3gica del Centro Cient\u00edfico del CEAZA detalla que \u201cla situaci\u00f3n actual es especialmente preocupante porque los caudales de los r\u00edos no solo llevan 4 a\u00f1os disminuyendo, sino que ya en 2020 fueron los m\u00e1s bajos que se registraban en al menos 30 a\u00f1os. Luego, en el a\u00f1o 2021 bajaron a\u00fan m\u00e1s y lo que va del 2022 nuevamente se sigue este patr\u00f3n y as\u00ed , el escenario se vuelve cr\u00edtico. Adem\u00e1s esto no es s\u00f3lo una condici\u00f3n particular de un r\u00edo, ya que hemos visitado las cordilleras en las tres provincias y en todos lados hemos visto<i>\u00a0in situ<\/i>\u00a0la misma escasez\u201d<\/p>\n<p><b style=\"font-weight: bold;\">Nivles hist\u00f3ricamente bajos de embalses<\/b><\/p>\n<p>El documento del CEAZA reporta adem\u00e1s respecto a los niveles hist\u00f3ricamente bajos en los caudales junto con\u00a0 la disminuci\u00f3n evidente de las reservas en los embalses: Elqui tiene s\u00f3lo un 34% de su capacidad embalsada, Limar\u00ed 12% y la provincia de Choapa cuenta con apenas un 7% de agua embalsada. Cabe destacar que en el Choapa, durante febrero\u00a0 se sec\u00f3 completamente el embalse Cogot\u00ed.<\/p>\n<p><b style=\"font-weight: bold;\">Panorama poco alentador<\/b><\/p>\n<p>\u00bfQu\u00e9 se espera para los pr\u00f3ximos meses? Cristian Mu\u00f1oz, modelador estad\u00edstico de Geociencias del CEAZA detalla que \u201cpara el trimestre marzo\/abril\/mayo\u201922 se espera precipitaci\u00f3n bajo el rango normal en la mayor parte de Chile continental. De esta manera, el pr\u00f3ximo oto\u00f1o se caracterizar\u00eda por ser mayormente seco en gran parte del pa\u00eds, siguiendo la tendencia que se ha venido documentando desde meses y a\u00f1os anteriores. Por lo que se espera que los caudales contin\u00faen bajos durante los pr\u00f3ximos meses, situaci\u00f3n que se extender\u00eda al menos hasta el invierno del 2022. En promedio, los caudales de la Regi\u00f3n de Coquimbo, cuentan s\u00f3lo con un 17% de agua en relaci\u00f3n a los valores hist\u00f3ricos de la temporada\u201d.<\/p>\n<p>&nbsp;<\/p>\n<div class=\"cl\">\u00a0Fotografias de Archivo: R\u00edo Hurtado, Provincia de Limar\u00ed.<\/div>\n<\/div>\n<\/div>\n<\/article>\n<\/div>\n<\/div>\n<\/div>\n<\/div>\n<\/div>\n<\/div>\n","protected":false},"excerpt":{"rendered":"<p>El documento del CEAZA reporta adem\u00e1s respecto a los niveles hist\u00f3ricamente bajos en los caudales junto con\u00a0 la disminuci\u00f3n evidente de las reservas en los embalses<\/p>\n","protected":false},"author":2,"featured_media":6945,"comment_status":"open","ping_status":"open","sticky":false,"template":"","format":"standard","meta":{"footnotes":""},"categories":[3],"tags":[],"class_list":["post-6944","post","type-post","status-publish","format-standard","has-post-thumbnail","hentry","category-actualidad"],"_links":{"self":[{"href":"https:\/\/www.radiolimari.cl\/index.php?rest_route=\/wp\/v2\/posts\/6944","targetHints":{"allow":["GET"]}}],"collection":[{"href":"https:\/\/www.radiolimari.cl\/index.php?rest_route=\/wp\/v2\/posts"}],"about":[{"href":"https:\/\/www.radiolimari.cl\/index.php?rest_route=\/wp\/v2\/types\/post"}],"author":[{"embeddable":true,"href":"https:\/\/www.radiolimari.cl\/index.php?rest_route=\/wp\/v2\/users\/2"}],"replies":[{"embeddable":true,"href":"https:\/\/www.radiolimari.cl\/index.php?rest_route=%2Fwp%2Fv2%2Fcomments&post=6944"}],"version-history":[{"count":2,"href":"https:\/\/www.radiolimari.cl\/index.php?rest_route=\/wp\/v2\/posts\/6944\/revisions"}],"predecessor-version":[{"id":6947,"href":"https:\/\/www.radiolimari.cl\/index.php?rest_route=\/wp\/v2\/posts\/6944\/revisions\/6947"}],"wp:featuredmedia":[{"embeddable":true,"href":"https:\/\/www.radiolimari.cl\/index.php?rest_route=\/wp\/v2\/media\/6945"}],"wp:attachment":[{"href":"https:\/\/www.radiolimari.cl\/index.php?rest_route=%2Fwp%2Fv2%2Fmedia&parent=6944"}],"wp:term":[{"taxonomy":"category","embeddable":true,"href":"https:\/\/www.radiolimari.cl\/index.php?rest_route=%2Fwp%2Fv2%2Fcategories&post=6944"},{"taxonomy":"post_tag","embeddable":true,"href":"https:\/\/www.radiolimari.cl\/index.php?rest_route=%2Fwp%2Fv2%2Ftags&post=6944"}],"curies":[{"name":"wp","href":"https:\/\/api.w.org\/{rel}","templated":true}]}}