{"id":6941,"date":"2022-03-17T15:21:57","date_gmt":"2022-03-17T15:21:57","guid":{"rendered":"http:\/\/www.radiolimari.cl\/?p=6941"},"modified":"2022-03-17T15:21:57","modified_gmt":"2022-03-17T15:21:57","slug":"fueron-designadas-las-secretarias-regionales-de-salud-y-educacion-para-la-region-de-coquimbo","status":"publish","type":"post","link":"https:\/\/www.radiolimari.cl\/?p=6941","title":{"rendered":"Fueron designadas las Secretarias Regionales de Salud y Educaci\u00f3n para la Regi\u00f3n de Coquimbo"},"content":{"rendered":"<p><a href=\"https:\/\/www.radiolimari.cl\/wp-content\/uploads\/2022\/03\/17.3-Seremis-educacion-y-salud-2022.jpg\"><img fetchpriority=\"high\" decoding=\"async\" class=\"alignnone size-medium wp-image-6942\" src=\"https:\/\/www.radiolimari.cl\/wp-content\/uploads\/2022\/03\/17.3-Seremis-educacion-y-salud-2022-300x200.jpg\" alt=\"17.3 Seremis educacion y salud 2022\" width=\"300\" height=\"200\" srcset=\"https:\/\/www.radiolimari.cl\/wp-content\/uploads\/2022\/03\/17.3-Seremis-educacion-y-salud-2022-300x200.jpg 300w, https:\/\/www.radiolimari.cl\/wp-content\/uploads\/2022\/03\/17.3-Seremis-educacion-y-salud-2022-1024x682.jpg 1024w\" sizes=\"(max-width: 300px) 100vw, 300px\" \/><\/a><\/p>\n<p><strong><em>Se trata de la Dra Paola Salas y de la Educadora Diferencial Cecilia Ram\u00edrez, quienes fueron oficializadas en sus cargos por el Delegado Presidencial Regional, Rub\u00e9n Quezada.<\/em><\/strong><!--more--><\/p>\n<p>Este jueves fueron presentadas las primeras autoridades que compondr\u00e1n el Gabinete Regional.<\/p>\n<p>El Delegado Presidencial, Rub\u00e9n Quezada present\u00f3 a Paola Salas como la nueva Secretaria Regional Ministerial de Salud, y a Cecilia Ram\u00edrez, como la Secretaria Regional Ministerial de Educaci\u00f3n.<\/p>\n<p><strong>\u201cEstamos contentos de presentar a dos mujeres con amplias capacidades para liderar estos servicios. Les deseamos el mayor de los \u00e9xitos a las primeras Seremis del Presidente Gabriel Boric en nuestra regi\u00f3n\u201d<\/strong>, indic\u00f3 el Delegado Quezada.<\/p>\n<p>Paola Salas es Matrona de la Universidad de La Frontera. Doctora en Salud P\u00fablica de la Universidad de Chile. Ente sus antecedentes, destaca que fue Encargada de la Unidad de Epidemiolog\u00eda de la Seremi de Salud entre el 2010 y 2015; adem\u00e1s, es acad\u00e9mica, siendo Profesora Asociada en el Departamento de Enfermer\u00eda e Investigadora del Instituto de Investigaci\u00f3n Multidisciplinario de la Ciencia y la Tecnolog\u00eda de la Universidad de La Serena.<\/p>\n<p>Por su parte, Cecilia Ram\u00edrez, es Educadora Diferencial con menci\u00f3n en Dificultades Espec\u00edficas de Aprendizaje. Ha ejercido la docencia en el \u00e1mbito p\u00fablico en instituciones superiores de educaci\u00f3n, colegios municipales y del Servicio Local de Educaci\u00f3n P\u00fablica. Tiene experiencia en liderazgo y gesti\u00f3n educacional, con enfoque en inclusi\u00f3n social y el ejercicio de Derechos Humanos.<\/p>\n","protected":false},"excerpt":{"rendered":"<p>Se trata de la Dra Paola Salas y de la Educadora Diferencial Cecilia Ram\u00edrez, quienes fueron oficializadas en sus cargos por el Delegado Presidencial Regional, Rub\u00e9n Quezada.<\/p>\n","protected":false},"author":2,"featured_media":6942,"comment_status":"open","ping_status":"open","sticky":false,"template":"","format":"standard","meta":{"footnotes":""},"categories":[6],"tags":[],"class_list":["post-6941","post","type-post","status-publish","format-standard","has-post-thumbnail","hentry","category-regionales"],"_links":{"self":[{"href":"https:\/\/www.radiolimari.cl\/index.php?rest_route=\/wp\/v2\/posts\/6941","targetHints":{"allow":["GET"]}}],"collection":[{"href":"https:\/\/www.radiolimari.cl\/index.php?rest_route=\/wp\/v2\/posts"}],"about":[{"href":"https:\/\/www.radiolimari.cl\/index.php?rest_route=\/wp\/v2\/types\/post"}],"author":[{"embeddable":true,"href":"https:\/\/www.radiolimari.cl\/index.php?rest_route=\/wp\/v2\/users\/2"}],"replies":[{"embeddable":true,"href":"https:\/\/www.radiolimari.cl\/index.php?rest_route=%2Fwp%2Fv2%2Fcomments&post=6941"}],"version-history":[{"count":1,"href":"https:\/\/www.radiolimari.cl\/index.php?rest_route=\/wp\/v2\/posts\/6941\/revisions"}],"predecessor-version":[{"id":6943,"href":"https:\/\/www.radiolimari.cl\/index.php?rest_route=\/wp\/v2\/posts\/6941\/revisions\/6943"}],"wp:featuredmedia":[{"embeddable":true,"href":"https:\/\/www.radiolimari.cl\/index.php?rest_route=\/wp\/v2\/media\/6942"}],"wp:attachment":[{"href":"https:\/\/www.radiolimari.cl\/index.php?rest_route=%2Fwp%2Fv2%2Fmedia&parent=6941"}],"wp:term":[{"taxonomy":"category","embeddable":true,"href":"https:\/\/www.radiolimari.cl\/index.php?rest_route=%2Fwp%2Fv2%2Fcategories&post=6941"},{"taxonomy":"post_tag","embeddable":true,"href":"https:\/\/www.radiolimari.cl\/index.php?rest_route=%2Fwp%2Fv2%2Ftags&post=6941"}],"curies":[{"name":"wp","href":"https:\/\/api.w.org\/{rel}","templated":true}]}}