{"id":6938,"date":"2022-03-17T15:10:32","date_gmt":"2022-03-17T15:10:32","guid":{"rendered":"http:\/\/www.radiolimari.cl\/?p=6938"},"modified":"2022-03-17T15:10:32","modified_gmt":"2022-03-17T15:10:32","slug":"en-ovalle-apuestan-por-masificar-el-uso-de-plataformas-digitales-entre-microempresarios","status":"publish","type":"post","link":"https:\/\/www.radiolimari.cl\/?p=6938","title":{"rendered":"En Ovalle apuestan por masificar el uso de plataformas digitales entre microempresarios."},"content":{"rendered":"<p><a href=\"https:\/\/www.radiolimari.cl\/wp-content\/uploads\/2022\/03\/17.3-Taller-virtual-Estrategia-Digital-Pyme-Digital-Ovalle.jpg\"><img fetchpriority=\"high\" decoding=\"async\" class=\"alignnone size-medium wp-image-6939\" src=\"https:\/\/www.radiolimari.cl\/wp-content\/uploads\/2022\/03\/17.3-Taller-virtual-Estrategia-Digital-Pyme-Digital-Ovalle-300x171.jpg\" alt=\"17.3 Taller virtual Estrategia Digital Pyme Digital Ovalle\" width=\"300\" height=\"171\" srcset=\"https:\/\/www.radiolimari.cl\/wp-content\/uploads\/2022\/03\/17.3-Taller-virtual-Estrategia-Digital-Pyme-Digital-Ovalle-300x171.jpg 300w, https:\/\/www.radiolimari.cl\/wp-content\/uploads\/2022\/03\/17.3-Taller-virtual-Estrategia-Digital-Pyme-Digital-Ovalle-1024x586.jpg 1024w, https:\/\/www.radiolimari.cl\/wp-content\/uploads\/2022\/03\/17.3-Taller-virtual-Estrategia-Digital-Pyme-Digital-Ovalle.jpg 1231w\" sizes=\"(max-width: 300px) 100vw, 300px\" \/><\/a><\/p>\n<p>Integrar nuevas tecnolog\u00edas digitales a la gesti\u00f3n productivo \u2013 comercial de 30 microempresarios (as), de los sectores de turismo, artesan\u00eda, agroindustria, gastronom\u00eda y comercio, mejorando su productividad y competitividad, son los objetivos del programa \u201cPyme Digital Ovalle\u201d.\u00a0<!--more--><\/p>\n<p>El programa de capacitaci\u00f3n gratuito \u201cPyme Digital Ovalle\u201d, es ejecutado por la consultora Innovativa Desarrollo Empresarial, con el apoyo del programa Viraliza de CORFO y con la colaboraci\u00f3n del Departamento de Fomento Productivo de la Municipalidad de Ovalle.<\/p>\n<p>Pabla Rodr\u00edguez, administradora del centro de relajaci\u00f3n con tinaja de agua caliente y senderos naturales \u201cNa\u00f1apura\u201d, de la localidad de Las Sossas comuna de Ovalle, participa en Pyme Digital. \u201cEl nombre \u201cNa\u00f1a\u201d significa hermanas. Mis dos t\u00edas y mi mam\u00e1, son las tres hermanas due\u00f1as del terreno, que ha permanecido m\u00e1s de 100 a\u00f1os en la familia. Mi hermano tuvo la idea, de hacer unas tinajas. \u00c9l me ayuda en la parte t\u00e9cnica y mi hermana en la decoraci\u00f3n. Ganamos un capital semilla de Sercotec e inauguramos en noviembre del a\u00f1o pasado. Ofrecemos el servicio de una tinaja con agua caliente, con hidromasaje y combusti\u00f3n a le\u00f1a. Y agregamos una caminata por 10 hect\u00e1reas. Les damos una peque\u00f1a degustaci\u00f3n con productos del campo y aguas refrescantes. Hay un lugar de descanso, con hamacas, columpios y bancas. Y hay una casona de mis abuelitos con m\u00e1s de 120 a\u00f1os, que habilitamos para que las personas descansen y escuchen m\u00fasica de un tocadiscos. Tambi\u00e9n tenemos una cama de cuarzo. Pr\u00f3ximamente habilitaremos una caba\u00f1a\u201d, indica.<\/p>\n<p>Tiene la p\u00e1gina <a href=\"http:\/\/www.nanapura.cl\">www.nanapura.cl<\/a>, instagram @nanapura.cl y whatsapp para contactar a clientes y cuenta con el lector para tarjeta de d\u00e9bito y cr\u00e9dito. Pabla Rodr\u00edguez se\u00f1ala que\u00a0 \u201cen la primera clase, la se\u00f1orita nos dej\u00f3 sin susto y nos explic\u00f3 muy claro. Yo le tengo miedo a las redes sociales. Mi falencia es la digitalizaci\u00f3n. Y ella hablaba que sin digitalizaci\u00f3n no hay ventas. Sin digitalizaci\u00f3n mi empresa va a quedarse ah\u00ed, no voy a poder crecer, no voy a poder vender, no me van a conocer. Sin redes sociales, no se puede mantener el negocio. Es indispensable y tengo que actualizarme para poder vender\u201d, afirma.<\/p>\n<p>Los microempresarios participantes de \u201cPyme Digital Ovalle\u201d est\u00e1n en distintos niveles de digitalizaci\u00f3n, explica Katherine Acevedo, ingeniera en administraci\u00f3n de empresas, con menci\u00f3n en marketing y profesional de la consultora \u201cInnovativa Desarrollo Empresarial\u201d. \u201cHay una gran diversidad. Algunos tienen un buen manejo digital y otros est\u00e1n bajos a nivel digital. Lo bueno, es que tienen la disposici\u00f3n y las ganas de estar en un nivel mucho mejor, de tener una instancia para aprender y lograr una presencia digital mucho m\u00e1s favorable, que les permita llegar a m\u00e1s clientes y generar ventas, a trav\u00e9s de las plataformas\u201d.<\/p>\n<p>\u201cSer digital es la nueva manera de estar presentes con los clientes\u201d, asegura la ingeniera Katherine Acevedo. \u201cEs una frase que dice mucho, sobre todo con la pandemia, donde el cambio del consumidor se produjo, a trav\u00e9s de lo digital. Una empresa que no tiene presencia en medios digitales est\u00e1 perdiendo mucha participaci\u00f3n de mercado y no est\u00e1 conectada con los clientes. Podemos tener clientes en nuestras salas de venta, pero si no estamos conectados con la parte digital, estamos perdiendo a ese cliente en la forma de fidelizarlo, de poder estar relacionando nuestra marca\u201d.<\/p>\n<p>Acevedo enfatiza \u201cque las principales herramientas para lograr esta presencia digital, son un manejo de redes sociales \u00f3ptimo. Tener una presencia adecuada, con una estrategia dentro de las plataformas, es muy importante y clave para el desarrollo de cualquier negocio.\u00a0 Lo podemos vincular con una buena p\u00e1gina web, un sitio e-commerce donde se puedan generar ventas, tener un manejo de una\u00a0 base de datos de nuestros clientes, enviarles correos y lograr un contacto fluido. Junto al equipo de Innovatida.DE hemos logrado transferir estos conocimientos e informaci\u00f3n a disposici\u00f3n de los empresarios, para que sepan cu\u00e1les son esas herramientas a su alcance, y los que ellos podr\u00edan empezar, para dar ese paso en t\u00e9rminos digitales con su negocio\u201d.<\/p>\n<p>Pyme Digital Ovalle se inici\u00f3 con un diagn\u00f3stico digital para la nivelaci\u00f3n de conocimientos de sus participantes. La formaci\u00f3n considera\u00a0 40 horas lectivas Ahora en marzo se iniciaron los talleres virtuales sobre transformaci\u00f3n digital en 8 tem\u00e1ticas que son: \u201cDigitalizaci\u00f3n de procesos\u201d, \u201cModelos de negocios digitales\u201d, \u201cEstrategia digital y de negocios\u201d, \u201cFoco en el cliente digital\u201d, \u201cBase de datos de clientes\u201d, \u201cBig data ciberseguridad\u00a0 e inteligencia artificial\u201d, \u201cRedes sociales en los negocios digitales y \u201cEconom\u00eda colaborativa\u201d.\u00a0 En la \u00faltima etapa del programa se formular\u00e1 una asesor\u00eda individual a cada empresa, para apoyar la formulaci\u00f3n de planes de trabajo de transformaci\u00f3n digital a corto plazo. M\u00e1s antecedentes en <a href=\"http:\/\/www.limaridigital.cl\">www.limaridigital.cl<\/a><\/p>\n<p>&nbsp;<\/p>\n<p>Carmen Moreno Carmona, Periodista.<\/p>\n<p>&nbsp;<\/p>\n<p>&nbsp;<\/p>\n","protected":false},"excerpt":{"rendered":"<p>Integrar nuevas tecnolog\u00edas digitales a la gesti\u00f3n productivo \u2013 comercial de 30 microempresarios (as), de los sectores de turismo, artesan\u00eda, agroindustria, gastronom\u00eda y comercio, mejorando su productividad y competitividad, son los objetivos del programa \u201cPyme Digital Ovalle\u201d.\u00a0<\/p>\n","protected":false},"author":2,"featured_media":6939,"comment_status":"open","ping_status":"open","sticky":false,"template":"","format":"standard","meta":{"footnotes":""},"categories":[5],"tags":[],"class_list":["post-6938","post","type-post","status-publish","format-standard","has-post-thumbnail","hentry","category-actualidad-limarina"],"_links":{"self":[{"href":"https:\/\/www.radiolimari.cl\/index.php?rest_route=\/wp\/v2\/posts\/6938","targetHints":{"allow":["GET"]}}],"collection":[{"href":"https:\/\/www.radiolimari.cl\/index.php?rest_route=\/wp\/v2\/posts"}],"about":[{"href":"https:\/\/www.radiolimari.cl\/index.php?rest_route=\/wp\/v2\/types\/post"}],"author":[{"embeddable":true,"href":"https:\/\/www.radiolimari.cl\/index.php?rest_route=\/wp\/v2\/users\/2"}],"replies":[{"embeddable":true,"href":"https:\/\/www.radiolimari.cl\/index.php?rest_route=%2Fwp%2Fv2%2Fcomments&post=6938"}],"version-history":[{"count":1,"href":"https:\/\/www.radiolimari.cl\/index.php?rest_route=\/wp\/v2\/posts\/6938\/revisions"}],"predecessor-version":[{"id":6940,"href":"https:\/\/www.radiolimari.cl\/index.php?rest_route=\/wp\/v2\/posts\/6938\/revisions\/6940"}],"wp:featuredmedia":[{"embeddable":true,"href":"https:\/\/www.radiolimari.cl\/index.php?rest_route=\/wp\/v2\/media\/6939"}],"wp:attachment":[{"href":"https:\/\/www.radiolimari.cl\/index.php?rest_route=%2Fwp%2Fv2%2Fmedia&parent=6938"}],"wp:term":[{"taxonomy":"category","embeddable":true,"href":"https:\/\/www.radiolimari.cl\/index.php?rest_route=%2Fwp%2Fv2%2Fcategories&post=6938"},{"taxonomy":"post_tag","embeddable":true,"href":"https:\/\/www.radiolimari.cl\/index.php?rest_route=%2Fwp%2Fv2%2Ftags&post=6938"}],"curies":[{"name":"wp","href":"https:\/\/api.w.org\/{rel}","templated":true}]}}