{"id":6935,"date":"2022-03-16T20:20:17","date_gmt":"2022-03-16T20:20:17","guid":{"rendered":"http:\/\/www.radiolimari.cl\/?p=6935"},"modified":"2022-03-16T20:20:17","modified_gmt":"2022-03-16T20:20:17","slug":"comision-de-mujeres-de-la-camara-de-diputados-y-diputadas-es-presidida-por-la-diputada-de-la-region-carolina-tello","status":"publish","type":"post","link":"https:\/\/www.radiolimari.cl\/?p=6935","title":{"rendered":"Comisi\u00f3n de mujeres de la c\u00e1mara de diputados y diputadas es presidida por la Diputada de la Regi\u00f3n Carolina Tello"},"content":{"rendered":"<p><a href=\"https:\/\/www.radiolimari.cl\/wp-content\/uploads\/2022\/03\/16.3-camara-dioutados.jpg\"><img fetchpriority=\"high\" decoding=\"async\" class=\"alignnone size-medium wp-image-6936\" src=\"https:\/\/www.radiolimari.cl\/wp-content\/uploads\/2022\/03\/16.3-camara-dioutados-300x225.jpg\" alt=\"16.3 camara dioutados\" width=\"300\" height=\"225\" srcset=\"https:\/\/www.radiolimari.cl\/wp-content\/uploads\/2022\/03\/16.3-camara-dioutados-300x225.jpg 300w, https:\/\/www.radiolimari.cl\/wp-content\/uploads\/2022\/03\/16.3-camara-dioutados-1024x768.jpg 1024w, https:\/\/www.radiolimari.cl\/wp-content\/uploads\/2022\/03\/16.3-camara-dioutados.jpg 1280w\" sizes=\"(max-width: 300px) 100vw, 300px\" \/><\/a><\/p>\n<p><span style=\"color: #222222;\">Luego de las negociaciones entre las diversas fuerzas pol\u00edticas en la renovada C\u00e1mara de Diputados, la diputada por la regi\u00f3n de Coquimbo, Carolina Tello (PC) presidir\u00e1 por un a\u00f1o la Comisi\u00f3n \u00abMujeres y Equidad de G\u00e9nero\u00bb, instancia clave en actual debate nacional, debido a que el actual Gobierno se ha definido como feminista y adem\u00e1s por las discusiones que se han dado en la Convenci\u00f3n Constitucional.\u00a0<\/span><!--more--><\/p>\n<div style=\"color: #222222;\">La abogada ser\u00e1 parte adem\u00e1s de la Comisi\u00f3n Gobierno Interior, Nacionalidad, Ciudadan\u00eda y Regionalizaci\u00f3n, materia que est\u00e1 en la palestra p\u00fablica debido a las propuestas que han surgido para la futura Constituci\u00f3n.<\/div>\n<div style=\"color: #222222;\"><\/div>\n<div style=\"color: #222222;\">\u00abEstoy emocionada y muy contenta con el hecho que hayan confiado en m\u00ed para liderar la comisi\u00f3n de Mujeres y Equidad de G\u00e9nero. Presidir esta comisi\u00f3n tiene una serie de desaf\u00edos importantes para construir el Chile y la regi\u00f3n que queremos, ya que es un espacio vital de discusi\u00f3n debido a la hist\u00f3rica postergaci\u00f3n de la lucha feminista. En esta regi\u00f3n tenemos tremendas org\u00e1nicas feministas\u00bb, indic\u00f3 la diputada Tello.<\/div>\n<div style=\"color: #222222;\"><\/div>\n<div style=\"color: #222222;\">La flamante pdta de la Comisi\u00f3n de mujeres agreg\u00f3 que \u00abestamos un momento clave hoy en el pa\u00eds, la Convenci\u00f3n Constitucional aprob\u00f3 una serie de art\u00edculos que buscan integrar una visi\u00f3n feminista en el Chile del futuro como la protecci\u00f3n de los derechos sexuales y reproductivos, con la paridad como eje relevante. Tenemos mucha esperanza adem\u00e1s porque el actual Gobierno se define como feminista y tenemos muchas ministras. Esta Comisi\u00f3n quiere ser la voz de todas las mujeres de la regi\u00f3n y el pa\u00eds\u00bb.<\/div>\n<div style=\"color: #222222;\"><\/div>\n<div style=\"color: #222222;\">Un hito importante se alcanz\u00f3 en materias de derechos de la mujer, fue en la Convenci\u00f3n Constitucional ya que se agreg\u00f3 al borrador final de la futura Nueva Constituci\u00f3n, que a\u00fan debe ser plebiscitada, es que el \u00abEstado deber\u00e1 asegurar a todas las mujeres y personas con capacidad de gestar, las condiciones para un embarazo, una interrupci\u00f3n voluntaria del embarazo, parto y maternidad voluntarios y protegidos\u00bb. Se requerir\u00e1 una ley al respecto. Tambi\u00e9n el pleno aprob\u00f3 la Educaci\u00f3n Sexual Integral por amplias mayor\u00edas<\/div>\n","protected":false},"excerpt":{"rendered":"<p>Luego de las negociaciones entre las diversas fuerzas pol\u00edticas en la renovada C\u00e1mara de Diputados, la diputada por la regi\u00f3n de Coquimbo, Carolina Tello (PC) presidir\u00e1 por un a\u00f1o la Comisi\u00f3n \u00abMujeres y Equidad de G\u00e9nero\u00bb, instancia clave en actual debate nacional, debido a que el actual Gobierno se ha definido como feminista y adem\u00e1s &#8230;<\/p>\n","protected":false},"author":2,"featured_media":6936,"comment_status":"open","ping_status":"open","sticky":false,"template":"","format":"standard","meta":{"footnotes":""},"categories":[3],"tags":[],"class_list":["post-6935","post","type-post","status-publish","format-standard","has-post-thumbnail","hentry","category-actualidad"],"_links":{"self":[{"href":"https:\/\/www.radiolimari.cl\/index.php?rest_route=\/wp\/v2\/posts\/6935","targetHints":{"allow":["GET"]}}],"collection":[{"href":"https:\/\/www.radiolimari.cl\/index.php?rest_route=\/wp\/v2\/posts"}],"about":[{"href":"https:\/\/www.radiolimari.cl\/index.php?rest_route=\/wp\/v2\/types\/post"}],"author":[{"embeddable":true,"href":"https:\/\/www.radiolimari.cl\/index.php?rest_route=\/wp\/v2\/users\/2"}],"replies":[{"embeddable":true,"href":"https:\/\/www.radiolimari.cl\/index.php?rest_route=%2Fwp%2Fv2%2Fcomments&post=6935"}],"version-history":[{"count":1,"href":"https:\/\/www.radiolimari.cl\/index.php?rest_route=\/wp\/v2\/posts\/6935\/revisions"}],"predecessor-version":[{"id":6937,"href":"https:\/\/www.radiolimari.cl\/index.php?rest_route=\/wp\/v2\/posts\/6935\/revisions\/6937"}],"wp:featuredmedia":[{"embeddable":true,"href":"https:\/\/www.radiolimari.cl\/index.php?rest_route=\/wp\/v2\/media\/6936"}],"wp:attachment":[{"href":"https:\/\/www.radiolimari.cl\/index.php?rest_route=%2Fwp%2Fv2%2Fmedia&parent=6935"}],"wp:term":[{"taxonomy":"category","embeddable":true,"href":"https:\/\/www.radiolimari.cl\/index.php?rest_route=%2Fwp%2Fv2%2Fcategories&post=6935"},{"taxonomy":"post_tag","embeddable":true,"href":"https:\/\/www.radiolimari.cl\/index.php?rest_route=%2Fwp%2Fv2%2Ftags&post=6935"}],"curies":[{"name":"wp","href":"https:\/\/api.w.org\/{rel}","templated":true}]}}