{"id":6932,"date":"2022-03-16T20:09:23","date_gmt":"2022-03-16T20:09:23","guid":{"rendered":"http:\/\/www.radiolimari.cl\/?p=6932"},"modified":"2022-03-16T20:09:23","modified_gmt":"2022-03-16T20:09:23","slug":"implementaran-mesa-de-trabajo-para-atender-las-necesidades-del-hospital-de-los-vilos","status":"publish","type":"post","link":"https:\/\/www.radiolimari.cl\/?p=6932","title":{"rendered":"Implementar\u00e1n mesa de trabajo para atender las necesidades del Hospital de Los Vilos"},"content":{"rendered":"<p><a href=\"https:\/\/www.radiolimari.cl\/wp-content\/uploads\/2022\/03\/16.3-drp-en-los-vilos.jpg\"><img fetchpriority=\"high\" decoding=\"async\" class=\"alignnone size-medium wp-image-6933\" src=\"https:\/\/www.radiolimari.cl\/wp-content\/uploads\/2022\/03\/16.3-drp-en-los-vilos-300x200.jpg\" alt=\"16.3 drp en los vilos\" width=\"300\" height=\"200\" srcset=\"https:\/\/www.radiolimari.cl\/wp-content\/uploads\/2022\/03\/16.3-drp-en-los-vilos-300x200.jpg 300w, https:\/\/www.radiolimari.cl\/wp-content\/uploads\/2022\/03\/16.3-drp-en-los-vilos.jpg 1024w\" sizes=\"(max-width: 300px) 100vw, 300px\" \/><\/a><\/p>\n<p><strong><em>La iniciativa fue acordada tras un di\u00e1logo entre el Gobierno, el municipio, la comunidad y funcionarios del establecimiento de salud. Las primeras medidas buscar\u00e1n soluciones para\u00a0 retomar el funcionamiento normal del recinto que se mantiene en paralizaci\u00f3n<\/em><\/strong><!--more--><\/p>\n<p>Actualmente, el Hospital San Pedro de la comuna de Los Vilos atiende a una poblaci\u00f3n de al menos 24 mil habitantes, sin contar a usuarios que provienen de la Regi\u00f3n de Valpara\u00edso, turistas y trabajadores espor\u00e1dicos.<\/p>\n<p>Una realidad que ha llevado a este recinto a experimentar saturaciones y cansancio tanto en su personal m\u00e9dico, como auxiliar o administrativo.<\/p>\n<p>As\u00ed lo remarca la dra. Eugenia Ossand\u00f3n, quien lleva dos a\u00f1os en este hospital. <strong>\u00abhay falta de personal y pobres condiciones laborales, con turnos extenuantes, doblando turnos. No es bueno para nosotros ni tampoco para la comunidad. Nos da miedo cometer errores tambi\u00e9n por el cansancio y tambi\u00e9n es una necesidad que se viene arrastrando hace tiempo por la poblaci\u00f3n,\u00bb<\/strong>, dijo.<\/p>\n<p>De igual forma lo hace Isolda D\u00edaz, secretaria de la FENATS de Los Vilos, quien sostuvo que <strong>\u201cesta problem\u00e1tica de Los Vilos se viene arrastrando del a\u00f1o 2013 con algo que es transversal y que es la falta de personal en todos los estamentos, desde m\u00e9dicos hasta auxiliares de servicio, que es lo que hemos constantemente repitiendo\u201d<\/strong>.<\/p>\n<p>Por ello que desde el mi\u00e9rcoles 9 de marzo la comunidad de este hospital, y de manera transversal, inici\u00f3 una paralizaci\u00f3n de algunas de sus \u00e1reas de atenci\u00f3n para solicitar mejoras en las condiciones laborales.<\/p>\n<p>Se trata de demandas que apuntan, principalmente, al aumento de personal para una mejor atenci\u00f3n a la comunidad, sobre todo en el contexto de la pandemia, por lo que la paralizaci\u00f3n es respalda por los vecinos. <strong>\u201cellos no est\u00e1n pidiendo mejoras de sueldos, no. Ellos est\u00e1n luchando por nosotros y somos nosotros, los ciudadanos, los que tenemos que dar la cara y apoyarlos, y hoy vimos un apoyo rotundo del Delegado Regional y Provincial para ver de qu\u00e9 manera podemos levantarnos como hospital\u00bb<\/strong>, sostuvo Dayana Fuentes, Presidenta del sindicato 3 de Ferias Libres.<\/p>\n<p>Y es que a trav\u00e9s de una reuni\u00f3n entre el Gobierno con representantes de los trabajadores y trabajadoras, adem\u00e1s del personal m\u00e9dico, vecinos y el municipio, se trataron las demandas del establecimiento y se acord\u00f3 implementar una mesa de trabajo para irlas abordando.<\/p>\n<p>Al respecto, el Delegado Presidencial Regional, Rub\u00e9n Quezada, explic\u00f3 que <strong>\u201c<\/strong><strong>hemos logrado traer algunas soluciones r\u00e1pidas que permitan descomprimir este conflicto, con el compromiso de un trabajo sistem\u00e1tico, permanente y que nos brinde a mediano y largo plazo, que efectivamente hagan de la atenci\u00f3n de salud de Los Vilos, mejor atenci\u00f3n de salud, que pueda confiar su poblaci\u00f3n y no necesariamente estar dirigi\u00e9ndose a otras ciudades para recibir atenciones que pudiesen ser realizadas ac\u00e1\u201d<\/strong>.<\/p>\n<p>La idea acot\u00f3 el Delegado, es establecer un plan y apoyar a los sectores m\u00e1s cr\u00edticos e ir retomando el funcionamiento normal del hospital; asimismo, realizar gestiones para poder contar con personal en el centro de di\u00e1lisis de la comuna.<\/p>\n<p>La Delegada Provincial de Choapa, Nataly Carvajal, a\u00f1adi\u00f3 que esta mesa comenzar\u00e1 a trabajar a partir de la pr\u00f3xima semana. <strong>\u201cDespu\u00e9s de haber escuchado el petitorio de cada una de las necesidades que hay que cubrir a mediano, a largo y corto plazo, por supuesto, hemos llegado a un avance, hemos dado un peque\u00f1o paso, pero que de todas maneras va a mejorar, por supuesto, la calidad de la atenci\u00f3n de salud para las vecinas y vecinos de Los Vilos y las comunidades rurales que conforman la comuna de Los Vilos\u00bb<\/strong>, a\u00f1adi\u00f3.<\/p>\n<p>Para el Alcalde de Los Vilos Christian Gross, este encuentro <strong>\u201cnos deja muy conformes porque efectivamente vemos que hay un Gobierno que ha iniciado muy bien, escuchando efectivamente las problem\u00e1ticas, descentralizando (\u2026) estamos confiados y expectantes de que esta mesa de trabajo va a tener soluciones concretas en el corto, en el mediano y en el largo plazo\u00bb<\/strong>, dijo.<\/p>\n<p>De esta forma se instala una instancia pensada en atender y resolver demandas prioritarias para la comuna, en base al trabajo conjunto y colaborativo.<\/p>\n","protected":false},"excerpt":{"rendered":"<p>La iniciativa fue acordada tras un di\u00e1logo entre el Gobierno, el municipio, la comunidad y funcionarios del establecimiento de salud. Las primeras medidas buscar\u00e1n soluciones para\u00a0 retomar el funcionamiento normal del recinto que se mantiene en paralizaci\u00f3n<\/p>\n","protected":false},"author":2,"featured_media":6933,"comment_status":"open","ping_status":"open","sticky":false,"template":"","format":"standard","meta":{"footnotes":""},"categories":[6],"tags":[],"class_list":["post-6932","post","type-post","status-publish","format-standard","has-post-thumbnail","hentry","category-regionales"],"_links":{"self":[{"href":"https:\/\/www.radiolimari.cl\/index.php?rest_route=\/wp\/v2\/posts\/6932","targetHints":{"allow":["GET"]}}],"collection":[{"href":"https:\/\/www.radiolimari.cl\/index.php?rest_route=\/wp\/v2\/posts"}],"about":[{"href":"https:\/\/www.radiolimari.cl\/index.php?rest_route=\/wp\/v2\/types\/post"}],"author":[{"embeddable":true,"href":"https:\/\/www.radiolimari.cl\/index.php?rest_route=\/wp\/v2\/users\/2"}],"replies":[{"embeddable":true,"href":"https:\/\/www.radiolimari.cl\/index.php?rest_route=%2Fwp%2Fv2%2Fcomments&post=6932"}],"version-history":[{"count":1,"href":"https:\/\/www.radiolimari.cl\/index.php?rest_route=\/wp\/v2\/posts\/6932\/revisions"}],"predecessor-version":[{"id":6934,"href":"https:\/\/www.radiolimari.cl\/index.php?rest_route=\/wp\/v2\/posts\/6932\/revisions\/6934"}],"wp:featuredmedia":[{"embeddable":true,"href":"https:\/\/www.radiolimari.cl\/index.php?rest_route=\/wp\/v2\/media\/6933"}],"wp:attachment":[{"href":"https:\/\/www.radiolimari.cl\/index.php?rest_route=%2Fwp%2Fv2%2Fmedia&parent=6932"}],"wp:term":[{"taxonomy":"category","embeddable":true,"href":"https:\/\/www.radiolimari.cl\/index.php?rest_route=%2Fwp%2Fv2%2Fcategories&post=6932"},{"taxonomy":"post_tag","embeddable":true,"href":"https:\/\/www.radiolimari.cl\/index.php?rest_route=%2Fwp%2Fv2%2Ftags&post=6932"}],"curies":[{"name":"wp","href":"https:\/\/api.w.org\/{rel}","templated":true}]}}