{"id":6929,"date":"2022-03-16T16:34:53","date_gmt":"2022-03-16T16:34:53","guid":{"rendered":"http:\/\/www.radiolimari.cl\/?p=6929"},"modified":"2022-03-16T16:34:53","modified_gmt":"2022-03-16T16:34:53","slug":"en-ovalle-funcionarios-de-los-centros-de-atencion-primaria-han-sido-victimas-de-agresiones-fisicas-y-verbales","status":"publish","type":"post","link":"https:\/\/www.radiolimari.cl\/?p=6929","title":{"rendered":"En Ovalle funcionarios de los centros de atenci\u00f3n primaria han sido v\u00edctimas de agresiones f\u00edsicas y verbales."},"content":{"rendered":"<p><a href=\"https:\/\/www.radiolimari.cl\/wp-content\/uploads\/2022\/03\/Cesfam-Fray-Jorge.jpg\"><img fetchpriority=\"high\" decoding=\"async\" class=\"alignnone size-medium wp-image-6930\" src=\"https:\/\/www.radiolimari.cl\/wp-content\/uploads\/2022\/03\/Cesfam-Fray-Jorge-300x225.jpg\" alt=\"Cesfam Fray Jorge\" width=\"300\" height=\"225\" srcset=\"https:\/\/www.radiolimari.cl\/wp-content\/uploads\/2022\/03\/Cesfam-Fray-Jorge-300x225.jpg 300w, https:\/\/www.radiolimari.cl\/wp-content\/uploads\/2022\/03\/Cesfam-Fray-Jorge-1024x768.jpg 1024w, https:\/\/www.radiolimari.cl\/wp-content\/uploads\/2022\/03\/Cesfam-Fray-Jorge.jpg 1280w\" sizes=\"(max-width: 300px) 100vw, 300px\" \/><\/a><\/p>\n<p><strong><em>El alcalde Claudio Renter\u00eda y la jefa del Departamento de Salud del municipio de Ovalle, \u00c1ngela Neira indicaron que les entregar\u00e1n todo el apoyo legal y psicol\u00f3gico necesario a los funcionarios agredidos.\u00a0 <\/em><\/strong><!--more--><\/p>\n<p>Preocupados est\u00e1n en el departamento de Salud Municipal de Ovalle, ya que funcionarios de los centros de atenci\u00f3n primaria han sido v\u00edctimas de agresiones f\u00edsicas y verbales, por parte de algunos usuarios. Si bien, se trata de hechos aislados, en las \u00faltimas semanas estas acciones han sido reiterativas, principalmente porque algunos pacientes no se adaptan al sistema de atenci\u00f3n, ni a los protocolos que se deben cumplir, producto de la pandemia.<\/p>\n<p>Uno de los hechos m\u00e1s repudiables ocurri\u00f3 en el CESFAM Fray Jorge, donde una profesional fue agredida en primera instancia de forma verbal y posteriormente la usuaria le propin\u00f3 golpes, para finalmente arrancarle su credencial y tirarlo al piso en se\u00f1al de descontento. Episodios similares se han producido en el CESFAM Marcos Macuada y en el CECOSF Limar\u00ed, donde los trabajadores han sido insultados y han recibido malos tratos de personas inescrupulosas. Estos hechos mantienen muy preocupados a los funcionarios, quienes diariamente tienen que atender a cientos de pacientes.<\/p>\n<p>La jefa del departamento de Salud Municipal, \u00c1ngela Neira manifest\u00f3 su rechazo categ\u00f3rico \u201ca estos hechos de violencia de los cuales han sido v\u00edctimas algunos de nuestros funcionarios, porque este tipo de acciones generan mucho da\u00f1o e inseguridad, porque a diario se atienden miles de personas en nuestros centros de atenci\u00f3n primaria de la comuna\u201d. Neira hizo un llamado a \u201capoyar a los trabajadores de los recintos de atenci\u00f3n, porque no podemos normalizar situaciones de agresiones f\u00edsicas, insultos e incluso \u201cfunas\u201d en redes sociales.<\/p>\n<p>Rechazaremos siempre cualquier hecho de violencia y apoyaremos a nuestros funcionarios tanto legal, como psicol\u00f3gicamente, sin son v\u00edctimas de estas lamentables situaciones\u201d.<\/p>\n<p>Por su parte, el alcalde de Ovalle, Claudio Renter\u00eda indic\u00f3 que \u201csiempre rechazaremos todo tipo de violencia en contra de nuestros funcionarios. Es lamentable que personas inescrupulosas no respeten el sistema de salud, ni a nuestros trabajadores. Existe un funcionamiento interno y protocolos que debemos cumplir y cada paciente debe respetarlos y tener un buen trato. Es repudiable lo que ha sucedido, por lo que prestaremos todo el apoyo a nuestros trabajadores y presentaremos las denuncias correspondientes\u201d.<\/p>\n","protected":false},"excerpt":{"rendered":"<p>El alcalde Claudio Renter\u00eda y la jefa del Departamento de Salud del municipio de Ovalle, \u00c1ngela Neira indicaron que les entregar\u00e1n todo el apoyo legal y psicol\u00f3gico necesario a los funcionarios agredidos.\u00a0<\/p>\n","protected":false},"author":2,"featured_media":6930,"comment_status":"open","ping_status":"open","sticky":false,"template":"","format":"standard","meta":{"footnotes":""},"categories":[5],"tags":[],"class_list":["post-6929","post","type-post","status-publish","format-standard","has-post-thumbnail","hentry","category-actualidad-limarina"],"_links":{"self":[{"href":"https:\/\/www.radiolimari.cl\/index.php?rest_route=\/wp\/v2\/posts\/6929","targetHints":{"allow":["GET"]}}],"collection":[{"href":"https:\/\/www.radiolimari.cl\/index.php?rest_route=\/wp\/v2\/posts"}],"about":[{"href":"https:\/\/www.radiolimari.cl\/index.php?rest_route=\/wp\/v2\/types\/post"}],"author":[{"embeddable":true,"href":"https:\/\/www.radiolimari.cl\/index.php?rest_route=\/wp\/v2\/users\/2"}],"replies":[{"embeddable":true,"href":"https:\/\/www.radiolimari.cl\/index.php?rest_route=%2Fwp%2Fv2%2Fcomments&post=6929"}],"version-history":[{"count":1,"href":"https:\/\/www.radiolimari.cl\/index.php?rest_route=\/wp\/v2\/posts\/6929\/revisions"}],"predecessor-version":[{"id":6931,"href":"https:\/\/www.radiolimari.cl\/index.php?rest_route=\/wp\/v2\/posts\/6929\/revisions\/6931"}],"wp:featuredmedia":[{"embeddable":true,"href":"https:\/\/www.radiolimari.cl\/index.php?rest_route=\/wp\/v2\/media\/6930"}],"wp:attachment":[{"href":"https:\/\/www.radiolimari.cl\/index.php?rest_route=%2Fwp%2Fv2%2Fmedia&parent=6929"}],"wp:term":[{"taxonomy":"category","embeddable":true,"href":"https:\/\/www.radiolimari.cl\/index.php?rest_route=%2Fwp%2Fv2%2Fcategories&post=6929"},{"taxonomy":"post_tag","embeddable":true,"href":"https:\/\/www.radiolimari.cl\/index.php?rest_route=%2Fwp%2Fv2%2Ftags&post=6929"}],"curies":[{"name":"wp","href":"https:\/\/api.w.org\/{rel}","templated":true}]}}