{"id":6926,"date":"2022-03-16T15:12:54","date_gmt":"2022-03-16T15:12:54","guid":{"rendered":"http:\/\/www.radiolimari.cl\/?p=6926"},"modified":"2022-03-16T15:12:54","modified_gmt":"2022-03-16T15:12:54","slug":"semana-cero-marca-el-retorno-a-las-clases-presenciales-en-santo-tomas-sede-ovalle","status":"publish","type":"post","link":"https:\/\/www.radiolimari.cl\/?p=6926","title":{"rendered":"Semana Cero marca el retorno a las clases presenciales en Santo Tom\u00e1s sede Ovalle"},"content":{"rendered":"<p><a href=\"https:\/\/www.radiolimari.cl\/wp-content\/uploads\/2022\/03\/16.3-semana-cero-ovalle28.jpg\"><img fetchpriority=\"high\" decoding=\"async\" class=\"alignnone size-medium wp-image-6927\" src=\"https:\/\/www.radiolimari.cl\/wp-content\/uploads\/2022\/03\/16.3-semana-cero-ovalle28-300x225.jpg\" alt=\"16.3 semana-cero-ovalle28\" width=\"300\" height=\"225\" srcset=\"https:\/\/www.radiolimari.cl\/wp-content\/uploads\/2022\/03\/16.3-semana-cero-ovalle28-300x225.jpg 300w, https:\/\/www.radiolimari.cl\/wp-content\/uploads\/2022\/03\/16.3-semana-cero-ovalle28.jpg 800w\" sizes=\"(max-width: 300px) 100vw, 300px\" \/><\/a><\/p>\n<p><strong><em>Cientos de estudiantes de primer a\u00f1o de las diversas carreras de la instituci\u00f3n acad\u00e9mica asistieron a actividades de inducci\u00f3n y orientaci\u00f3n para enfrentar el inicio del a\u00f1o escolar. <\/em><\/strong><!--more--><\/p>\n<p>Con charlas, talleres y actividades l\u00fadicas los alumnos nuevos del Instituto Profesional y Centro de Formaci\u00f3n T\u00e9cnica, tuvieron un primer acercamiento a sus carreras\u00a0 y a la educaci\u00f3n superior en la denominada \u201cSemana Cero\u201d. Un encuentro que adem\u00e1s marca el retorno a las clases presenciales obligatorias en el contexto de la pandemia por coronavirus.<\/p>\n<p>Durante dos semanas, y bajo todos los protocolos sanitarios vigentes, cientos de estudiantes participaron de las actividades organizadas, tanto por la Direcci\u00f3n de Asuntos Estudiantiles, como por\u00a0 la Direcci\u00f3n Acad\u00e9mica. En estas instancias fueron recibidos por autoridades acad\u00e9micas, docentes y por los \u201chermanos tomasinos\u201d, alumnos de cursos superiores\u00a0 que les transmitieron su experiencia y los guiaron en su primer recorrido por la sede.<\/p>\n<p>Gracias a la \u201cSemana Cero\u201d, los nuevos tomasinos conocieron todos los servicios que el establecimiento dispone para su formaci\u00f3n profesional, adem\u00e1s del funcionamiento de departamentos involucrados en su vida acad\u00e9mica, tales como: Biblioteca, Centro aprendizaje, Intranet, DAE, Formaci\u00f3n e Identidad, entre otros.<\/p>\n<p><strong>Listos para iniciar las clases<\/strong><\/p>\n<p>Luego de participar en las actividades de la \u201cSemana Cero\u201d muchos de los estudiantes nuevos ya se sienten m\u00e1s preparados para enfrentar el desaf\u00edo de la educaci\u00f3n superior, sobre todo en aquellos casos en que terminaron de estudiar la ense\u00f1anza media hace algunos a\u00f1os.<\/p>\n<p>Este es el caso de Paula Moraga Maureira, alumna de primer a\u00f1o de T\u00e9cnico en Enfermer\u00eda, quien tiene 37 a\u00f1os y tom\u00f3 la decisi\u00f3n de estudiar, porque sus hijos \u201cya est\u00e1n grandes\u201d.<\/p>\n<p>\u201cMe cost\u00f3 harto tomar la decisi\u00f3n de estudiar, fue con ayuda de mi pareja que me insist\u00eda en que yo pod\u00eda, porque yo siempre dec\u00eda que me daba miedo, pero estoy aqu\u00ed y lo voy a enfrentar, si yo lo pienso va a salir bien\u201d, sostiene Paula.<\/p>\n<p>Para ella, las actividades de recibimiento fueron importantes,\u00a0 porque asegura que \u201cestoy s\u00faper organizada para iniciar las clases, hacer las consultas si tengo alguna duda. Con las entrevistas, con los juegos did\u00e1cticos que hicieron, igual es una instancia y un momento para conocer las caras y saber a qui\u00e9n uno le puede pedir las ayudas\u201d, agreg\u00f3.<\/p>\n<p>Al igual que Paula, Carol Bugue\u00f1o (43 a\u00f1os), tambi\u00e9n decidi\u00f3 aprovechar la oportunidad de estudiar, sin importar su edad.\u00a0 Ella escogi\u00f3 la carrera de T\u00e9cnico Agr\u00edcola, porque dice que le \u201cgusta mucho la naturaleza, me gusta estudiar las plantas y tener contacto con ellas, \u00a0me apasiona ver c\u00f3mo crecen\u201d.<\/p>\n<p>En su caso, ser beneficiaria de la gratuidad fue un factor importante al momento tomar la decisi\u00f3n. \u201cTengo gratuidad por eso aproveche de estudiar y agradecida de Santo Tom\u00e1s qu\u00e9 me recibi\u00f3 y me aconsejaron a seguir, ellos me dieron el empuj\u00f3n, yo les dije que me cuestan las matem\u00e1ticas, que estoy muy vieja, pero me dijeron \u2018usted puede, aqu\u00ed la vamos a ayudar en todas las \u00e1reas\u2019 y me dieron el ejemplo de otras personas que salieron adelante\u201d, coment\u00f3.<\/p>\n<p>A Francisca N\u00fa\u00f1ez, estudiante de Servicio Social, le pareci\u00f3 que la \u201cSemana Cero\u201d era \u201cuna muy buena instancia, porque en la primera reuni\u00f3n primero est\u00e1bamos todos muy fr\u00edos, como que no hablamos y estas actividades han sido s\u00faper gratas, se siente un lugar c\u00e1lido y qu\u00e9 nos permite interactuar entre nosotros\u201d.<\/p>\n<p>Para Eventz Alteon, estudiante de T\u00e9cnico en Administraci\u00f3n vespertino, y originario de Hait\u00ed, luego de vivir su semana de inducci\u00f3n tiene grandes expectativas en sus estudios. \u201cEspero lo mejor, no solamente se trata de la instituci\u00f3n sino del esfuerzo de uno. En Hait\u00ed tenemos muchos problemas y mis padres me dijeron que era mejor salir del pa\u00eds para una mayor protecci\u00f3n y progresar m\u00e1s r\u00e1pido\u201d. \u00c9l opt\u00f3 por Santo Tom\u00e1s luego de investigar sobre el establecimiento y recibir buenas referencias. \u201cLo convers\u00e9 con varias personas que me dijeron que es bueno\u201d, sostuvo.<\/p>\n<p>Al finalizar las ajetreadas semanas de bienvenida, el establecimiento de educaci\u00f3n superior ovallino dar\u00e1 inicio a\u00a0 un nuevo a\u00f1o acad\u00e9mico, con clases presenciales obligatorias pero siguiendo todos los protocolos sanitarios para prevenir el Covid-19.<\/p>\n<p>&nbsp;<\/p>\n","protected":false},"excerpt":{"rendered":"<p>Cientos de estudiantes de primer a\u00f1o de las diversas carreras de la instituci\u00f3n acad\u00e9mica asistieron a actividades de inducci\u00f3n y orientaci\u00f3n para enfrentar el inicio del a\u00f1o escolar.<\/p>\n","protected":false},"author":2,"featured_media":6927,"comment_status":"open","ping_status":"open","sticky":false,"template":"","format":"standard","meta":{"footnotes":""},"categories":[5],"tags":[],"class_list":["post-6926","post","type-post","status-publish","format-standard","has-post-thumbnail","hentry","category-actualidad-limarina"],"_links":{"self":[{"href":"https:\/\/www.radiolimari.cl\/index.php?rest_route=\/wp\/v2\/posts\/6926","targetHints":{"allow":["GET"]}}],"collection":[{"href":"https:\/\/www.radiolimari.cl\/index.php?rest_route=\/wp\/v2\/posts"}],"about":[{"href":"https:\/\/www.radiolimari.cl\/index.php?rest_route=\/wp\/v2\/types\/post"}],"author":[{"embeddable":true,"href":"https:\/\/www.radiolimari.cl\/index.php?rest_route=\/wp\/v2\/users\/2"}],"replies":[{"embeddable":true,"href":"https:\/\/www.radiolimari.cl\/index.php?rest_route=%2Fwp%2Fv2%2Fcomments&post=6926"}],"version-history":[{"count":1,"href":"https:\/\/www.radiolimari.cl\/index.php?rest_route=\/wp\/v2\/posts\/6926\/revisions"}],"predecessor-version":[{"id":6928,"href":"https:\/\/www.radiolimari.cl\/index.php?rest_route=\/wp\/v2\/posts\/6926\/revisions\/6928"}],"wp:featuredmedia":[{"embeddable":true,"href":"https:\/\/www.radiolimari.cl\/index.php?rest_route=\/wp\/v2\/media\/6927"}],"wp:attachment":[{"href":"https:\/\/www.radiolimari.cl\/index.php?rest_route=%2Fwp%2Fv2%2Fmedia&parent=6926"}],"wp:term":[{"taxonomy":"category","embeddable":true,"href":"https:\/\/www.radiolimari.cl\/index.php?rest_route=%2Fwp%2Fv2%2Fcategories&post=6926"},{"taxonomy":"post_tag","embeddable":true,"href":"https:\/\/www.radiolimari.cl\/index.php?rest_route=%2Fwp%2Fv2%2Ftags&post=6926"}],"curies":[{"name":"wp","href":"https:\/\/api.w.org\/{rel}","templated":true}]}}