{"id":6923,"date":"2022-03-16T12:33:51","date_gmt":"2022-03-16T12:33:51","guid":{"rendered":"http:\/\/www.radiolimari.cl\/?p=6923"},"modified":"2022-03-16T12:33:51","modified_gmt":"2022-03-16T12:33:51","slug":"familias-de-la-serena-y-coquimbo-participan-en-programa-del-fosis-orientado-a-fortalecer-la-vida-en-familia","status":"publish","type":"post","link":"https:\/\/www.radiolimari.cl\/?p=6923","title":{"rendered":"Familias de La Serena y Coquimbo participan en programa del FOSIS orientado a fortalecer la vida en familia"},"content":{"rendered":"<p><a href=\"https:\/\/www.radiolimari.cl\/wp-content\/uploads\/2022\/03\/16.3-fosis.jpeg\"><img fetchpriority=\"high\" decoding=\"async\" class=\"alignnone size-medium wp-image-6924\" src=\"https:\/\/www.radiolimari.cl\/wp-content\/uploads\/2022\/03\/16.3-fosis-300x169.jpeg\" alt=\"16.3 fosis\" width=\"300\" height=\"169\" srcset=\"https:\/\/www.radiolimari.cl\/wp-content\/uploads\/2022\/03\/16.3-fosis-300x169.jpeg 300w, https:\/\/www.radiolimari.cl\/wp-content\/uploads\/2022\/03\/16.3-fosis-1024x577.jpeg 1024w, https:\/\/www.radiolimari.cl\/wp-content\/uploads\/2022\/03\/16.3-fosis.jpeg 1600w\" sizes=\"(max-width: 300px) 100vw, 300px\" \/><\/a><\/p>\n<p><strong><em>La inversi\u00f3n total borde\u00f3 los $42 millones y se enfoc\u00f3 en familias en situaci\u00f3n de extrema pobreza y vulnerabilidad social de ambas comunas.<\/em><\/strong><!--more--><\/p>\n<p>En total 64 familias de Coquimbo y La Serena concluyeron con \u00e9xito su participaci\u00f3n el programa Acci\u00f3n en Familia del FOSIS. \u201cEl objetivo principal del programa es entregar acompa\u00f1amiento integral a familias en situaci\u00f3n de extrema pobreza y vulnerabilidad social, la idea es apoyar a los participantes para que fortalezca\u200bn su vida como familia, trabajando la comunicaci\u00f3n, sus metas y la identificaci\u00f3n de los apoyos con que los pueden contar, entre otros aspectos\u201d, se\u00f1al\u00f3 Loreto Molina, Director Regional del FOSIS.<\/p>\n<p>La estrategia de intervenci\u00f3n se estructur\u00f3 a trav\u00e9s de etapas, lo que concluy\u00f3 con un financiamiento de $200.000 para la adquisici\u00f3n de Bienes y\/o Servicios como equipamiento para el hogar, insumos mercader\u00eda y materiales para el mejoramiento de habitabilidad. \u201cEstoy muy agradecida, no dud\u00e9 ni un minuto en aceptar la invitaci\u00f3n a participar, en mi caso tuve muchos problemas familiares en el \u00faltimo tiempo y esto nos ayud\u00f3 mucho como familia porque pudimos aprender de los profesionales y eso traspasarlo a nuestra familia, adem\u00e1s nos lleg\u00f3 una platita al finalizar el programa que nos ha sido de mucha ayuda\u201d, se\u00f1al\u00f3 M\u00f3nica Torres, vecina del sector Parte Alta de Coquimbo.<\/p>\n<p>En la cita particip\u00f3 adem\u00e1s la Directora Regional de Mejor Ni\u00f1ez, Julia Sandes, quien resalt\u00f3 que \u201ceste es el cierre de m\u00e1s de 9 meses de trabajo y como servicio nosotros tambi\u00e9n estamos comprometidos a apoyar a estas familias principalmente porque al intervenir las familias se interviene a los ni\u00f1os y queremos apoyarlas y acompa\u00f1arlas en este proceso\u201d.<\/p>\n<p><strong>Etapas del programa<\/strong><\/p>\n<p>\u2022 Intervenci\u00f3n y acompa\u00f1amiento psicosocial: se realiza durante toda la ejecuci\u00f3n a trav\u00e9s de espacios de conversaci\u00f3n en el domicilio de las familias para generar los cambios esperados y para ser soporte durante la ejecuci\u00f3n de las acciones aut\u00f3nomas que las familias realicen.<\/p>\n<p>\u2022 Formaci\u00f3n: busca aportar contenidos e informaci\u00f3n que permita reflexionar sobre las pr\u00e1cticas cotidianas.<\/p>\n<p>\u2022 Financiamiento de iniciativa familiar.<\/p>\n<p>&nbsp;<\/p>\n<p>&nbsp;<\/p>\n<p>&nbsp;<\/p>\n","protected":false},"excerpt":{"rendered":"<p>La inversi\u00f3n total borde\u00f3 los $42 millones y se enfoc\u00f3 en familias en situaci\u00f3n de extrema pobreza y vulnerabilidad social de ambas comunas.<\/p>\n","protected":false},"author":2,"featured_media":6924,"comment_status":"open","ping_status":"open","sticky":false,"template":"","format":"standard","meta":{"footnotes":""},"categories":[6],"tags":[],"class_list":["post-6923","post","type-post","status-publish","format-standard","has-post-thumbnail","hentry","category-regionales"],"_links":{"self":[{"href":"https:\/\/www.radiolimari.cl\/index.php?rest_route=\/wp\/v2\/posts\/6923","targetHints":{"allow":["GET"]}}],"collection":[{"href":"https:\/\/www.radiolimari.cl\/index.php?rest_route=\/wp\/v2\/posts"}],"about":[{"href":"https:\/\/www.radiolimari.cl\/index.php?rest_route=\/wp\/v2\/types\/post"}],"author":[{"embeddable":true,"href":"https:\/\/www.radiolimari.cl\/index.php?rest_route=\/wp\/v2\/users\/2"}],"replies":[{"embeddable":true,"href":"https:\/\/www.radiolimari.cl\/index.php?rest_route=%2Fwp%2Fv2%2Fcomments&post=6923"}],"version-history":[{"count":1,"href":"https:\/\/www.radiolimari.cl\/index.php?rest_route=\/wp\/v2\/posts\/6923\/revisions"}],"predecessor-version":[{"id":6925,"href":"https:\/\/www.radiolimari.cl\/index.php?rest_route=\/wp\/v2\/posts\/6923\/revisions\/6925"}],"wp:featuredmedia":[{"embeddable":true,"href":"https:\/\/www.radiolimari.cl\/index.php?rest_route=\/wp\/v2\/media\/6924"}],"wp:attachment":[{"href":"https:\/\/www.radiolimari.cl\/index.php?rest_route=%2Fwp%2Fv2%2Fmedia&parent=6923"}],"wp:term":[{"taxonomy":"category","embeddable":true,"href":"https:\/\/www.radiolimari.cl\/index.php?rest_route=%2Fwp%2Fv2%2Fcategories&post=6923"},{"taxonomy":"post_tag","embeddable":true,"href":"https:\/\/www.radiolimari.cl\/index.php?rest_route=%2Fwp%2Fv2%2Ftags&post=6923"}],"curies":[{"name":"wp","href":"https:\/\/api.w.org\/{rel}","templated":true}]}}