{"id":6920,"date":"2022-03-15T20:08:48","date_gmt":"2022-03-15T20:08:48","guid":{"rendered":"http:\/\/www.radiolimari.cl\/?p=6920"},"modified":"2022-03-15T20:08:48","modified_gmt":"2022-03-15T20:08:48","slug":"una-decena-de-illapelinos-fueron-certificados-mediante-el-programa-profocap","status":"publish","type":"post","link":"https:\/\/www.radiolimari.cl\/?p=6920","title":{"rendered":"Una decena de Illapelinos fueron certificados mediante el programa PROFOCAP"},"content":{"rendered":"<p><a href=\"https:\/\/www.radiolimari.cl\/wp-content\/uploads\/2022\/03\/15.3-capacitacion-2.jpg\"><img fetchpriority=\"high\" decoding=\"async\" class=\"alignnone size-medium wp-image-6921\" src=\"https:\/\/www.radiolimari.cl\/wp-content\/uploads\/2022\/03\/15.3-capacitacion-2-300x199.jpg\" alt=\"15.3 capacitacion (2)\" width=\"300\" height=\"199\" srcset=\"https:\/\/www.radiolimari.cl\/wp-content\/uploads\/2022\/03\/15.3-capacitacion-2-300x199.jpg 300w, https:\/\/www.radiolimari.cl\/wp-content\/uploads\/2022\/03\/15.3-capacitacion-2-1024x682.jpg 1024w, https:\/\/www.radiolimari.cl\/wp-content\/uploads\/2022\/03\/15.3-capacitacion-2.jpg 2048w\" sizes=\"(max-width: 300px) 100vw, 300px\" \/><\/a><\/p>\n<p><strong><em>Desde el 15 de noviembre de 2021, 8 mujeres y 2 hombres de la comuna de Illapel fueron parte del proyecto que se llev\u00f3 a cabo en la capital provincial<\/em><\/strong><!--more--><\/p>\n<p>En dependencias de la Plaza de Abastos de Illapel se realiz\u00f3 la ceremonia de cierre del programa PROFOCAP, el cual capacit\u00f3 a 10 vecinos de la comunidad con la generaci\u00f3n de competencias laborales b\u00e1sicas, de manera tal de facilitar el desenvolvimiento laboral en cualquier tipo de trabajo o labor.<\/p>\n<p>El Programa de Formaci\u00f3n, Capacitaci\u00f3n y Empleo (PROFOCAP), ejecutado por la Corporaci\u00f3n Nacional Forestal, se ejecuta desde el a\u00f1o 2006 beneficiando a m\u00e1s de un centenar de usuarios, y en esta ocasi\u00f3n cont\u00f3 con los talleres de competencias laborales, Micro emprendimiento, violencia intrafamiliar, alfabetizaci\u00f3n digital y una pasant\u00eda laboral.<\/p>\n<p>Es por ello que la Delegada Presidencial de Choapa, Nataly Carvajal, agradeci\u00f3 ser parte de esta ceremonia, la cual es su primera actividad formal dentro de la provincia, desde que asumi\u00f3 su cargo el pasado 11 de marzo. <strong>\u201cEs importante tener este tipo de programas dentro de la provincia y que entregue las herramientas para el emprendimiento y que puedan fortalecer las capacidades que ten\u00edan, por eso estoy muy contenta y sobre todo muy orgullosa de estos j\u00f3venes\u201d.<\/strong><\/p>\n<p>Norma Brice\u00f1o fue una de las j\u00f3venes que se capacit\u00f3 mediante el programa, lo que le permitir\u00e1 generar un desarrollo extra en su emprendimiento de confecci\u00f3n de pasteler\u00eda. <strong>\u201cNada m\u00e1s que agradecimiento, muy contenta porque para m\u00ed fue una gran oportunidad, porque yo estaba solo enfocada con mi emprendimiento y esto me llev\u00f3 a buscar mayores metas en mi vida\u201d.<\/strong><\/p>\n<p>Palabras que se sumaron a las de Francisca Rojo, capacitadora del PROFOCAP, quien detall\u00f3 lo que ha permitido el curso, <strong>\u201cEste a\u00f1o estamos s\u00faper contentos porque tenemos varios usuarios que quedaron trabajando y adem\u00e1s se generaron emprendimientos nuevos dentro del grupo\u201d.<\/strong><\/p>\n<p>El programa es ejecutado por Conaf, en convenio con los Ministerios del Trabajo y Previsi\u00f3n Social, y de Desarrollo Social y Familia, propiciando la integraci\u00f3n laboral de las personas pertenecientes al Sistema de Protecci\u00f3n Social Chile Solidario y del Subsistema Seguridades y Oportunidades, es por ello que el director provincial de Conaf, Jorge Silva. Estuvo presente y se refiri\u00f3 a la importancia de este programa en Choapa. <strong>\u201cSatisfactorio ver a las personas contentas y agradecidas de esta oportunidad que se les dio de aprender a enfrentar de forma distinta el mundo laboral\u201d.<\/strong><\/p>\n<p>En representaci\u00f3n del alcalde Denis Cort\u00e9s de Illapel, la directora de DIDECO, Claudia Contreras, se refiri\u00f3 a lo importante de este tipo de instancias. <strong>\u201cEstamos contentos como municipalidad ya que son familias pertenecientes al programa seguridad y oportunidades que corresponde al sector m\u00e1s vulnerable de nuestras familias entonces tuvieron la posibilidad de recibir esta capacitaci\u00f3n en habilidades blandas y desarrollo personal\u201d.<\/strong><\/p>\n<p>En la regi\u00f3n de Coquimbo fueron cuatro los municipios favorecidos con el programa, entre los cuales se encuentran Coquimbo, Ovalle, Salamanca e Illapel, beneficiando a m\u00e1s de 70 usuarios entre las tres provincias.<\/p>\n<p>&nbsp;<\/p>\n","protected":false},"excerpt":{"rendered":"<p>Desde el 15 de noviembre de 2021, 8 mujeres y 2 hombres de la comuna de Illapel fueron parte del proyecto que se llev\u00f3 a cabo en la capital provincial<\/p>\n","protected":false},"author":2,"featured_media":6921,"comment_status":"open","ping_status":"open","sticky":false,"template":"","format":"standard","meta":{"footnotes":""},"categories":[6],"tags":[],"class_list":["post-6920","post","type-post","status-publish","format-standard","has-post-thumbnail","hentry","category-regionales"],"_links":{"self":[{"href":"https:\/\/www.radiolimari.cl\/index.php?rest_route=\/wp\/v2\/posts\/6920","targetHints":{"allow":["GET"]}}],"collection":[{"href":"https:\/\/www.radiolimari.cl\/index.php?rest_route=\/wp\/v2\/posts"}],"about":[{"href":"https:\/\/www.radiolimari.cl\/index.php?rest_route=\/wp\/v2\/types\/post"}],"author":[{"embeddable":true,"href":"https:\/\/www.radiolimari.cl\/index.php?rest_route=\/wp\/v2\/users\/2"}],"replies":[{"embeddable":true,"href":"https:\/\/www.radiolimari.cl\/index.php?rest_route=%2Fwp%2Fv2%2Fcomments&post=6920"}],"version-history":[{"count":1,"href":"https:\/\/www.radiolimari.cl\/index.php?rest_route=\/wp\/v2\/posts\/6920\/revisions"}],"predecessor-version":[{"id":6922,"href":"https:\/\/www.radiolimari.cl\/index.php?rest_route=\/wp\/v2\/posts\/6920\/revisions\/6922"}],"wp:featuredmedia":[{"embeddable":true,"href":"https:\/\/www.radiolimari.cl\/index.php?rest_route=\/wp\/v2\/media\/6921"}],"wp:attachment":[{"href":"https:\/\/www.radiolimari.cl\/index.php?rest_route=%2Fwp%2Fv2%2Fmedia&parent=6920"}],"wp:term":[{"taxonomy":"category","embeddable":true,"href":"https:\/\/www.radiolimari.cl\/index.php?rest_route=%2Fwp%2Fv2%2Fcategories&post=6920"},{"taxonomy":"post_tag","embeddable":true,"href":"https:\/\/www.radiolimari.cl\/index.php?rest_route=%2Fwp%2Fv2%2Ftags&post=6920"}],"curies":[{"name":"wp","href":"https:\/\/api.w.org\/{rel}","templated":true}]}}