{"id":6916,"date":"2022-03-15T20:03:19","date_gmt":"2022-03-15T20:03:19","guid":{"rendered":"http:\/\/www.radiolimari.cl\/?p=6916"},"modified":"2022-03-15T20:03:19","modified_gmt":"2022-03-15T20:03:19","slug":"ministerio-de-las-culturas-abre-convocatoria-al-premio-margot-loyola-palacios-2022","status":"publish","type":"post","link":"https:\/\/www.radiolimari.cl\/?p=6916","title":{"rendered":"Ministerio de las Culturas abre convocatoria al Premio Margot Loyola Palacios 2022"},"content":{"rendered":"<p><a href=\"https:\/\/www.radiolimari.cl\/wp-content\/uploads\/2022\/03\/15.3-eligeCultura_MLP22_Banner-1110x624.jpg\"><img fetchpriority=\"high\" decoding=\"async\" class=\"alignnone size-medium wp-image-6918\" src=\"https:\/\/www.radiolimari.cl\/wp-content\/uploads\/2022\/03\/15.3-eligeCultura_MLP22_Banner-1110x624-300x168.jpg\" alt=\"15,.3 eligeCultura_MLP22_Banner 1110x624\" width=\"300\" height=\"168\" srcset=\"https:\/\/www.radiolimari.cl\/wp-content\/uploads\/2022\/03\/15.3-eligeCultura_MLP22_Banner-1110x624-300x168.jpg 300w, https:\/\/www.radiolimari.cl\/wp-content\/uploads\/2022\/03\/15.3-eligeCultura_MLP22_Banner-1110x624-1024x575.jpg 1024w, https:\/\/www.radiolimari.cl\/wp-content\/uploads\/2022\/03\/15.3-eligeCultura_MLP22_Banner-1110x624.jpg 1851w\" sizes=\"(max-width: 300px) 100vw, 300px\" \/><\/a><\/p>\n<p><b style=\"color: #222222;\"><span style=\"color: black;\">La postulaci\u00f3n, que estar\u00e1 abierta hasta el\u00a0pr\u00f3ximo 15 de mayo, busca destacar a aquellas personas o agrupaciones que a trav\u00e9s de su actividad, oficio o profesi\u00f3n enriquecen la cultura tradicional y el patrimonio cultural inmaterial del pa\u00eds.<\/span><\/b><!--more--><\/p>\n<p style=\"font-weight: 400;\">Tres personas destacadas\u00a0por sus comunidades como actores que hayan enriquecido la cultura tradicional y el patrimonio cultural inmaterial del pa\u00eds podr\u00e1n recibir este a\u00f1o el\u00a0Premio a la Trayectoria en Cultura Tradicional Margot Loyola Palacios, galard\u00f3n que entrega el Ministerio de las Culturas, las Artes y el Patrimonio\u00a0y cuya convocatoria 2022 ya est\u00e1 disponible.<\/p>\n<p style=\"font-weight: 400;\">Las interesadas y los interesados podr\u00e1n postular\u00a0hasta las 23:59 horas del pr\u00f3ximo\u00a015 de mayo. Para hacerlo\u00a0deben\u00a0escribir al correo electr\u00f3nico\u00a0<a href=\"mailto:premiomargotloyola@patrimoniocultural.gob.cl\">premiomargotloyola@patrimoniocultural.gob.cl<\/a>\u00a0e indicar en\u00a0el asunto\u00a0\u201cPremio a la Trayectoria en Cultura Tradicional Margot Loyola Palacios\u201d.<\/p>\n<p style=\"font-weight: 400;\">La ministra de las Culturas, las Artes y el Patrimonio, Julieta Brodsky Hern\u00e1ndez, se\u00f1al\u00f3 que este reconocimiento \u201cbusca destacar a cultoras, cultores, investigadoras e investigadores que rescatan la riqueza intercultural de Chile, contribuyendo con ello a la difusi\u00f3n y valoraci\u00f3n de nuestra identidad plural y diversa\u201d.<\/p>\n<p style=\"font-weight: 400;\">El monto asignado para cada una de las o los tres galardonados\/as ser\u00e1 de tres millones de pesos ($3.000.000) y podr\u00e1n postular personas y agrupaciones de diversas disciplinas como artesan\u00eda, m\u00fasica, danza, folklore, literatura, circo tradicional y cocina chilena, en cualquiera de las siguientes l\u00edneas de trabajo: investigaci\u00f3n, creaci\u00f3n y\/o formaci\u00f3n.<\/p>\n<p style=\"font-weight: 400;\">\n<p style=\"font-weight: 400;\">Los candidatos y candidatas deben tener una trayectoria comprobada de m\u00e1s de 20 a\u00f1os en los \u00e1mbitos de la cultura tradicional y\/o el patrimonio cultural inmaterial. Por su parte, las personas naturales o jur\u00eddicas, fundaciones, asociaciones, universidades y municipalidades, entre otras instituciones, podr\u00e1n tambi\u00e9n patrocinar y presentar un o una postulante en esta s\u00e9ptima edici\u00f3n.<\/p>\n<p style=\"font-weight: 400;\">Desde su primera entrega en 2016, han sido distinguidos y distinguidas:\u00a0\u00a0la alfarera de Quinchamal\u00ed, Gabriela del Carmen Garc\u00eda Ram\u00edrez;\u00a0el\u00a0escritor Francisco Barrios; el investigador e int\u00e9rprete Ram\u00f3n Andreu Ricart, la cocinera tradicional y mujer sabia aymara,\u00a0Aurora Cayo; y\u00a0 la cantautora y educadora tradicional mapuche,\u00a0Sof\u00eda Painiqueo.<\/p>\n<p style=\"font-weight: 400;\">\n<p style=\"font-weight: 400;\">El galard\u00f3n tambi\u00e9n ha reca\u00eddo en el escritor e investigador de la cultura chilota,\u00a0Renato C\u00e1rdenas; el m\u00fasico y revitalizador de la cultura rapanui,\u00a0Alfredo Tuki Pate; el m\u00fasico y alf\u00e9rez del Carnaval de Socoroma, Rodomiro Huanca; el organillero y chinchinero, H\u00e9ctor Lizana Guti\u00e9rrez; adem\u00e1s de la folclorista y maestra, Elena Valdivia.<\/p>\n<p style=\"font-weight: 400;\">\n<p style=\"font-weight: 400;\">La lista de cultores\/as distinguidos\/as se cierra con la familia de cantores a lo poeta, Madariaga; el music\u00f3logo y muse\u00f3grafo Jos\u00e9 P\u00e9rez de Arce; el pedagogo y artesano Fernando Alfaro; la investigadora y cantora campesina, Patricia Chavarr\u00eda; el grupo La Chimuchina y los conjuntos folkl\u00f3ricos Tabake y Cuncum\u00e9n.<\/p>\n<p style=\"font-weight: 400;\">\n<p style=\"font-weight: 400;\">Bases y postulaci\u00f3n disponible en\u00a0<a href=\"https:\/\/www.cultura.gob.cl\/convocatorias\/premio-margot-loyola-palacios-2022\/\" data-saferedirecturl=\"https:\/\/www.google.com\/url?q=https:\/\/www.cultura.gob.cl\/convocatorias\/premio-margot-loyola-palacios-2022\/&amp;source=gmail&amp;ust=1647459793493000&amp;usg=AOvVaw3x5H_EreNb2uOidpRrvcVF\">https:\/\/www.cultura.gob.cl\/convocatorias\/premio-margot-loyola-palacios-2022\/<\/a>.<\/p>\n<p style=\"font-weight: 400;\">\n","protected":false},"excerpt":{"rendered":"<p>La postulaci\u00f3n, que estar\u00e1 abierta hasta el\u00a0pr\u00f3ximo 15 de mayo, busca destacar a aquellas personas o agrupaciones que a trav\u00e9s de su actividad, oficio o profesi\u00f3n enriquecen la cultura tradicional y el patrimonio cultural inmaterial del pa\u00eds.<\/p>\n","protected":false},"author":2,"featured_media":6918,"comment_status":"open","ping_status":"open","sticky":false,"template":"","format":"standard","meta":{"footnotes":""},"categories":[3],"tags":[],"class_list":["post-6916","post","type-post","status-publish","format-standard","has-post-thumbnail","hentry","category-actualidad"],"_links":{"self":[{"href":"https:\/\/www.radiolimari.cl\/index.php?rest_route=\/wp\/v2\/posts\/6916","targetHints":{"allow":["GET"]}}],"collection":[{"href":"https:\/\/www.radiolimari.cl\/index.php?rest_route=\/wp\/v2\/posts"}],"about":[{"href":"https:\/\/www.radiolimari.cl\/index.php?rest_route=\/wp\/v2\/types\/post"}],"author":[{"embeddable":true,"href":"https:\/\/www.radiolimari.cl\/index.php?rest_route=\/wp\/v2\/users\/2"}],"replies":[{"embeddable":true,"href":"https:\/\/www.radiolimari.cl\/index.php?rest_route=%2Fwp%2Fv2%2Fcomments&post=6916"}],"version-history":[{"count":1,"href":"https:\/\/www.radiolimari.cl\/index.php?rest_route=\/wp\/v2\/posts\/6916\/revisions"}],"predecessor-version":[{"id":6919,"href":"https:\/\/www.radiolimari.cl\/index.php?rest_route=\/wp\/v2\/posts\/6916\/revisions\/6919"}],"wp:featuredmedia":[{"embeddable":true,"href":"https:\/\/www.radiolimari.cl\/index.php?rest_route=\/wp\/v2\/media\/6918"}],"wp:attachment":[{"href":"https:\/\/www.radiolimari.cl\/index.php?rest_route=%2Fwp%2Fv2%2Fmedia&parent=6916"}],"wp:term":[{"taxonomy":"category","embeddable":true,"href":"https:\/\/www.radiolimari.cl\/index.php?rest_route=%2Fwp%2Fv2%2Fcategories&post=6916"},{"taxonomy":"post_tag","embeddable":true,"href":"https:\/\/www.radiolimari.cl\/index.php?rest_route=%2Fwp%2Fv2%2Ftags&post=6916"}],"curies":[{"name":"wp","href":"https:\/\/api.w.org\/{rel}","templated":true}]}}