{"id":6912,"date":"2022-03-15T19:00:47","date_gmt":"2022-03-15T19:00:47","guid":{"rendered":"http:\/\/www.radiolimari.cl\/?p=6912"},"modified":"2022-03-15T19:00:47","modified_gmt":"2022-03-15T19:00:47","slug":"pronostican-precipitaciones-en-cordillera-y-probables-tormentas-electricas-en-las-regiones-de-atacama-y-coquimbo","status":"publish","type":"post","link":"https:\/\/www.radiolimari.cl\/?p=6912","title":{"rendered":"Pronostican precipitaciones en cordillera y probables tormentas el\u00e9ctricas en las regiones de Atacama y Coquimbo"},"content":{"rendered":"<p><a href=\"https:\/\/www.radiolimari.cl\/wp-content\/uploads\/2022\/03\/el-tiempo-2021.jpg\"><img fetchpriority=\"high\" decoding=\"async\" class=\"alignnone size-medium wp-image-6913\" src=\"https:\/\/www.radiolimari.cl\/wp-content\/uploads\/2022\/03\/el-tiempo-2021-300x194.jpg\" alt=\"el tiempo 2021\" width=\"300\" height=\"194\" srcset=\"https:\/\/www.radiolimari.cl\/wp-content\/uploads\/2022\/03\/el-tiempo-2021-300x194.jpg 300w, https:\/\/www.radiolimari.cl\/wp-content\/uploads\/2022\/03\/el-tiempo-2021-1024x664.jpg 1024w, https:\/\/www.radiolimari.cl\/wp-content\/uploads\/2022\/03\/el-tiempo-2021.jpg 2008w\" sizes=\"(max-width: 300px) 100vw, 300px\" \/><\/a><\/p>\n<p><span style=\"font-weight: 600; color: #000000;\">En base al constante monitoreo de las condiciones meteorol\u00f3gicas, el CEAZAMET pronostica\u00a0<\/span><span class=\"il\" style=\"font-weight: 600; color: #000000;\">precipitaciones<\/span><span style=\"font-weight: 600; color: #000000;\">\u00a0de agua y nieve en la cordillera de las regiones de Atacama y Coquimbo entre este martes 15 y mi\u00e9rcoles 16 de marzo.<\/span><!--more--><\/p>\n<p lang=\"es-MX\" style=\"font-weight: 600; color: #000000;\" align=\"justify\">Mientras que en la cordillera de todas las provincias de la Regi\u00f3n de Atacama las\u00a0<span class=\"il\">precipitaciones<\/span>\u00a0dejar\u00edan en total hasta 10 mm de agua l\u00edquida y 10 cm de nieve, en la Regi\u00f3n de Coquimbo se estiman 10 mm de agua l\u00edquida y 5 cm de nieve, principalmente en la cordillera de la provincia de Elqui.<\/p>\n<p lang=\"es-MX\" style=\"font-weight: 600; color: #000000;\" align=\"justify\">Desde el \u00e1rea meteorol\u00f3gica del CEAZA indican que tanto en la Regi\u00f3n de Atacama como en la Regi\u00f3n de Coquimbo, las precipitaciones podr\u00edan venir acompa\u00f1adas de tormentas el\u00e9ctricas en la cordillera.<strong style=\"font-weight: bold;\"><span lang=\"es-MX\"><br \/>\n<\/span><\/strong><\/p>\n<div style=\"font-weight: 600; color: #000000;\">\n<div dir=\"ltr\">\n<div><\/div>\n<div>Se espera que durante el evento el nivel de isoterma cero fluct\u00fae entre 4200 y 4800m en la Regi\u00f3n de Atacama y entre 4300 y 4900 m en la Regi\u00f3n de Coquimbo, los que se consideran valores dentro de lo no<\/div>\n<div><a style=\"font-weight: normal; color: #c5d000;\" href=\"http:\/\/www.ceaza.cl\/wp-content\/uploads\/2022\/03\/mapa2a_1647350090.png\"><img decoding=\"async\" class=\"alignleft size-full wp-image-13605\" style=\"color: transparent;\" src=\"http:\/\/www.ceaza.cl\/wp-content\/uploads\/2022\/03\/mapa2a_1647350090.png\" alt=\"\" width=\"424\" height=\"552\" \/><\/a><a style=\"font-weight: normal; color: #c5d000;\" href=\"http:\/\/www.ceaza.cl\/wp-content\/uploads\/2022\/03\/mapa1a_1647350090.png\"><img decoding=\"async\" class=\"alignleft size-full wp-image-13606\" style=\"color: transparent;\" src=\"http:\/\/www.ceaza.cl\/wp-content\/uploads\/2022\/03\/mapa1a_1647350090.png\" alt=\"\" width=\"424\" height=\"552\" \/><\/a>rmal durante esta \u00e9poca del a\u00f1o.<\/div>\n<\/div>\n<\/div>\n<p>&nbsp;<\/p>\n","protected":false},"excerpt":{"rendered":"<p>En base al constante monitoreo de las condiciones meteorol\u00f3gicas, el CEAZAMET pronostica\u00a0precipitaciones\u00a0de agua y nieve en la cordillera de las regiones de Atacama y Coquimbo entre este martes 15 y mi\u00e9rcoles 16 de marzo.<\/p>\n","protected":false},"author":2,"featured_media":6913,"comment_status":"open","ping_status":"open","sticky":false,"template":"","format":"standard","meta":{"footnotes":""},"categories":[3],"tags":[],"class_list":["post-6912","post","type-post","status-publish","format-standard","has-post-thumbnail","hentry","category-actualidad"],"_links":{"self":[{"href":"https:\/\/www.radiolimari.cl\/index.php?rest_route=\/wp\/v2\/posts\/6912","targetHints":{"allow":["GET"]}}],"collection":[{"href":"https:\/\/www.radiolimari.cl\/index.php?rest_route=\/wp\/v2\/posts"}],"about":[{"href":"https:\/\/www.radiolimari.cl\/index.php?rest_route=\/wp\/v2\/types\/post"}],"author":[{"embeddable":true,"href":"https:\/\/www.radiolimari.cl\/index.php?rest_route=\/wp\/v2\/users\/2"}],"replies":[{"embeddable":true,"href":"https:\/\/www.radiolimari.cl\/index.php?rest_route=%2Fwp%2Fv2%2Fcomments&post=6912"}],"version-history":[{"count":1,"href":"https:\/\/www.radiolimari.cl\/index.php?rest_route=\/wp\/v2\/posts\/6912\/revisions"}],"predecessor-version":[{"id":6914,"href":"https:\/\/www.radiolimari.cl\/index.php?rest_route=\/wp\/v2\/posts\/6912\/revisions\/6914"}],"wp:featuredmedia":[{"embeddable":true,"href":"https:\/\/www.radiolimari.cl\/index.php?rest_route=\/wp\/v2\/media\/6913"}],"wp:attachment":[{"href":"https:\/\/www.radiolimari.cl\/index.php?rest_route=%2Fwp%2Fv2%2Fmedia&parent=6912"}],"wp:term":[{"taxonomy":"category","embeddable":true,"href":"https:\/\/www.radiolimari.cl\/index.php?rest_route=%2Fwp%2Fv2%2Fcategories&post=6912"},{"taxonomy":"post_tag","embeddable":true,"href":"https:\/\/www.radiolimari.cl\/index.php?rest_route=%2Fwp%2Fv2%2Ftags&post=6912"}],"curies":[{"name":"wp","href":"https:\/\/api.w.org\/{rel}","templated":true}]}}