{"id":6909,"date":"2022-03-14T17:11:37","date_gmt":"2022-03-14T17:11:37","guid":{"rendered":"http:\/\/www.radiolimari.cl\/?p=6909"},"modified":"2022-03-14T17:11:37","modified_gmt":"2022-03-14T17:11:37","slug":"refuerzan-la-coordinacion-y-el-dialogo-con-los-municipios-para-llegar-con-soluciones-a-los-territorios","status":"publish","type":"post","link":"https:\/\/www.radiolimari.cl\/?p=6909","title":{"rendered":"Refuerzan la coordinaci\u00f3n y el di\u00e1logo con los municipios para llegar con soluciones a los territorios"},"content":{"rendered":"<p><a href=\"https:\/\/www.radiolimari.cl\/wp-content\/uploads\/2022\/03\/14.3-reunion-serena.jpg\"><img fetchpriority=\"high\" decoding=\"async\" class=\"alignnone size-medium wp-image-6910\" src=\"https:\/\/www.radiolimari.cl\/wp-content\/uploads\/2022\/03\/14.3-reunion-serena-300x200.jpg\" alt=\"14.3 reunion serena\" width=\"300\" height=\"200\" srcset=\"https:\/\/www.radiolimari.cl\/wp-content\/uploads\/2022\/03\/14.3-reunion-serena-300x200.jpg 300w, https:\/\/www.radiolimari.cl\/wp-content\/uploads\/2022\/03\/14.3-reunion-serena.jpg 1024w\" sizes=\"(max-width: 300px) 100vw, 300px\" \/><\/a><\/p>\n<p><strong><em>Los ediles destacaron la convocatoria efectuada por la Gobernadora Regional Krist Naranjo y el Delegado Presidencial Rub\u00e9n Quezada, con quienes abordaron las principales tem\u00e1ticas que hoy los afectan y que demandan un mayor trabajo conjunto.<\/em><\/strong><!--more--><\/p>\n<p>Sequ\u00eda, empleo, seguridad y conectividad asomaron como los grandes desaf\u00edos que actualmente enfrentan las 15 comunas de la Regi\u00f3n de Coquimbo.<\/p>\n<p>Realidades que explicaron cada uno de los alcaldes a la Gobernadora Regional Krist Naranjo y al Delegado Presidencial Regional Rub\u00e9n Quezada, quienes convocaron a una reuni\u00f3n para afianzar el trabajo que el nuevo Gobierno Regional y la administraci\u00f3n del Presidente Gabriel Boric efectuar\u00e1n en la zona para llegar de manera efectiva con las soluciones a los territorios.<\/p>\n<p>Se trat\u00f3 de un di\u00e1logo directo, una fuerte se\u00f1al para una descentralizaci\u00f3n efectiva en la que sea protagonista el real trabajo conjunto entre las autoridades regionales.<\/p>\n<p>Al respecto, la Gobernadora Krist Naranjo sostuvo que <strong>\u00abdebemos partir un proceso distinto. Tenemos la posibilidad de establecer cambios necesarios y estamos convencidos que el trabajo conjunto va a ser muy necesario para poder llegar con mejor eficacia a las comunas. El Presidente Boric ha dicho del fortalecimiento de nuestros Gobierno Regionales y por lo tanto todas estas se\u00f1ales son muy positivas para resolver las demandas de nuestra gente\u201d<\/strong>.<\/p>\n<p>En tanto, el Delegado Rub\u00e9n Quezada acot\u00f3 que <strong>\u00abcomo Gobierno queremos que se note un cambio de mano, en que los Delegados Regionales y Provinciales estamos al servicio de nuestra autoridad democr\u00e1ticamente electa que es la Gobernadora. Pretendemos ser un ente colaborador y qu\u00e9 manera de ver la bajada de las distintas pol\u00edticas p\u00fablicas que con los alcaldes. Ellos requieren soluciones de un Gobierno que escuche, con la asistencia necesaria y la capacidad para planificar a mediano y largo plazo\u201d<\/strong>.<\/p>\n<p>Para los alcaldes, hoy en d\u00eda muchas de sus problem\u00e1ticas no han logrado avanzar hacia sus soluciones, especialmente en materia h\u00eddrica.<\/p>\n<p>Es por ello que luego del encuentro, el Alcalde de Canela, Bernardo Leyton, destac\u00f3 la convocatoria ya que representa <strong>\u00abalgo muy importante porque hemos encontrado una voluntad de trabajar en conjunto con los alcaldes y la alcaldesa, y adem\u00e1s de tener el compromiso de la Gobernadora Regional\u201d<\/strong>.<\/p>\n<p>Asimismo la Alcaldesa de R\u00edo Hurtado, Juana Olivares. <strong>\u00abque en el primer d\u00eda de Gobierno se nos cite ya es un gesto importante. Hay muchas problem\u00e1ticas transversales y para resolverlas estamos a disposici\u00f3n, sobre todo en temas como la falta de agua o la productividad\u00bb<\/strong>, se\u00f1al\u00f3.<\/p>\n<p>El edil de Coquimbo, Al\u00ed Manouchehri, coment\u00f3 que <strong>\u00abconvocar a los alcaldes es una gran se\u00f1al que nos tramiten, porque podemos tener ese di\u00e1logo fluido y ver las tem\u00e1ticas que hoy afectan a los territorios\u00bb<\/strong>.<\/p>\n<p>Finalmente, y en esta misma l\u00ednea, Roberto Jacob, Alcalde de La Serena, destac\u00f3 que <strong>\u201cesta es la muestra de lo que se viene, trabajar en conjunto y empezamos con las reuniones a pocos d\u00edas de asumir el nuevo Gobierno\u201d<\/strong>.<\/p>\n<p>En la reuni\u00f3n de trabajo tambi\u00e9n estuvieron presentes los Delegados Presidenciales Provinciales de Limar\u00ed Galo Luna, y de Choapa Nataly Carvajal.<\/p>\n","protected":false},"excerpt":{"rendered":"<p>Los ediles destacaron la convocatoria efectuada por la Gobernadora Regional Krist Naranjo y el Delegado Presidencial Rub\u00e9n Quezada, con quienes abordaron las principales tem\u00e1ticas que hoy los afectan y que demandan un mayor trabajo conjunto.<\/p>\n","protected":false},"author":2,"featured_media":6910,"comment_status":"open","ping_status":"open","sticky":false,"template":"","format":"standard","meta":{"footnotes":""},"categories":[6],"tags":[],"class_list":["post-6909","post","type-post","status-publish","format-standard","has-post-thumbnail","hentry","category-regionales"],"_links":{"self":[{"href":"https:\/\/www.radiolimari.cl\/index.php?rest_route=\/wp\/v2\/posts\/6909","targetHints":{"allow":["GET"]}}],"collection":[{"href":"https:\/\/www.radiolimari.cl\/index.php?rest_route=\/wp\/v2\/posts"}],"about":[{"href":"https:\/\/www.radiolimari.cl\/index.php?rest_route=\/wp\/v2\/types\/post"}],"author":[{"embeddable":true,"href":"https:\/\/www.radiolimari.cl\/index.php?rest_route=\/wp\/v2\/users\/2"}],"replies":[{"embeddable":true,"href":"https:\/\/www.radiolimari.cl\/index.php?rest_route=%2Fwp%2Fv2%2Fcomments&post=6909"}],"version-history":[{"count":1,"href":"https:\/\/www.radiolimari.cl\/index.php?rest_route=\/wp\/v2\/posts\/6909\/revisions"}],"predecessor-version":[{"id":6911,"href":"https:\/\/www.radiolimari.cl\/index.php?rest_route=\/wp\/v2\/posts\/6909\/revisions\/6911"}],"wp:featuredmedia":[{"embeddable":true,"href":"https:\/\/www.radiolimari.cl\/index.php?rest_route=\/wp\/v2\/media\/6910"}],"wp:attachment":[{"href":"https:\/\/www.radiolimari.cl\/index.php?rest_route=%2Fwp%2Fv2%2Fmedia&parent=6909"}],"wp:term":[{"taxonomy":"category","embeddable":true,"href":"https:\/\/www.radiolimari.cl\/index.php?rest_route=%2Fwp%2Fv2%2Fcategories&post=6909"},{"taxonomy":"post_tag","embeddable":true,"href":"https:\/\/www.radiolimari.cl\/index.php?rest_route=%2Fwp%2Fv2%2Ftags&post=6909"}],"curies":[{"name":"wp","href":"https:\/\/api.w.org\/{rel}","templated":true}]}}