{"id":6906,"date":"2022-03-14T17:00:09","date_gmt":"2022-03-14T17:00:09","guid":{"rendered":"http:\/\/www.radiolimari.cl\/?p=6906"},"modified":"2022-03-14T17:00:09","modified_gmt":"2022-03-14T17:00:09","slug":"sociedad-agricola-del-norte-entrega-ayudas-a-crianceros-de-coquimbo-y-se-gestiona-optimizacion-en-la-entrega-de-los-descartes-de-verduras","status":"publish","type":"post","link":"https:\/\/www.radiolimari.cl\/?p=6906","title":{"rendered":"Sociedad Agr\u00edcola del Norte entrega ayudas a crianceros de Coquimbo y se gestiona optimizaci\u00f3n en la entrega de los descartes de verduras"},"content":{"rendered":"<p><a href=\"https:\/\/www.radiolimari.cl\/wp-content\/uploads\/2022\/03\/14.3-entrega-de-ayuda-2.jpg\"><img fetchpriority=\"high\" decoding=\"async\" class=\"alignnone size-medium wp-image-6907\" src=\"https:\/\/www.radiolimari.cl\/wp-content\/uploads\/2022\/03\/14.3-entrega-de-ayuda-2-300x202.jpg\" alt=\"14.3 entrega de ayuda 2\" width=\"300\" height=\"202\" srcset=\"https:\/\/www.radiolimari.cl\/wp-content\/uploads\/2022\/03\/14.3-entrega-de-ayuda-2-300x202.jpg 300w, https:\/\/www.radiolimari.cl\/wp-content\/uploads\/2022\/03\/14.3-entrega-de-ayuda-2-1024x691.jpg 1024w, https:\/\/www.radiolimari.cl\/wp-content\/uploads\/2022\/03\/14.3-entrega-de-ayuda-2.jpg 1599w\" sizes=\"(max-width: 300px) 100vw, 300px\" \/><\/a><\/p>\n<p>La actividad se gest\u00f3 gracias a la coordinaci\u00f3n entre la Sociedad Nacional de Agricultura, Asoex y el nuevo Ministro de Agricultura Esteban Valenzuela en su breve paso por la zona antes de asumir el cargo.<!--more--><\/p>\n<p>Hasta la localidad de Las Barracas lleg\u00f3 la Presidenta de la Sociedad Agr\u00edcola del Norte, Mar\u00eda In\u00e9s Figari y la Gerente de la entidad, Daniela Norambuena, para hacer entrega de fardos de pasto y caja de alimentos para los crianceros del sector rural de Coquimbo que comprende desde el Pe\u00f1\u00f3n hasta Las Cardas.<\/p>\n<p>La actividad se gest\u00f3 gracias a la coordinaci\u00f3n entre la Sociedad Nacional de Agricultura, Asoex y el nuevo Ministro de Agricultura Esteban Valenzuela en su breve paso por la zona antes de asumir el cargo.<\/p>\n<p>En la oportunidad, los crianceros expresaron su preocupaci\u00f3n por la falta de lluvias que ha mermado el alimento para los caprinos, originando a su vez, una merma en sus ingresos habituales.<\/p>\n<p>Daniela Norambuena, Gerente de la SAN, puntualiz\u00f3 que siempre han estado presente en cada rinc\u00f3n del sector rural y acogieron el llamado para ir en apoyo de los crianceros de Coquimbo.<\/p>\n<p>\u201cEntregamos ayuda muy necesaria y tambi\u00e9n gestionamos el rastrojo o descartes que tienen los agricultores del sector, es decir las verduras que quedan tras la producci\u00f3n y que no cumplen los est\u00e1ndares para venderlos, como zanahorias, papas y lechugas. La sequ\u00eda nos golpea, vamos a tener que reducir los cultivos y cabezas de ganado, nos duele, pero es una realidad, somos un gremio agr\u00edcola que est\u00e1 desde 1907 trabajando por la agricultura y vamos a seguir apoyando a los diversos sectores de la regi\u00f3n de Coquimbo\u201d.<\/p>\n<p>Cecilia Alfaro Presidenta del Sindicato de Crianceros de Coquimbo agradeci\u00f3 el apoyo de la Sociedad Agr\u00edcola del Norte en esta oportunidad y tambi\u00e9n en otras donde se han entregado alimentos. \u201cEn tiempos de sequ\u00eda es vital el apoyo que podamos recibir de las autoridades y entidades gremiales como \u00e9sta\u201d, agreg\u00f3.<\/p>\n<p>La Sociedad Agr\u00edcola del Norte, compuesta por peque\u00f1os y medianos agricultores, desde el \u00e1rea social ha entregado diversos tipos de ayudas en semillas, estanques de agua, caja de alimentos y fardos de pasto para animales.<\/p>\n<p>&nbsp;<\/p>\n","protected":false},"excerpt":{"rendered":"<p>La actividad se gest\u00f3 gracias a la coordinaci\u00f3n entre la Sociedad Nacional de Agricultura, Asoex y el nuevo Ministro de Agricultura Esteban Valenzuela en su breve paso por la zona antes de asumir el cargo.<\/p>\n","protected":false},"author":2,"featured_media":6907,"comment_status":"open","ping_status":"open","sticky":false,"template":"","format":"standard","meta":{"footnotes":""},"categories":[3],"tags":[],"class_list":["post-6906","post","type-post","status-publish","format-standard","has-post-thumbnail","hentry","category-actualidad"],"_links":{"self":[{"href":"https:\/\/www.radiolimari.cl\/index.php?rest_route=\/wp\/v2\/posts\/6906","targetHints":{"allow":["GET"]}}],"collection":[{"href":"https:\/\/www.radiolimari.cl\/index.php?rest_route=\/wp\/v2\/posts"}],"about":[{"href":"https:\/\/www.radiolimari.cl\/index.php?rest_route=\/wp\/v2\/types\/post"}],"author":[{"embeddable":true,"href":"https:\/\/www.radiolimari.cl\/index.php?rest_route=\/wp\/v2\/users\/2"}],"replies":[{"embeddable":true,"href":"https:\/\/www.radiolimari.cl\/index.php?rest_route=%2Fwp%2Fv2%2Fcomments&post=6906"}],"version-history":[{"count":1,"href":"https:\/\/www.radiolimari.cl\/index.php?rest_route=\/wp\/v2\/posts\/6906\/revisions"}],"predecessor-version":[{"id":6908,"href":"https:\/\/www.radiolimari.cl\/index.php?rest_route=\/wp\/v2\/posts\/6906\/revisions\/6908"}],"wp:featuredmedia":[{"embeddable":true,"href":"https:\/\/www.radiolimari.cl\/index.php?rest_route=\/wp\/v2\/media\/6907"}],"wp:attachment":[{"href":"https:\/\/www.radiolimari.cl\/index.php?rest_route=%2Fwp%2Fv2%2Fmedia&parent=6906"}],"wp:term":[{"taxonomy":"category","embeddable":true,"href":"https:\/\/www.radiolimari.cl\/index.php?rest_route=%2Fwp%2Fv2%2Fcategories&post=6906"},{"taxonomy":"post_tag","embeddable":true,"href":"https:\/\/www.radiolimari.cl\/index.php?rest_route=%2Fwp%2Fv2%2Ftags&post=6906"}],"curies":[{"name":"wp","href":"https:\/\/api.w.org\/{rel}","templated":true}]}}