{"id":6900,"date":"2022-03-11T18:58:55","date_gmt":"2022-03-11T18:58:55","guid":{"rendered":"http:\/\/www.radiolimari.cl\/?p=6900"},"modified":"2022-03-11T18:58:55","modified_gmt":"2022-03-11T18:58:55","slug":"fondo-del-patrimonio-ministerio-de-las-culturas-entregara-casi-100-millones-a-la-region-de-coquimbo","status":"publish","type":"post","link":"https:\/\/www.radiolimari.cl\/?p=6900","title":{"rendered":"Fondo del Patrimonio: Ministerio de las Culturas entregar\u00e1 casi 100 millones a la Regi\u00f3n de Coquimbo"},"content":{"rendered":"<p><a href=\"https:\/\/www.radiolimari.cl\/wp-content\/uploads\/2022\/03\/11.3-cultira.jpg\"><img fetchpriority=\"high\" decoding=\"async\" class=\"alignnone size-medium wp-image-6901\" src=\"https:\/\/www.radiolimari.cl\/wp-content\/uploads\/2022\/03\/11.3-cultira-300x203.jpg\" alt=\"11.3 cultira\" width=\"300\" height=\"203\" srcset=\"https:\/\/www.radiolimari.cl\/wp-content\/uploads\/2022\/03\/11.3-cultira-300x203.jpg 300w, https:\/\/www.radiolimari.cl\/wp-content\/uploads\/2022\/03\/11.3-cultira-1024x695.jpg 1024w, https:\/\/www.radiolimari.cl\/wp-content\/uploads\/2022\/03\/11.3-cultira.jpg 1241w\" sizes=\"(max-width: 300px) 100vw, 300px\" \/><\/a><\/p>\n<p><strong>La convocatoria correspondiente a 2021 permitir\u00e1 financiar siete proyectos regionales en materia de investigaci\u00f3n, registro y levantamiento del patrimonio cultural y elaboraci\u00f3n de material did\u00e1ctico.\u00a0 <\/strong><!--more--><\/p>\n<p>Con un 87,3% de proyectos provenientes de regiones distintas a la Metropolitana (76), el Fondo del Patrimonio Cultural del Ministerio de las Culturas, las Artes y el Patrimonio anunci\u00f3 la entrega de $1.737.281.472 millones de pesos para el financiamiento de 87 iniciativas de todo el pa\u00eds, las que consideran obras de restauraci\u00f3n y conservaci\u00f3n, investigaci\u00f3n, registro y levantamiento de patrimonio cultural y elaboraci\u00f3n de material did\u00e1ctico.<\/p>\n<p>Esta tercera entrega, que corresponde a la convocatoria 2021, destinar\u00e1 $1.513.296.266 a proyectos de regiones distintas a la RM, lo que representa 87% del total del financiamiento. La regi\u00f3n con mayor cantidad de proyectos seleccionados es Valpara\u00edso (19), seguida por la Metropolitana (11) y Coquimbo y Los R\u00edos, cada una con 7 iniciativas.<\/p>\n<p>Ser\u00e1n $97.452.795 los que el Ministerio de las Culturas entregar\u00e1 a la Regi\u00f3n de Coquimbo para la ejecuci\u00f3n de siete proyectos. La directora regional del Servicio Nacional del Patrimonio Cultural, Macarena Salinas, se\u00f1al\u00f3 que \u201cquienes resultaron beneficiados con la adjudicaci\u00f3n del Fondo de Patrimonio Cultural cumplen un rol importante para nuestra regi\u00f3n como gestores del reconocimiento, el resguardo y el acceso al patrimonio y la memoria, de forma participativa y en su diversidad, generando\u00a0 conocimiento para nuestra regi\u00f3n y contribuyendo a mejorar la calidad de vida de sus habitantes\u201d.<\/p>\n<p>Una de las iniciativas destacadas es \u201cPatrimonios singulares de tierra no protegidos de la Regi\u00f3n de Coquimbo, Chile. Registro y caracterizaci\u00f3n\u201d, a cargo de Natalia Jorquera. Este proyecto busca identificar y caracterizar los patrimonios singulares de tierra presentes en la Regi\u00f3n de Coquimbo, entendiendo por singularidad, aquello que escapa a las caracter\u00edsticas del patrimonio de tierra presente en el resto del pa\u00eds (horizontalidad, \u00fanico piso, gruesos muros y pocos vanos) y en lo que recae la excepcionalidad como valor patrimonial; por ejemplo, haciendas de dos pisos, secadoras de tabaco, estaciones de trenes, iglesias con singular morfolog\u00eda y numerosos inmuebles vern\u00e1culos de dos pisos, entre otros.<\/p>\n<p>\u201cEl ser humano valora lo que conoce y luego lo protege. Si no conocemos los patrimonios singulares no los vamos a valorar, nunca ser\u00e1n protegidos y correr\u00e1n riesgo de desaparecer. Al registrarlo y ponerlos sobre mapas y cartograf\u00edas, que ser\u00e1n difundidas en toda la regi\u00f3n, se pretende desencadenar un proceso importante de puesta en valor\u201d, coment\u00f3 la arquitecta.<\/p>\n<p>Otro de las iniciativas que resaltan en la selecci\u00f3n es \u201cPrehistoria de Andacollo: Manual b\u00e1sico para estudiantes sobre el patrimonio arqueol\u00f3gico y su protecci\u00f3n\u201d, proyecto encabezado por Angelo Al\u00e9, quien explic\u00f3 que \u201ca trav\u00e9s de este material did\u00e1ctico se pretende que los estudiantes tomen conciencia respecto a su patrimonio, lo respeten, lo valoren, se identifiquen, lo que esperamos sea replicado en el tiempo, de manera que desde temprana edad generen un lazo de identidad con su patrimonio, que sea protegido por ni\u00f1os y ni\u00f1as\u201d.<\/p>\n<p>&nbsp;<\/p>\n<p><strong>Proyectos seleccionados Regi\u00f3n de Coquimbo<\/strong><\/p>\n<p><strong>Proyecto: <\/strong>Registro y levantamiento de la memoria hist\u00f3rica y arqueol\u00f3gica de la Quebrada de Los Loros<\/p>\n<p><strong>Monto: <\/strong>$14.010.867<\/p>\n<p><strong>Responsable: <\/strong>Junta de Vecinos 5-R Isl\u00f3n<\/p>\n<p>&nbsp;<\/p>\n<p><strong>Proyecto: <\/strong>Patrimonios singulares de tierra no protegidos de la regi\u00f3n de Coquimbo, Chile. Registro y caracterizaci\u00f3n<\/p>\n<p><strong>Monto<\/strong>: $14.650.000<\/p>\n<p><strong>Responsable<\/strong>: Natalia Jorquera<\/p>\n<p>&nbsp;<\/p>\n<p><strong>Proyecto: <\/strong>Iconograf\u00edas que hablan: Identificaci\u00f3n y registro cartogr\u00e1fico de la expansi\u00f3n urbana y arquitect\u00f3nica del centro hist\u00f3rico de Coquimbo<\/p>\n<p><strong>Monto: <\/strong>$14.620.720<\/p>\n<p><strong>Responsable: <\/strong>Elbert Vicencio<\/p>\n<p><strong>\u00a0<\/strong><\/p>\n<p><strong>Proyecto<\/strong>: Prehistoria de Andacollo: Manual b\u00e1sico para estudiantes sobre el patrimonio arqueol\u00f3gico y su protecci\u00f3n<\/p>\n<p><strong>Monto: <\/strong>$12.822.138<\/p>\n<p><strong>Responsable: <\/strong>Angelo Al\u00e9<\/p>\n<p><strong>\u00a0<\/strong><\/p>\n<p><strong>Proyecto: <\/strong>Educaci\u00f3n Patrimonial Activa y Afectiva para la primera infancia: Una balsa para navegar con el Pueblo Chango<\/p>\n<p><strong>Monto: <\/strong>$14.995.070<\/p>\n<p><strong>Responsable: <\/strong>Daniela Mar\u00edn<\/p>\n<p><strong>\u00a0<\/strong><\/p>\n<p><strong>Proyecto: <\/strong>El Corral de los Cerros: coplas y cantos del yatiri don Zoilo Ger\u00f3nimo Escalante<\/p>\n<p><strong>Monto: <\/strong>$11.484.000<\/p>\n<p><strong>Responsable: <\/strong>Camila D\u00edaz<\/p>\n<p>&nbsp;<\/p>\n<p><strong>Proyecto: <\/strong>Hilando la lengua Runa Simi en el Valle Del Elqui: Wallqa runa simi qipiwan (malet\u00edn de material did\u00e1ctico de la lengua Quechua)<\/p>\n<p><strong>Monto: <\/strong>$14.870.000<\/p>\n<p><strong>Responsable: <\/strong>Paulina Espinoza<\/p>\n","protected":false},"excerpt":{"rendered":"<p>La convocatoria correspondiente a 2021 permitir\u00e1 financiar siete proyectos regionales en materia de investigaci\u00f3n, registro y levantamiento del patrimonio cultural y elaboraci\u00f3n de material did\u00e1ctico.\u00a0<\/p>\n","protected":false},"author":2,"featured_media":6901,"comment_status":"open","ping_status":"open","sticky":false,"template":"","format":"standard","meta":{"footnotes":""},"categories":[3],"tags":[],"class_list":["post-6900","post","type-post","status-publish","format-standard","has-post-thumbnail","hentry","category-actualidad"],"_links":{"self":[{"href":"https:\/\/www.radiolimari.cl\/index.php?rest_route=\/wp\/v2\/posts\/6900","targetHints":{"allow":["GET"]}}],"collection":[{"href":"https:\/\/www.radiolimari.cl\/index.php?rest_route=\/wp\/v2\/posts"}],"about":[{"href":"https:\/\/www.radiolimari.cl\/index.php?rest_route=\/wp\/v2\/types\/post"}],"author":[{"embeddable":true,"href":"https:\/\/www.radiolimari.cl\/index.php?rest_route=\/wp\/v2\/users\/2"}],"replies":[{"embeddable":true,"href":"https:\/\/www.radiolimari.cl\/index.php?rest_route=%2Fwp%2Fv2%2Fcomments&post=6900"}],"version-history":[{"count":1,"href":"https:\/\/www.radiolimari.cl\/index.php?rest_route=\/wp\/v2\/posts\/6900\/revisions"}],"predecessor-version":[{"id":6902,"href":"https:\/\/www.radiolimari.cl\/index.php?rest_route=\/wp\/v2\/posts\/6900\/revisions\/6902"}],"wp:featuredmedia":[{"embeddable":true,"href":"https:\/\/www.radiolimari.cl\/index.php?rest_route=\/wp\/v2\/media\/6901"}],"wp:attachment":[{"href":"https:\/\/www.radiolimari.cl\/index.php?rest_route=%2Fwp%2Fv2%2Fmedia&parent=6900"}],"wp:term":[{"taxonomy":"category","embeddable":true,"href":"https:\/\/www.radiolimari.cl\/index.php?rest_route=%2Fwp%2Fv2%2Fcategories&post=6900"},{"taxonomy":"post_tag","embeddable":true,"href":"https:\/\/www.radiolimari.cl\/index.php?rest_route=%2Fwp%2Fv2%2Ftags&post=6900"}],"curies":[{"name":"wp","href":"https:\/\/api.w.org\/{rel}","templated":true}]}}