{"id":6897,"date":"2022-03-09T17:06:59","date_gmt":"2022-03-09T17:06:59","guid":{"rendered":"http:\/\/www.radiolimari.cl\/?p=6897"},"modified":"2022-03-09T17:06:59","modified_gmt":"2022-03-09T17:06:59","slug":"en-ovalle-11-mujeres-fueron-homenajeadas-en-el-dia-internacional-de-la-mujer","status":"publish","type":"post","link":"https:\/\/www.radiolimari.cl\/?p=6897","title":{"rendered":"En Ovalle 11 mujeres fueron homenajeadas en el D\u00eda Internacional de la Mujer"},"content":{"rendered":"<p><a href=\"https:\/\/www.radiolimari.cl\/wp-content\/uploads\/2022\/03\/8.3-D\u00eda-Internacional-de-la-Mujer-2022-1.jpg\"><img fetchpriority=\"high\" decoding=\"async\" class=\"alignnone size-medium wp-image-6898\" src=\"https:\/\/www.radiolimari.cl\/wp-content\/uploads\/2022\/03\/8.3-D\u00eda-Internacional-de-la-Mujer-2022-1-300x200.jpg\" alt=\"8.3 D\u00eda Internacional de la Mujer 2022 (1)\" width=\"300\" height=\"200\" srcset=\"https:\/\/www.radiolimari.cl\/wp-content\/uploads\/2022\/03\/8.3-D\u00eda-Internacional-de-la-Mujer-2022-1-300x200.jpg 300w, https:\/\/www.radiolimari.cl\/wp-content\/uploads\/2022\/03\/8.3-D\u00eda-Internacional-de-la-Mujer-2022-1-1024x682.jpg 1024w, https:\/\/www.radiolimari.cl\/wp-content\/uploads\/2022\/03\/8.3-D\u00eda-Internacional-de-la-Mujer-2022-1.jpg 1620w\" sizes=\"(max-width: 300px) 100vw, 300px\" \/><\/a><\/p>\n<p><strong><em>El acto conmemorativo, que se realiz\u00f3 en la plaza de armas, se centr\u00f3 en el respeto que debe existir entre las personas, independiente de su g\u00e9nero. <\/em><\/strong><!--more--><\/p>\n<p>Fue una jornada muy especial, cargada de emoci\u00f3n y cari\u00f1o. La plaza de armas fue el escenario central para la realizaci\u00f3n del acto conmemorativo del D\u00eda Internacional de la Mujer, que se efect\u00faa cada 8 de marzo en la capital limarina. En esta ocasi\u00f3n, el alcalde de Ovalle, Claudio Renter\u00eda y los 8 integrantes del Concejo Municipal homenajearon a 11 mujeres, quienes se han destacado en el \u00e1mbito rural, social y comunitario.<\/p>\n<p>En esta oportunidad, las galardonadas fueron Nelly Far\u00edas Hidalgo (Blas Araya), Gladys Inarejo Estay (Gerald Castillo), Gloria Vega Cort\u00e9s (Cristi\u00e1n Rojas), Dolly Tabilo Carvajal (Ricardo Rojas), Cristina Carvajal Astudillo (Carlos Ramos), Hortensia Flores Monardez (Nicol\u00e1s Aguirre), Grimaldina Araya Astudillo (Fanny Vega) y Carmen Videla Tello (Jonathan Acu\u00f1a). En tanto, el alcalde Claudio Renter\u00eda homenaje\u00f3 a Gladys Ramos Castro, Silvana Araya Villanueva y Loreto Mu\u00f1oz Guajardo.<\/p>\n<p>Una de las mujeres ovallinas destacadas fue Gladys Inarejo, quien se mostr\u00f3 feliz de ser parte de esta conmemoraci\u00f3n tan especial. \u201cMe siento muy feliz y agradezco la oportunidad de recibir este homenaje. Siempre he sido una mujer trabajadora y a mis 84 a\u00f1os a\u00fan sigo trabajando y as\u00ed me mantengo activa\u201d. A ella se sum\u00f3, Nelly Far\u00edas Hidalgo quien indic\u00f3 que \u201cnunca me imagin\u00e9 que me destacar\u00edan en una jornada tan especial, como es el D\u00eda de la Mujer. Soy una mujer de trabajo y esfuerzo, pero uno lo hace porque tiene una familia y responsabilidades, pero nunca uno espera un premio, as\u00ed es que me siento feliz y emocionada\u201d. Por su parte, Gloria Vega, quien tambi\u00e9n recibi\u00f3 un presente de las autoridades, se\u00f1al\u00f3 que \u201cme siento muy contenta, porque estamos pasando momentos muy dif\u00edciles, as\u00ed es que recibir este homenaje en estos tiempos, a uno le sube el \u00e1nimo y es una inyecci\u00f3n de alegr\u00eda\u201d.<\/p>\n<p>El alcalde Claudio Renter\u00eda sostuvo que el D\u00eda Internacional de la Mujer \u201ces una instancia muy especial, donde podemos destacar a nuestras mujeres ovallinas, caracterizadas por el esfuerzo y el \u00edmpetu para sacar a adelante a sus familias. Quisimos homenajear a estas 11 mujeres ovallinas en el nombre de todas y con el fin de entregar un mensaje de respeto hacia las personas, independiente de su g\u00e9nero\u201d.<\/p>\n<p>En la ocasi\u00f3n, el principal mensaje estuvo centrado en el respeto que debe existir entre las personas independientes de su g\u00e9nero. En la ceremonia se hizo alusi\u00f3n a los hechos hist\u00f3ricos que marcaron esta conmemoraci\u00f3n, como fue la muerte de 129 mujeres que luchaban por sus derechos laborales, en una tienda textil de Nueva York en 1908.<\/p>\n<p>&nbsp;<\/p>\n","protected":false},"excerpt":{"rendered":"<p>El acto conmemorativo, que se realiz\u00f3 en la plaza de armas, se centr\u00f3 en el respeto que debe existir entre las personas, independiente de su g\u00e9nero.<\/p>\n","protected":false},"author":2,"featured_media":6898,"comment_status":"open","ping_status":"open","sticky":false,"template":"","format":"standard","meta":{"footnotes":""},"categories":[5],"tags":[],"class_list":["post-6897","post","type-post","status-publish","format-standard","has-post-thumbnail","hentry","category-actualidad-limarina"],"_links":{"self":[{"href":"https:\/\/www.radiolimari.cl\/index.php?rest_route=\/wp\/v2\/posts\/6897","targetHints":{"allow":["GET"]}}],"collection":[{"href":"https:\/\/www.radiolimari.cl\/index.php?rest_route=\/wp\/v2\/posts"}],"about":[{"href":"https:\/\/www.radiolimari.cl\/index.php?rest_route=\/wp\/v2\/types\/post"}],"author":[{"embeddable":true,"href":"https:\/\/www.radiolimari.cl\/index.php?rest_route=\/wp\/v2\/users\/2"}],"replies":[{"embeddable":true,"href":"https:\/\/www.radiolimari.cl\/index.php?rest_route=%2Fwp%2Fv2%2Fcomments&post=6897"}],"version-history":[{"count":1,"href":"https:\/\/www.radiolimari.cl\/index.php?rest_route=\/wp\/v2\/posts\/6897\/revisions"}],"predecessor-version":[{"id":6899,"href":"https:\/\/www.radiolimari.cl\/index.php?rest_route=\/wp\/v2\/posts\/6897\/revisions\/6899"}],"wp:featuredmedia":[{"embeddable":true,"href":"https:\/\/www.radiolimari.cl\/index.php?rest_route=\/wp\/v2\/media\/6898"}],"wp:attachment":[{"href":"https:\/\/www.radiolimari.cl\/index.php?rest_route=%2Fwp%2Fv2%2Fmedia&parent=6897"}],"wp:term":[{"taxonomy":"category","embeddable":true,"href":"https:\/\/www.radiolimari.cl\/index.php?rest_route=%2Fwp%2Fv2%2Fcategories&post=6897"},{"taxonomy":"post_tag","embeddable":true,"href":"https:\/\/www.radiolimari.cl\/index.php?rest_route=%2Fwp%2Fv2%2Ftags&post=6897"}],"curies":[{"name":"wp","href":"https:\/\/api.w.org\/{rel}","templated":true}]}}