{"id":6894,"date":"2022-03-09T16:59:19","date_gmt":"2022-03-09T16:59:19","guid":{"rendered":"http:\/\/www.radiolimari.cl\/?p=6894"},"modified":"2022-03-09T16:59:19","modified_gmt":"2022-03-09T16:59:19","slug":"en-economia-circular-y-digitalizacion-se-capacitaran-microempresarios-de-zonas-rezagadas-de-limari-y-choapa","status":"publish","type":"post","link":"https:\/\/www.radiolimari.cl\/?p=6894","title":{"rendered":"En Econom\u00eda Circular y Digitalizaci\u00f3n se capacitar\u00e1n  microempresarios de Zonas Rezagadas de Limar\u00ed y Choapa"},"content":{"rendered":"<p><a href=\"https:\/\/www.radiolimari.cl\/wp-content\/uploads\/2022\/03\/9.3-.-Taller-de-nivelaci\u00f3n-M\u00e1s-Circular.-2.jpeg\"><img fetchpriority=\"high\" decoding=\"async\" class=\"alignnone size-medium wp-image-6895\" src=\"https:\/\/www.radiolimari.cl\/wp-content\/uploads\/2022\/03\/9.3-.-Taller-de-nivelaci\u00f3n-M\u00e1s-Circular.-2-300x200.jpeg\" alt=\"9.3 . Taller de nivelaci\u00f3n M\u00e1s Circular. 2\" width=\"300\" height=\"200\" srcset=\"https:\/\/www.radiolimari.cl\/wp-content\/uploads\/2022\/03\/9.3-.-Taller-de-nivelaci\u00f3n-M\u00e1s-Circular.-2-300x200.jpeg 300w, https:\/\/www.radiolimari.cl\/wp-content\/uploads\/2022\/03\/9.3-.-Taller-de-nivelaci\u00f3n-M\u00e1s-Circular.-2-1024x682.jpeg 1024w, https:\/\/www.radiolimari.cl\/wp-content\/uploads\/2022\/03\/9.3-.-Taller-de-nivelaci\u00f3n-M\u00e1s-Circular.-2.jpeg 1555w\" sizes=\"(max-width: 300px) 100vw, 300px\" \/><\/a><\/p>\n<p>Contribuir a mejorar los procesos productivos y comerciales de microempresarios (as) de los sectores de turismo emergente, ganader\u00eda caprina, agricultura y miner\u00eda de las comunas de Monte Patria, Punitaqui, Combarbal\u00e1 y Canela, es el objetivo del programa \u201cM\u00e1s Circular\u201d, que entregar\u00e1 capacitaci\u00f3n en econom\u00eda circular y digitalizaci\u00f3n.<!--more--><\/p>\n<p>El programa de formaci\u00f3n \u201cM\u00e1s Circular\u201d es financiado por el Gobierno Regional de Coquimbo, ejecutado conjuntamente por Corfo, el\u00a0 Programa\u00a0 de Gesti\u00f3n Territorial de Zonas Rezagadas y la\u00a0 consultora Innovativa Desarrollo Empresarial; con la colaboraci\u00f3n de los municipios de Punitaqui, Monte Patria, Combarbal\u00e1 y Canela.<\/p>\n<p>La econom\u00eda circular abarca tres \u00e1reas: regenera sistemas naturales, elimina residuos y contaminaci\u00f3n desde cero y mantiene productos y materiales en uso.\u00a0 Al respecto, Washington C\u00e1rdenas Almonacid, socio &#8211; director de \u201cInnovativa Desarrollo Empresarial\u201d afirma que \u201cla econom\u00eda circular es un concepto que tiene que llevarse a todos los sectores econ\u00f3micos y a distintos niveles. El programa de formaci\u00f3n y las asesor\u00edas, van a permitir ir incorporando estas herramientas, conceptos y t\u00e9cnicas, en el quehacer diario de los emprendedores de esas comunas\u201d. De los beneficios destaca \u201cque los microempresarios adquieran conocimientos concretos de qu\u00e9 es la econom\u00eda circular que puedan llevar a la pr\u00e1ctica, de ir incorporando esta tem\u00e1tica como fundamental en el proceso de trabajo de ese territorio, a la hora de desarrollar una estrategia de intervenci\u00f3n, y que puedan incorporarla en sus modelos de negocios, desde el dise\u00f1o inicial, o en la fase de desarrollo\u201d.<\/p>\n<p>Rodrigo Guti\u00e9rrez Fonfach, Coordinador Regional del Programa de Gesti\u00f3n Territorial de Zonas Rezagadas de la Regi\u00f3n de Coquimbo, enfatiza que \u201ces determinante para el futuro trabajar en estos temas, como la econom\u00eda circular, el entorno emprendedor, dejar herramientas instaladas en el uso de la innovaci\u00f3n para el desarrollo econ\u00f3mico y social. Tenemos muchos emprendedores que necesitan de cada uno de estos apoyos para mejorar sus sistemas productivos y para darle un valor agregado a sus actividades. Tenemos que propiciar un ecosistema para contribuir y mejorar las condiciones de la actividad emprendedora en el territorio. Adem\u00e1s, hoy d\u00eda, en medio de una pandemia se requiere m\u00e1s que nunca todas estas acciones de capacitaci\u00f3n, de diversificaci\u00f3n del medio, y de poder darle valor agregado a los productos y a la econom\u00eda en el territorio\u201d.<\/p>\n<p>Una de las participantes de \u201cM\u00e1s Circular\u201d es la microempresaria Marta Oro Cort\u00e9s, del sector Palermo, localidad de Car\u00e9n, comuna de Monte Patria, creadora de productos ancestrales \u201cPalermo\u201d, quien elabora helados, mermeladas y arropes de frutos nativos y org\u00e1nicos, como el cha\u00f1ar, higos, nueces, harina tostada y hierbas silvestres, como el hinojo, romerillo y menta, entre otros. \u201cNo uso ning\u00fan saborizante, ni qu\u00edmico. Mis helados los vendo en vasitos y potes, en mi localidad Palermo, en un quiosco, rescatando la piedra, tengo petrograf\u00edas cerca, y hago comentarios a las personas del \u00e1rbol nativo, del alimento que fue en la cultura diaguita. Vendo una experiencia a los turistas, un conocimiento de lo que somos, de lo que tenemos, y de lo que puede ser, si uno le da una econom\u00eda circular a las cosas que est\u00e1n botadas y a reconstituirlas en algo de innovaci\u00f3n\u201d.<\/p>\n<p>Desde 2015, Marta Oro, trabaja con su esposo y el apoyo de su hijo, formaliz\u00e1ndose en 2020, con un proyecto que le permiti\u00f3 adquirir una m\u00e1quina para fabricar sus helados y construir su quiosco con una terraza. \u201cNosotros ac\u00e1 en la casa hacemos una econom\u00eda circular, con los desechos de alimentos. Todo lo que es residuos de la cocina y c\u00e1scaras de mis productos va a las lombrices. Y se saca el abono, que vendo a los visitantes y para mi jard\u00edn\u201d. En relaci\u00f3n a la digitalizaci\u00f3n, dice que el \u201cprimer a\u00f1o del Covid, aprend\u00ed a usar zoom, meet, a sacar fotograf\u00edas y aprendiendo dise\u00f1os. Tengo un instagram que se llama @palermoancestral y estoy armando una p\u00e1gina. Por el instagram vienen a visitarme, me sirve de promoci\u00f3n. Tengo una idea para vender helados en potes a otros emprendedores, pero con mi marca, porque estoy en el proceso de resoluci\u00f3n sanitaria\u201d, agrega Marta.<\/p>\n<p>El programa \u201cM\u00e1s Circular\u201d considera un plan formativo, con un ciclo de talleres virtuales, con 8 m\u00f3dulos de aprendizaje, en la tem\u00e1tica de \u201cEconom\u00eda Circular\u201d con: \u201cPrincipios de la econom\u00eda circular\u201d, \u201cLas 9R de la econom\u00eda circular\u201d, \u201cTipos de modelos de negocios circulares\u201d, \u201cEcodise\u00f1o\u201d, \u201cValorizaci\u00f3n de residuos, Consecuencias del desperdicio de alimentos y las estrategias para evitarlo\u201d; y en la tem\u00e1tica de \u201cDigitalizaci\u00f3n\u201d: \u201cConectividad fija o m\u00f3vil para mejorar la comunicaci\u00f3n con los clientes, proveedores, y mejorar la administraci\u00f3n del negocio\u201d; y \u201cAplicaciones digitales de gesti\u00f3n y ventas\u201d. El primer taller \u201cPrincipios de la econom\u00eda circular\u201d fue dictado por Iv\u00e1n Espinoza Venegas, psic\u00f3logo, m\u00e1ster en comunicaci\u00f3n, mag\u00edster en educaci\u00f3n y director de desarrollo de InnovativaDE.<\/p>\n<p>Tambi\u00e9n se realizar\u00e1 un plan de asesor\u00eda grupal, que considera 3 talleres, para cada una de las mesas tem\u00e1ticas por actividad productiva, que son turismo emergente, ganader\u00eda caprina, agricultura y miner\u00eda del programa de Zonas Rezagadas. Los contenidos se reforzar\u00e1n en un aula virtual en la p\u00e1gina <a href=\"http:\/\/www.mascircular.net\">www.mascircular.net<\/a><\/p>\n<p>&nbsp;<\/p>\n<p>Carmen Moreno Carmona, Periodista.<\/p>\n","protected":false},"excerpt":{"rendered":"<p>Contribuir a mejorar los procesos productivos y comerciales de microempresarios (as) de los sectores de turismo emergente, ganader\u00eda caprina, agricultura y miner\u00eda de las comunas de Monte Patria, Punitaqui, Combarbal\u00e1 y Canela, es el objetivo del programa \u201cM\u00e1s Circular\u201d, que entregar\u00e1 capacitaci\u00f3n en econom\u00eda circular y digitalizaci\u00f3n.<\/p>\n","protected":false},"author":2,"featured_media":6895,"comment_status":"open","ping_status":"open","sticky":false,"template":"","format":"standard","meta":{"footnotes":""},"categories":[3],"tags":[],"class_list":["post-6894","post","type-post","status-publish","format-standard","has-post-thumbnail","hentry","category-actualidad"],"_links":{"self":[{"href":"https:\/\/www.radiolimari.cl\/index.php?rest_route=\/wp\/v2\/posts\/6894","targetHints":{"allow":["GET"]}}],"collection":[{"href":"https:\/\/www.radiolimari.cl\/index.php?rest_route=\/wp\/v2\/posts"}],"about":[{"href":"https:\/\/www.radiolimari.cl\/index.php?rest_route=\/wp\/v2\/types\/post"}],"author":[{"embeddable":true,"href":"https:\/\/www.radiolimari.cl\/index.php?rest_route=\/wp\/v2\/users\/2"}],"replies":[{"embeddable":true,"href":"https:\/\/www.radiolimari.cl\/index.php?rest_route=%2Fwp%2Fv2%2Fcomments&post=6894"}],"version-history":[{"count":1,"href":"https:\/\/www.radiolimari.cl\/index.php?rest_route=\/wp\/v2\/posts\/6894\/revisions"}],"predecessor-version":[{"id":6896,"href":"https:\/\/www.radiolimari.cl\/index.php?rest_route=\/wp\/v2\/posts\/6894\/revisions\/6896"}],"wp:featuredmedia":[{"embeddable":true,"href":"https:\/\/www.radiolimari.cl\/index.php?rest_route=\/wp\/v2\/media\/6895"}],"wp:attachment":[{"href":"https:\/\/www.radiolimari.cl\/index.php?rest_route=%2Fwp%2Fv2%2Fmedia&parent=6894"}],"wp:term":[{"taxonomy":"category","embeddable":true,"href":"https:\/\/www.radiolimari.cl\/index.php?rest_route=%2Fwp%2Fv2%2Fcategories&post=6894"},{"taxonomy":"post_tag","embeddable":true,"href":"https:\/\/www.radiolimari.cl\/index.php?rest_route=%2Fwp%2Fv2%2Ftags&post=6894"}],"curies":[{"name":"wp","href":"https:\/\/api.w.org\/{rel}","templated":true}]}}