{"id":6884,"date":"2022-03-08T13:51:04","date_gmt":"2022-03-08T13:51:04","guid":{"rendered":"http:\/\/www.radiolimari.cl\/?p=6884"},"modified":"2022-03-08T13:51:04","modified_gmt":"2022-03-08T13:51:04","slug":"con-enfasis-en-la-presencialidad-junji-coquimbo-inicia-el-ano-parvulario-2022","status":"publish","type":"post","link":"https:\/\/www.radiolimari.cl\/?p=6884","title":{"rendered":"Con \u00e9nfasis en la presencialidad Junji Coquimbo inicia el a\u00f1o parvulario 2022"},"content":{"rendered":"<p><a href=\"https:\/\/www.radiolimari.cl\/wp-content\/uploads\/2022\/03\/8.2-RETORNO-1.jpg\"><img fetchpriority=\"high\" decoding=\"async\" class=\"alignnone size-medium wp-image-6885\" src=\"https:\/\/www.radiolimari.cl\/wp-content\/uploads\/2022\/03\/8.2-RETORNO-1-300x225.jpg\" alt=\"8.2 RETORNO 1\" width=\"300\" height=\"225\" srcset=\"https:\/\/www.radiolimari.cl\/wp-content\/uploads\/2022\/03\/8.2-RETORNO-1-300x225.jpg 300w, https:\/\/www.radiolimari.cl\/wp-content\/uploads\/2022\/03\/8.2-RETORNO-1-1024x768.jpg 1024w, https:\/\/www.radiolimari.cl\/wp-content\/uploads\/2022\/03\/8.2-RETORNO-1.jpg 2016w\" sizes=\"(max-width: 300px) 100vw, 300px\" \/><\/a><\/p>\n<p><em>136 jard\u00ednes infantiles, correspondientes a los programas cl\u00e1sicos de administraci\u00f3n directa y alternativos ya se encuentran disponibles para entregar educaci\u00f3n inicial.<\/em><!--more--><\/p>\n<p>Apostando por la presencialidad y un retorno seguro, la Junta Nacional de Jardines Infantiles (Junji), inici\u00f3 las actividades 2022 en la unidad educativa Semillas del Portal de Coquimbo, hasta donde lleg\u00f3 el delegado presidencial regional, Ignacio Pinto, junto director regional de la instituci\u00f3n, Tom\u00e1s Gonz\u00e1lez, a dar la bienvenida a los p\u00e1rvulos nuevos y antiguos que ingresaron este lunes 07 y el jueves 03 de marzo.<\/p>\n<p>En la ocasi\u00f3n, el delegado presidencial destac\u00f3 que \u201cse han tomado todas medidas para proteger a los ni\u00f1os, ni\u00f1as y equipos educativos de los distintos jardines, para retornar a la presencialidad, lo cual es fundamental para recuperar el aprendizaje que no se logr\u00f3 los a\u00f1os anteriores, por lo que invitamos a los padres a que conf\u00eden en los jardines Junji para que puedan llevar a sus hijos e hijas\u201d.<\/p>\n<p>Siguiendo las indicaciones establecidas por el Protocolo de Medidas Sanitarias y Vigilancia Epidemiol\u00f3gica para Establecimientos de Educaci\u00f3n Parvularia del MINEDUC, los equipos educativos de la JUNJI se encuentran preparados para llevar a cabo un nuevo ciclo pedag\u00f3gico, el cual est\u00e1 orientado a promover el desarrollo socioemocional y la actividad f\u00edsica de ni\u00f1os y ni\u00f1as, por medio de estrategias de aprendizajes basadas en el juego.<\/p>\n<p>En esa l\u00ednea, Tom\u00e1s Gonz\u00e1lez, director regional de Junji, enfatiza que \u201cla presencialidad es fundamental, significa que los ni\u00f1os y ni\u00f1as, aprenden a trav\u00e9s del juego y de las estrategias pedag\u00f3gicas que desarrollan los equipos para promover la motricidad y la sensorialidad, adem\u00e1s de compartir con sus pares\u201d.<\/p>\n<p>Asimismo, Gonz\u00e1lez, resalt\u00f3 que \u201cestamos entregando la tranquilidad a las familias para que puedan traer a sus ni\u00f1os a nuestras unidades educativas. Adem\u00e1s, aquellas que no hayan realizado la inscripci\u00f3n aun pueden hacerlo a trav\u00e9s de nuestro sistema de inscripci\u00f3n y matr\u00edcula online durante todo el a\u00f1o\u201d.<\/p>\n<p>Cabe destacar, que 136 jard\u00ednes infantiles, correspondientes a los programas cl\u00e1sicos de administraci\u00f3n directa y alternativos ya se encuentran operativos para recibir a ni\u00f1os y ni\u00f1as.<\/p>\n<p>Ante consultas acerca de disponibilidad de vacantes en los establecimientos, desde la instituci\u00f3n se invita a contactar al Sistema de Informaci\u00f3n y Atenci\u00f3n Ciudadana (Siac) de Junji Coquimbo, llamando a los n\u00fameros: 56 51 2563309 \/ 56 51 2220710\/ 56 51 2563344<\/p>\n","protected":false},"excerpt":{"rendered":"<p>136 jard\u00ednes infantiles, correspondientes a los programas cl\u00e1sicos de administraci\u00f3n directa y alternativos ya se encuentran disponibles para entregar educaci\u00f3n inicial.<\/p>\n","protected":false},"author":2,"featured_media":6885,"comment_status":"open","ping_status":"open","sticky":false,"template":"","format":"standard","meta":{"footnotes":""},"categories":[6],"tags":[],"class_list":["post-6884","post","type-post","status-publish","format-standard","has-post-thumbnail","hentry","category-regionales"],"_links":{"self":[{"href":"https:\/\/www.radiolimari.cl\/index.php?rest_route=\/wp\/v2\/posts\/6884","targetHints":{"allow":["GET"]}}],"collection":[{"href":"https:\/\/www.radiolimari.cl\/index.php?rest_route=\/wp\/v2\/posts"}],"about":[{"href":"https:\/\/www.radiolimari.cl\/index.php?rest_route=\/wp\/v2\/types\/post"}],"author":[{"embeddable":true,"href":"https:\/\/www.radiolimari.cl\/index.php?rest_route=\/wp\/v2\/users\/2"}],"replies":[{"embeddable":true,"href":"https:\/\/www.radiolimari.cl\/index.php?rest_route=%2Fwp%2Fv2%2Fcomments&post=6884"}],"version-history":[{"count":1,"href":"https:\/\/www.radiolimari.cl\/index.php?rest_route=\/wp\/v2\/posts\/6884\/revisions"}],"predecessor-version":[{"id":6886,"href":"https:\/\/www.radiolimari.cl\/index.php?rest_route=\/wp\/v2\/posts\/6884\/revisions\/6886"}],"wp:featuredmedia":[{"embeddable":true,"href":"https:\/\/www.radiolimari.cl\/index.php?rest_route=\/wp\/v2\/media\/6885"}],"wp:attachment":[{"href":"https:\/\/www.radiolimari.cl\/index.php?rest_route=%2Fwp%2Fv2%2Fmedia&parent=6884"}],"wp:term":[{"taxonomy":"category","embeddable":true,"href":"https:\/\/www.radiolimari.cl\/index.php?rest_route=%2Fwp%2Fv2%2Fcategories&post=6884"},{"taxonomy":"post_tag","embeddable":true,"href":"https:\/\/www.radiolimari.cl\/index.php?rest_route=%2Fwp%2Fv2%2Ftags&post=6884"}],"curies":[{"name":"wp","href":"https:\/\/api.w.org\/{rel}","templated":true}]}}