{"id":6881,"date":"2022-03-07T19:44:26","date_gmt":"2022-03-07T19:44:26","guid":{"rendered":"http:\/\/www.radiolimari.cl\/?p=6881"},"modified":"2022-03-07T19:44:26","modified_gmt":"2022-03-07T19:44:26","slug":"municipalidad-de-ovalle-y-ministerio-de-las-culturas-firman-traspaso-de-terreno-para-futuro-macro-deposito-arqueologico-regional-de-coquimbo","status":"publish","type":"post","link":"https:\/\/www.radiolimari.cl\/?p=6881","title":{"rendered":"Municipalidad de Ovalle y Ministerio de las Culturas firman traspaso de terreno para futuro Macro Dep\u00f3sito Arqueol\u00f3gico Regional de Coquimbo"},"content":{"rendered":"<p><a href=\"https:\/\/www.radiolimari.cl\/wp-content\/uploads\/2022\/03\/7.3-cultura.jpg\"><img fetchpriority=\"high\" decoding=\"async\" class=\"alignnone size-medium wp-image-6882\" src=\"https:\/\/www.radiolimari.cl\/wp-content\/uploads\/2022\/03\/7.3-cultura-300x225.jpg\" alt=\"7.3 cultura\" width=\"300\" height=\"225\" srcset=\"https:\/\/www.radiolimari.cl\/wp-content\/uploads\/2022\/03\/7.3-cultura-300x225.jpg 300w, https:\/\/www.radiolimari.cl\/wp-content\/uploads\/2022\/03\/7.3-cultura-1024x768.jpg 1024w, https:\/\/www.radiolimari.cl\/wp-content\/uploads\/2022\/03\/7.3-cultura.jpg 2016w\" sizes=\"(max-width: 300px) 100vw, 300px\" \/><\/a><\/p>\n<p><strong>En un terreno de 3,3 hect\u00e1reas ubicado en la Provincia del Limar\u00ed se proyecta la construcci\u00f3n de un dep\u00f3sito externo que permitir\u00e1 resguardar los hallazgos arqueol\u00f3gicos, paleontol\u00f3gicos y bioantropol\u00f3gicos que se registren en la regi\u00f3n.<\/strong><!--more--><\/p>\n<p>La Ilustre Municipalidad de Ovalle y el Ministerio de las Culturas firmaron el convenio que establece la entrega por parte del municipio de un terreno en comodato para la construcci\u00f3n de un Macro Dep\u00f3sito Arqueol\u00f3gico para la Regi\u00f3n de Coquimbo.<\/p>\n<p>La firma se concret\u00f3 luego de que el Concejo Comunal de Ovalle aprobara de manera un\u00e1nime ceder 3,3 hect\u00e1reas de un terreno ubicado en la provincia del Limar\u00ed, a 10 kil\u00f3metros de la ciudad de Ovalle y el Valle del Encanto, en el sector de La Chimba.<\/p>\n<p>El comodato considera una vigencia de 50 a\u00f1os para la construcci\u00f3n de un dep\u00f3sito externo de colecciones que permitir\u00e1 garantizar la protecci\u00f3n de los hallazgos arqueol\u00f3gicos, paleontol\u00f3gicos y bioantropol\u00f3gicos de la regi\u00f3n.<\/p>\n<p>Luego de firmar el convenio, el alcalde de Ovalle, Claudio Renter\u00eda, afirm\u00f3 que \u201cpara nosotros ser\u00e1 un orgullo contar con este espacio que albergar\u00e1 y proteger\u00e1 importantes vestigios arqueol\u00f3gicos encontrados y recuperados en Ovalle y a lo largo de nuestra Regi\u00f3n de Coquimbo, ya que siempre debemos valorar nuestra historia y respetar cada una de las etnias ind\u00edgenas que nos antecedieron\u201d.<\/p>\n<p>Por su parte, el Seremi de las Culturas, Francisco Varas, indic\u00f3 que \u201cestamos en presencia de un proyecto que le permitir\u00e1 a la Regi\u00f3n de Coquimbo ser pionera en el resguardo de bienes patrimoniales, poniendo en valor valiosos hallazgos arqueol\u00f3gicos, bioantropol\u00f3gicos y paleontol\u00f3gicos, que fortalecer\u00e1n la investigaci\u00f3n, principalmente, en torno al pueblo Diaguita\u201d.<\/p>\n<p>El proyecto iniciar\u00e1 ahora su etapa de ejecuci\u00f3n, que involucra la exploraci\u00f3n de diferentes l\u00edneas de financiamiento. Esta etapa requerir\u00e1 del trabajo conjunto entre el Servicio Nacional del Patrimonio Cultural y la Direcci\u00f3n de Arquitectura del Ministerio de Obras P\u00fablicas.<\/p>\n<p><strong>Importancia estrat\u00e9gica<\/strong><\/p>\n<p>El Macrodep\u00f3sito tiene por objetivo resguardar material arqueol\u00f3gico, paleontol\u00f3gico y bioantropol\u00f3gico de la regi\u00f3n de Coquimbo, dada la existencia de importantes sitios arqueol\u00f3gicos en la zona como El Olivar y el Estadio Diaguita de Ovalle (ex EFO), que han puesto de manifiesto la importancia de estos hallazgos para el avance de la investigaci\u00f3n de los pueblos ancestrales y el rescate de la identidad y la protecci\u00f3n del patrimonio local.<\/p>\n","protected":false},"excerpt":{"rendered":"<p>En un terreno de 3,3 hect\u00e1reas ubicado en la Provincia del Limar\u00ed se proyecta la construcci\u00f3n de un dep\u00f3sito externo que permitir\u00e1 resguardar los hallazgos arqueol\u00f3gicos, paleontol\u00f3gicos y bioantropol\u00f3gicos que se registren en la regi\u00f3n.<\/p>\n","protected":false},"author":2,"featured_media":6882,"comment_status":"open","ping_status":"open","sticky":false,"template":"","format":"standard","meta":{"footnotes":""},"categories":[5],"tags":[],"class_list":["post-6881","post","type-post","status-publish","format-standard","has-post-thumbnail","hentry","category-actualidad-limarina"],"_links":{"self":[{"href":"https:\/\/www.radiolimari.cl\/index.php?rest_route=\/wp\/v2\/posts\/6881","targetHints":{"allow":["GET"]}}],"collection":[{"href":"https:\/\/www.radiolimari.cl\/index.php?rest_route=\/wp\/v2\/posts"}],"about":[{"href":"https:\/\/www.radiolimari.cl\/index.php?rest_route=\/wp\/v2\/types\/post"}],"author":[{"embeddable":true,"href":"https:\/\/www.radiolimari.cl\/index.php?rest_route=\/wp\/v2\/users\/2"}],"replies":[{"embeddable":true,"href":"https:\/\/www.radiolimari.cl\/index.php?rest_route=%2Fwp%2Fv2%2Fcomments&post=6881"}],"version-history":[{"count":1,"href":"https:\/\/www.radiolimari.cl\/index.php?rest_route=\/wp\/v2\/posts\/6881\/revisions"}],"predecessor-version":[{"id":6883,"href":"https:\/\/www.radiolimari.cl\/index.php?rest_route=\/wp\/v2\/posts\/6881\/revisions\/6883"}],"wp:featuredmedia":[{"embeddable":true,"href":"https:\/\/www.radiolimari.cl\/index.php?rest_route=\/wp\/v2\/media\/6882"}],"wp:attachment":[{"href":"https:\/\/www.radiolimari.cl\/index.php?rest_route=%2Fwp%2Fv2%2Fmedia&parent=6881"}],"wp:term":[{"taxonomy":"category","embeddable":true,"href":"https:\/\/www.radiolimari.cl\/index.php?rest_route=%2Fwp%2Fv2%2Fcategories&post=6881"},{"taxonomy":"post_tag","embeddable":true,"href":"https:\/\/www.radiolimari.cl\/index.php?rest_route=%2Fwp%2Fv2%2Ftags&post=6881"}],"curies":[{"name":"wp","href":"https:\/\/api.w.org\/{rel}","templated":true}]}}