{"id":6878,"date":"2022-03-07T19:29:47","date_gmt":"2022-03-07T19:29:47","guid":{"rendered":"http:\/\/www.radiolimari.cl\/?p=6878"},"modified":"2022-03-07T19:29:47","modified_gmt":"2022-03-07T19:29:47","slug":"avances-legislativos-en-materia-de-genero-marcan-un-exitoso-2021-para-el-sector-justicia-y-mujer","status":"publish","type":"post","link":"https:\/\/www.radiolimari.cl\/?p=6878","title":{"rendered":"Avances legislativos en materia de g\u00e9nero marcan un exitoso 2021 para el sector Justicia y Mujer"},"content":{"rendered":"<p><a href=\"https:\/\/www.radiolimari.cl\/wp-content\/uploads\/2022\/03\/7.3-sernameg.jpg\"><img fetchpriority=\"high\" decoding=\"async\" class=\"alignnone size-medium wp-image-6879\" src=\"https:\/\/www.radiolimari.cl\/wp-content\/uploads\/2022\/03\/7.3-sernameg-300x225.jpg\" alt=\"7.3 sernameg\" width=\"300\" height=\"225\" srcset=\"https:\/\/www.radiolimari.cl\/wp-content\/uploads\/2022\/03\/7.3-sernameg-300x225.jpg 300w, https:\/\/www.radiolimari.cl\/wp-content\/uploads\/2022\/03\/7.3-sernameg-1024x768.jpg 1024w, https:\/\/www.radiolimari.cl\/wp-content\/uploads\/2022\/03\/7.3-sernameg.jpg 1600w\" sizes=\"(max-width: 300px) 100vw, 300px\" \/><\/a><\/p>\n<p>En la conmemoraci\u00f3n del d\u00eda de la mujer, Seremi de Justicia y Derechos Humanos de la Regi\u00f3n de Coquimbo, Sara Contreras Cejas, y Seremi de la Mujer y la Equidad de G\u00e9nero, Ivon Guerra Aguilera, hacen un positivo balance de las leyes aprobadas durante el a\u00f1o reci\u00e9n pasado que contribuyen a reducir brechas en materia de g\u00e9nero, brindando mayor protecci\u00f3n a las mujeres.<\/p>\n<p><!--more--><\/p>\n<p>La Ley que establece el Monitoreo Telem\u00e1tico en causas de violencia intrafamiliar, la creaci\u00f3n del Registro Nacional de Deudores de Pensiones de Alimentos y la ley sobre determinaci\u00f3n del orden de los apellidos por Acuerdo de los Padres, son algunas de los avances en la agenda legislativa presentada por el Ministerio de Justicia y Derechos Humanos y el Ministerio de la Mujer y la Equidad de G\u00e9nero que fueron aprobadas durante el a\u00f1o 2021.<\/p>\n<p>\u201cHemos tenido un a\u00f1o legislativo tremendamente positivo, sobre todo en materia de g\u00e9nero, con la aprobaci\u00f3n de leyes que, una vez implementadas, brindar\u00e1n protecci\u00f3n a mujeres en temas tan relevantes, como lo es la violencia de g\u00e9nero y la equidad en los roles de madre y padre\u201d, indic\u00f3 Sara Contreras, seremi de Justicia y Derechos Humanos.<br \/>\nEn lo que respecta a la Ley que establece el Monitoreo Telem\u00e1tico en causas de violencia intrafamiliar, la normativa regir\u00e1 seis meses despu\u00e9s de publicada en los casos de Tribunales de Familia y en los casos penales, para la regi\u00f3n, entrar\u00e1 en vigencia diez meses despu\u00e9s de tramitado el reglamento correspondiente. En ambos casos, permitir\u00e1 contar con una estrecha supervisi\u00f3n del agresor, resguardando a la v\u00edctima de casos de violencia intrafamiliar en que se decrete esta supervisi\u00f3n.<\/p>\n<p>Se vienen grandes desaf\u00edos para nuestra regi\u00f3n, que ser\u00e1 pionera en poner en marcha esta ley despu\u00e9s de publicado el Reglamento en el Diario Oficial. Al respecto, la seremi de Mujer y la Equidad de G\u00e9nero, Iv\u00f3n Guerra Aguilera se\u00f1ala su satisfacci\u00f3n por los avances lesgilativos de la Agenda Mujer que lider\u00f3 su Ministerio \u201cjunto a Justicia realizamos un arduo trabajo que nos permite hoy contar con mayor protecci\u00f3n a las mujeres del pa\u00eds y la regi\u00f3n. Seremos una regi\u00f3n que ser\u00e1 piloto para la puesta en marcha de la Ley de Monitoreo Telem\u00e1tico, pero lo m\u00e1s relevante que cumplimos el compromiso de mayor justicia, equidad y sobre todo dignidad para las mujeres\u201d<\/p>\n<p>Por otra parte, la creaci\u00f3n del Registro Nacional de Deudores de Pensiones de Alimentos, constituye una herramienta que terminar\u00e1 con la impunidad en el pago de pensiones de alimentos, al generar graves restricciones patrimoniales y de acceso a diversas prestaciones, a todos quienes tengan deudas de alimentos. Este es un avance fundamental en materia de infancia y tambi\u00e9n en equidad de g\u00e9nero, ya que casi la totalidad de deudores corresponde a hombres, lo que implica una sobrecarga en el cuidado que ejercen las mujeres de los hijos e hijas comunes.<\/p>\n<p>El Registro de Deudores, ser\u00e1 electr\u00f3nico y administrado por el Servicio de Registro Civil e Identificaci\u00f3n, e ingresar\u00e1n a este aquellos alimentantes que deban, total o parcialmente, tres mensualidades consecutivas de alimentos provisorios o definitivos, o cinco discontinuas.<\/p>\n<p>En palabras de la seremi de Mujer y la Equidad de G\u00e9nero, Iv\u00f3n Guerra estas normativas contribuyen a \u201cdevolver justicia y dignidad a las madres. Con esta Ley vamos a acabar con la cultura del incumplimiento que se hab\u00eda instalado en Chile, donde cerca del 85% de los padres no pagaban las pensiones de alimento\u201d<\/p>\n<p>Por otra parte, la ley sobre determinaci\u00f3n del orden de los apellidos por Acuerdo de los Progenitores, es un avance muy significativo en equidad de g\u00e9nero. \u201cEsta posibilidad de cambiar el orden de los apellidos constituye un cambio cultural gigantesco y que hace justicia con el rol igualitario de padres y madres frente a sus hijos. Hoy d\u00eda los padres van a poder decidir el orden de los apellidos de su hijo al momento de la inscripci\u00f3n o, como adulto, despu\u00e9s poder hacerlo y elegir el que estime m\u00e1s adecuado\u201d puntualiz\u00f3 Contreras Cejas.<\/p>\n<p>Finalmente, quedan importantes proyectos en tramitaci\u00f3n que buscan la equidad de g\u00e9nero en el \u00e1mbito de la justicia, tales como el proyecto de ley que tipifica y sanciona conductas de acoso, hostigamiento, difusi\u00f3n y exhibici\u00f3n de material de car\u00e1cter personal y sexual (sanciona el acoso por cualquier medio) y el proyecto de ley para reformar la sociedad conyugal que permite que los c\u00f3nyuges elijan de com\u00fan acuerdo qui\u00e9n ejercer\u00e1 la administraci\u00f3n ordinaria de la sociedad.<\/p>\n<p>&nbsp;<\/p>\n","protected":false},"excerpt":{"rendered":"<p>En la conmemoraci\u00f3n del d\u00eda de la mujer, Seremi de Justicia y Derechos Humanos de la Regi\u00f3n de Coquimbo, Sara Contreras Cejas, y Seremi de la Mujer y la Equidad de G\u00e9nero, Ivon Guerra Aguilera, hacen un positivo balance de las leyes aprobadas durante el a\u00f1o reci\u00e9n pasado que contribuyen a reducir brechas en materia &#8230;<\/p>\n","protected":false},"author":2,"featured_media":6879,"comment_status":"open","ping_status":"open","sticky":false,"template":"","format":"standard","meta":{"footnotes":""},"categories":[3],"tags":[],"class_list":["post-6878","post","type-post","status-publish","format-standard","has-post-thumbnail","hentry","category-actualidad"],"_links":{"self":[{"href":"https:\/\/www.radiolimari.cl\/index.php?rest_route=\/wp\/v2\/posts\/6878","targetHints":{"allow":["GET"]}}],"collection":[{"href":"https:\/\/www.radiolimari.cl\/index.php?rest_route=\/wp\/v2\/posts"}],"about":[{"href":"https:\/\/www.radiolimari.cl\/index.php?rest_route=\/wp\/v2\/types\/post"}],"author":[{"embeddable":true,"href":"https:\/\/www.radiolimari.cl\/index.php?rest_route=\/wp\/v2\/users\/2"}],"replies":[{"embeddable":true,"href":"https:\/\/www.radiolimari.cl\/index.php?rest_route=%2Fwp%2Fv2%2Fcomments&post=6878"}],"version-history":[{"count":1,"href":"https:\/\/www.radiolimari.cl\/index.php?rest_route=\/wp\/v2\/posts\/6878\/revisions"}],"predecessor-version":[{"id":6880,"href":"https:\/\/www.radiolimari.cl\/index.php?rest_route=\/wp\/v2\/posts\/6878\/revisions\/6880"}],"wp:featuredmedia":[{"embeddable":true,"href":"https:\/\/www.radiolimari.cl\/index.php?rest_route=\/wp\/v2\/media\/6879"}],"wp:attachment":[{"href":"https:\/\/www.radiolimari.cl\/index.php?rest_route=%2Fwp%2Fv2%2Fmedia&parent=6878"}],"wp:term":[{"taxonomy":"category","embeddable":true,"href":"https:\/\/www.radiolimari.cl\/index.php?rest_route=%2Fwp%2Fv2%2Fcategories&post=6878"},{"taxonomy":"post_tag","embeddable":true,"href":"https:\/\/www.radiolimari.cl\/index.php?rest_route=%2Fwp%2Fv2%2Ftags&post=6878"}],"curies":[{"name":"wp","href":"https:\/\/api.w.org\/{rel}","templated":true}]}}