{"id":6875,"date":"2022-03-07T18:17:20","date_gmt":"2022-03-07T18:17:20","guid":{"rendered":"http:\/\/www.radiolimari.cl\/?p=6875"},"modified":"2022-03-07T18:18:02","modified_gmt":"2022-03-07T18:18:02","slug":"ovallina-dirigente-vecinal-podra-estudiar-una-carrera-tecnica-gracias-a-alianza-entre-aguas-del-valle-y-el-instituto-ipp","status":"publish","type":"post","link":"https:\/\/www.radiolimari.cl\/?p=6875","title":{"rendered":"Ovallina Dirigente vecinal  podr\u00e1 estudiar una carrera t\u00e9cnica gracias a alianza entre Aguas del Valle y el Instituto IPP"},"content":{"rendered":"<p><a href=\"https:\/\/www.radiolimari.cl\/wp-content\/uploads\/2022\/03\/7.3-3ra-beneficiada-beca-ADV-IPP.jpg\"><img fetchpriority=\"high\" decoding=\"async\" class=\"alignnone size-medium wp-image-6876\" src=\"https:\/\/www.radiolimari.cl\/wp-content\/uploads\/2022\/03\/7.3-3ra-beneficiada-beca-ADV-IPP-300x225.jpg\" alt=\"7.3 3ra beneficiada beca ADV-IPP\" width=\"300\" height=\"225\" srcset=\"https:\/\/www.radiolimari.cl\/wp-content\/uploads\/2022\/03\/7.3-3ra-beneficiada-beca-ADV-IPP-300x225.jpg 300w, https:\/\/www.radiolimari.cl\/wp-content\/uploads\/2022\/03\/7.3-3ra-beneficiada-beca-ADV-IPP-1024x768.jpg 1024w, https:\/\/www.radiolimari.cl\/wp-content\/uploads\/2022\/03\/7.3-3ra-beneficiada-beca-ADV-IPP.jpg 1600w\" sizes=\"(max-width: 300px) 100vw, 300px\" \/><\/a><\/p>\n<p>Mercedes Gonz\u00e1lez es la tercera beneficiada con las becas de gratuidad que entregan la sanitaria y la instituci\u00f3n acad\u00e9mica.<!--more--><\/p>\n<p>La dirigente vecinal de la comuna de Ovalle, Mercedes Gonz\u00e1lez, fue seleccionada como la tercera beneficiada del convenio entre Aguas del Valle y el Instituto Profesional IPP, que le permitir\u00e1 estudiar la carrera t\u00e9cnica de Servicio Social con una beca completa y 100% gratuita.<\/p>\n<p>Mercedes es la presidenta de la Junta de Vecinos \u201cVilla Agr\u00edcola II\u201d de la comuna de Ovalle, lleva 12 a\u00f1os en el cargo y m\u00e1s de 24 a\u00f1os en el mundo social, que es su vocaci\u00f3n. Con su elecci\u00f3n espera poder seguir prestando apoyo a los cientos de vecinos con quien comparte y escucha de forma diaria.<\/p>\n<p>En este sentido, la dirigente vecinal agradeci\u00f3 a ambas instituciones por la oportunidad. \u201cSiempre quise estudiar esta carrera y por fin voy a ver mi sue\u00f1o cumplirse. Mi idea es seguir ayudando a los vecinos como siempre lo he hecho. Me siento capacitada para estudiar Servicio Social, creo que puedo hacerlo bien, porque me gusta escuchar y ayudar a la gente e interiorizarme en sus problem\u00e1ticas\u201d, afirm\u00f3.<\/p>\n<p>Por su parte, el gerente regional de Aguas del Valle, Andr\u00e9s Nazer, felicit\u00f3 a la nueva becada y valor\u00f3 que \u201cesta alianza nos permite generar verdaderas oportunidades de crecimiento profesional y personal para la comunidad. Adem\u00e1s, es un gran apoyo para quienes no disponen de los medios para cubrir sus estudios y tienen las ganas e inter\u00e9s de aprender\u201d.<\/p>\n<p>Los beneficiados con las becas cuentan con acompa\u00f1amiento desde el primer d\u00eda por parte de IPP, a trav\u00e9s de una modalidad centrada en la experiencia del estudiante. Junto a docentes, asesores y todo el equipo acad\u00e9mico, podr\u00e1n avanzar en sus carreras a trav\u00e9s de plataformas 100% online, desde sus hogares o cualquier lugar con conexi\u00f3n a Internet.<\/p>\n","protected":false},"excerpt":{"rendered":"<p>Mercedes Gonz\u00e1lez es la tercera beneficiada con las becas de gratuidad que entregan la sanitaria y la instituci\u00f3n acad\u00e9mica.<\/p>\n","protected":false},"author":2,"featured_media":6876,"comment_status":"open","ping_status":"open","sticky":false,"template":"","format":"standard","meta":{"footnotes":""},"categories":[3],"tags":[],"class_list":["post-6875","post","type-post","status-publish","format-standard","has-post-thumbnail","hentry","category-actualidad"],"_links":{"self":[{"href":"https:\/\/www.radiolimari.cl\/index.php?rest_route=\/wp\/v2\/posts\/6875","targetHints":{"allow":["GET"]}}],"collection":[{"href":"https:\/\/www.radiolimari.cl\/index.php?rest_route=\/wp\/v2\/posts"}],"about":[{"href":"https:\/\/www.radiolimari.cl\/index.php?rest_route=\/wp\/v2\/types\/post"}],"author":[{"embeddable":true,"href":"https:\/\/www.radiolimari.cl\/index.php?rest_route=\/wp\/v2\/users\/2"}],"replies":[{"embeddable":true,"href":"https:\/\/www.radiolimari.cl\/index.php?rest_route=%2Fwp%2Fv2%2Fcomments&post=6875"}],"version-history":[{"count":1,"href":"https:\/\/www.radiolimari.cl\/index.php?rest_route=\/wp\/v2\/posts\/6875\/revisions"}],"predecessor-version":[{"id":6877,"href":"https:\/\/www.radiolimari.cl\/index.php?rest_route=\/wp\/v2\/posts\/6875\/revisions\/6877"}],"wp:featuredmedia":[{"embeddable":true,"href":"https:\/\/www.radiolimari.cl\/index.php?rest_route=\/wp\/v2\/media\/6876"}],"wp:attachment":[{"href":"https:\/\/www.radiolimari.cl\/index.php?rest_route=%2Fwp%2Fv2%2Fmedia&parent=6875"}],"wp:term":[{"taxonomy":"category","embeddable":true,"href":"https:\/\/www.radiolimari.cl\/index.php?rest_route=%2Fwp%2Fv2%2Fcategories&post=6875"},{"taxonomy":"post_tag","embeddable":true,"href":"https:\/\/www.radiolimari.cl\/index.php?rest_route=%2Fwp%2Fv2%2Ftags&post=6875"}],"curies":[{"name":"wp","href":"https:\/\/api.w.org\/{rel}","templated":true}]}}