{"id":6867,"date":"2022-03-07T12:18:05","date_gmt":"2022-03-07T12:18:05","guid":{"rendered":"http:\/\/www.radiolimari.cl\/?p=6867"},"modified":"2022-03-07T12:18:05","modified_gmt":"2022-03-07T12:18:05","slug":"microempresarios-ovallinos-aprenderan-nuevas-tecnologias-digitales-para-fortalecer-sus-negocios","status":"publish","type":"post","link":"https:\/\/www.radiolimari.cl\/?p=6867","title":{"rendered":"Microempresarios Ovallinos aprender\u00e1n nuevas  tecnolog\u00edas digitales para fortalecer sus negocios"},"content":{"rendered":"<p><a href=\"https:\/\/www.radiolimari.cl\/wp-content\/uploads\/2022\/03\/7.3-Taller-Nivelaci\u00f3n-Pyme-Digital-Ovalle.jpg\"><img fetchpriority=\"high\" decoding=\"async\" class=\"alignnone size-medium wp-image-6868\" src=\"https:\/\/www.radiolimari.cl\/wp-content\/uploads\/2022\/03\/7.3-Taller-Nivelaci\u00f3n-Pyme-Digital-Ovalle-300x225.jpg\" alt=\"7.3 Taller Nivelaci\u00f3n Pyme Digital Ovalle\" width=\"300\" height=\"225\" srcset=\"https:\/\/www.radiolimari.cl\/wp-content\/uploads\/2022\/03\/7.3-Taller-Nivelaci\u00f3n-Pyme-Digital-Ovalle-300x225.jpg 300w, https:\/\/www.radiolimari.cl\/wp-content\/uploads\/2022\/03\/7.3-Taller-Nivelaci\u00f3n-Pyme-Digital-Ovalle-1024x768.jpg 1024w, https:\/\/www.radiolimari.cl\/wp-content\/uploads\/2022\/03\/7.3-Taller-Nivelaci\u00f3n-Pyme-Digital-Ovalle.jpg 1613w\" sizes=\"(max-width: 300px) 100vw, 300px\" \/><\/a><\/p>\n<p>El programa \u201cPyme Digital\u201d entregar\u00e1 formaci\u00f3n digital a 30 micro y peque\u00f1as empresas de la comuna de Ovalle, que les permitir\u00e1 integrar nuevas tecnolog\u00edas a la gesti\u00f3n productivo &#8211; comercial de su negocios y mejorar su productividad y competitividad.<!--more--><\/p>\n<p>Microempresarios (as) de las \u00e1reas de turismo, artesan\u00eda, agroindustria, gastronom\u00eda y comercio de la comuna de Ovalle, se capacitar\u00e1n gratuitamente en el programa \u201cPyme Digital Ovalle\u201d, ejecutado por la Consultora Innovativa Desarrollo Empresarial, con el apoyo del programa Viraliza de CORFO y con la colaboraci\u00f3n del Departamento de Fomento Productivo de la Municipalidad de Ovalle.<\/p>\n<p>El programa \u201cPyme Digital\u201d entregar\u00e1 formaci\u00f3n digital a 30 micro y peque\u00f1as empresas de la comuna de Ovalle, que les permitir\u00e1 integrar nuevas tecnolog\u00edas a la gesti\u00f3n productivo &#8211; comercial de su negocios y mejorar su productividad y competitividad.<\/p>\n<p>Uno de los beneficiarios, es Pablo Bugue\u00f1o, ingeniero agr\u00f3nomo, creador y gerente de <a href=\"http:\/\/www.recicrea.cl\">www.recicrea.cl<\/a> empresa de reciclaje y procesos sustentables, que form\u00f3 en 2018, junto a su esposa Carolina Galleguillos y su hermano Francisco Bugue\u00f1o. \u201cSiempre estuve ligado a la transmisi\u00f3n de contenidos a campesinos y acumul\u00e9 experiencia en capacitaciones. Y el medioambiente es muy importante para m\u00ed. Por eso, trabajamos en una l\u00ednea de materiales reutilizados, por ejemplo madera, con los que hacemos jardineras, bancales para cultivos, y productos para personas que ofrecen desayunos. Utilizamos neum\u00e1ticos, telas y espuma de colchones para camas de mascotas. En energ\u00edas renovables, tenemos hornos y deshidratadores solares\u201d, se\u00f1ala. Con la adjudicaci\u00f3n de programas Sercotec, tienen su p\u00e1gina web, que les ha permitido ventas en la regi\u00f3n, y tambi\u00e9n en Atacama, Valpara\u00edso y Metropolitana.<\/p>\n<p>De c\u00f3mo llegan a participar en \u201cPyme Digital Ovalle\u201d, Pablo Bugue\u00f1o indica que mantienen contacto permanente con organismos p\u00fablicos, y a trav\u00e9s del Departamento de Fomento Productivo de la Municipalidad de Ovalle postularon al programa. De sus expectativas del programa asevera que \u201ccuando se ven los mercados digitales, uno los ve, con harta ambici\u00f3n de estar all\u00ed presentes, y que la pandemia s\u00faper desarroll\u00f3. Esperamos fortalecer nuestras competencias y hacer una mayor gesti\u00f3n de nuestras redes sociales, con ciertos contenidos y directrices para sacarles mejor provecho. Y que con este programa y sus asesor\u00edas nos eval\u00faen y nos digan, esto deben mejorar, qu\u00e9 corresponde hacer y nos entreguen una ruta para hacerlo. Y de manera indirecta, es una plataforma para que nos conozcan m\u00e1s personas y vincularnos con otros emprendedores\u201d, asegura.<\/p>\n<p>Cristian Oyarce Labra, sociodirector de \u201cInnovativa Desarrollo Empresarial\u201d destaca que el programa se focaliz\u00f3 en la comuna de Ovalle, por los efectos que ha tenido la pandemia en la digitalizaci\u00f3n. \u201cSe espera que las empresas puedan internalizar herramientas digitales y de gesti\u00f3n para sus negocios, con el objetivo que puedan ser m\u00e1s competitivas en el tiempo. Y adem\u00e1s, la fase de asesor\u00eda, les va a permitir a las empresas contar con un plan de trabajo y estrategia digital en el corto plazo. Y la idea es que ellos puedan ir implement\u00e1ndolas y poni\u00e9ndolas en pr\u00e1ctica, a trav\u00e9s de todo el proceso de formaci\u00f3n, en estos 8 meses del programa\u201d. Agrega que hay 30 empresas inscritas, no obstante igualmente puede ir sum\u00e1ndose m\u00e1s interesados en el proceso de formaci\u00f3n\u201d.<\/p>\n<p>Al respecto, el Director Regional de Corfo (S) Gustavo Dub\u00f3, indic\u00f3 que \u201cel instrumento tiene por objeto acercar y hacer part\u00edcipe a los beneficiarios atendidos a un ecosistema de innovaci\u00f3n y emprendimiento, que garantice un aceleramiento constante de sus iniciativas. En este caso particular, intentamos que los microempresarios de Ovalle accedan a conocimiento, herramientas, mentores y redes para involucrarlos cada vez con m\u00e1s fuerza en tem\u00e1ticas de formaci\u00f3n digital y uso de estas mismas herramientas para mejorar todos los aspectos de sus negocios\u201d.<\/p>\n<p>Pyme Digital Ovalle se inici\u00f3 con un diagn\u00f3stico digital para la nivelaci\u00f3n de conocimientos de sus participantes. La formaci\u00f3n considera\u00a0 40 horas lectivas (32 sincr\u00f3nicas y 8 asincr\u00f3nicas). Este mes de marzo se iniciaron los talleres virtuales sobre transformaci\u00f3n digital en 8 tem\u00e1ticas que son: \u201cDigitalizaci\u00f3n de procesos\u201d, \u201cModelos de negocios digitales\u201d, \u201cEstrategia digital y de negocios\u201d, \u201cFoco en el cliente digital\u201d, \u201cBase de datos de clientes\u201d, \u201cBig data ciberseguridad\u00a0 e inteligencia artificial\u201d, \u201cRedes sociales en los negocios digitales y \u201cEconom\u00eda colaborativa\u201d. Este 02 de marzo, se realiz\u00f3 el primer taller virtual sobre \u201cEstrategia Digital\u201d, dictado por Katherine Acevedo, ingeniera de administraci\u00f3n de empresas, menci\u00f3n marketing y profesional de InnovativaDE; quien les entreg\u00f3 contenidos en uso de p\u00e1gina web, cat\u00e1logo digital, mailing y redes sociales, enfatizando que \u201cser digital es la nueva manera de estar presente con tus clientes\u201d.<\/p>\n<p>En la \u00faltima etapa del programa se formular\u00e1 una asesor\u00eda individual a cada empresa, para apoyar la formulaci\u00f3n de planes de trabajo de transformaci\u00f3n digital a corto plazo. M\u00e1s antecedentes en <a href=\"http:\/\/www.limaridigital.cl\">www.limaridigital.cl<\/a><\/p>\n<p>&nbsp;<\/p>\n<p>Carmen Moreno Carmona\/ Periodista.<\/p>\n<p><em>\u00a0<\/em><\/p>\n<p>&nbsp;<\/p>\n","protected":false},"excerpt":{"rendered":"<p>El programa \u201cPyme Digital\u201d entregar\u00e1 formaci\u00f3n digital a 30 micro y peque\u00f1as empresas de la comuna de Ovalle, que les permitir\u00e1 integrar nuevas tecnolog\u00edas a la gesti\u00f3n productivo &#8211; comercial de su negocios y mejorar su productividad y competitividad.<\/p>\n","protected":false},"author":2,"featured_media":6868,"comment_status":"open","ping_status":"open","sticky":false,"template":"","format":"standard","meta":{"footnotes":""},"categories":[5],"tags":[],"class_list":["post-6867","post","type-post","status-publish","format-standard","has-post-thumbnail","hentry","category-actualidad-limarina"],"_links":{"self":[{"href":"https:\/\/www.radiolimari.cl\/index.php?rest_route=\/wp\/v2\/posts\/6867","targetHints":{"allow":["GET"]}}],"collection":[{"href":"https:\/\/www.radiolimari.cl\/index.php?rest_route=\/wp\/v2\/posts"}],"about":[{"href":"https:\/\/www.radiolimari.cl\/index.php?rest_route=\/wp\/v2\/types\/post"}],"author":[{"embeddable":true,"href":"https:\/\/www.radiolimari.cl\/index.php?rest_route=\/wp\/v2\/users\/2"}],"replies":[{"embeddable":true,"href":"https:\/\/www.radiolimari.cl\/index.php?rest_route=%2Fwp%2Fv2%2Fcomments&post=6867"}],"version-history":[{"count":1,"href":"https:\/\/www.radiolimari.cl\/index.php?rest_route=\/wp\/v2\/posts\/6867\/revisions"}],"predecessor-version":[{"id":6869,"href":"https:\/\/www.radiolimari.cl\/index.php?rest_route=\/wp\/v2\/posts\/6867\/revisions\/6869"}],"wp:featuredmedia":[{"embeddable":true,"href":"https:\/\/www.radiolimari.cl\/index.php?rest_route=\/wp\/v2\/media\/6868"}],"wp:attachment":[{"href":"https:\/\/www.radiolimari.cl\/index.php?rest_route=%2Fwp%2Fv2%2Fmedia&parent=6867"}],"wp:term":[{"taxonomy":"category","embeddable":true,"href":"https:\/\/www.radiolimari.cl\/index.php?rest_route=%2Fwp%2Fv2%2Fcategories&post=6867"},{"taxonomy":"post_tag","embeddable":true,"href":"https:\/\/www.radiolimari.cl\/index.php?rest_route=%2Fwp%2Fv2%2Ftags&post=6867"}],"curies":[{"name":"wp","href":"https:\/\/api.w.org\/{rel}","templated":true}]}}