{"id":6863,"date":"2022-03-03T18:37:25","date_gmt":"2022-03-03T18:37:25","guid":{"rendered":"http:\/\/www.radiolimari.cl\/?p=6863"},"modified":"2022-03-03T18:37:25","modified_gmt":"2022-03-03T18:37:25","slug":"open-ovalle-habilitara-un-espacio-para-apoyar-a-emprendedoras-locales-en-el-marco-del-mes-de-la-mujer","status":"publish","type":"post","link":"https:\/\/www.radiolimari.cl\/?p=6863","title":{"rendered":"OPEN Ovalle habilitar\u00e1 un espacio para apoyar a emprendedoras locales en el marco del mes de la mujer"},"content":{"rendered":"<p><a href=\"https:\/\/www.radiolimari.cl\/wp-content\/uploads\/2022\/03\/open_plaza_ovalle_21.jpg\"><img fetchpriority=\"high\" decoding=\"async\" class=\"alignnone size-medium wp-image-6865\" src=\"https:\/\/www.radiolimari.cl\/wp-content\/uploads\/2022\/03\/open_plaza_ovalle_21-300x229.jpg\" alt=\"open_plaza_ovalle_2\" width=\"300\" height=\"229\" srcset=\"https:\/\/www.radiolimari.cl\/wp-content\/uploads\/2022\/03\/open_plaza_ovalle_21-300x229.jpg 300w, https:\/\/www.radiolimari.cl\/wp-content\/uploads\/2022\/03\/open_plaza_ovalle_21.jpg 532w\" sizes=\"(max-width: 300px) 100vw, 300px\" \/><\/a><\/p>\n<p>El evento contar\u00e1 con la presencia de show en vivo de baile, m\u00fasica y adem\u00e1s con charlas sobre empoderamiento y liderazgo femenino.<!--more--><\/p>\n<p>En marzo se conmemora el d\u00eda internacional de la mujer y desde OPEN quieren apoyar a las mujeres que se reinventan y sacan adelante sus propios negocios, es por esto que dentro de las dependencias del centro comercial, habilitar\u00e1n un espacio llamado Expo Mujer Emprendedora, para que las mujeres de la regi\u00f3n puedan exponer y vender sus productos.<\/p>\n<p>La iniciativa es en alianza con la Direcci\u00f3n de Desarrollo Comunitario (Dideco) de la Municipalidad de Limar\u00ed y Sercotec. Se encontrar\u00e1 ubicada espec\u00edficamente en la plaza central del recinto, y se inaugurar\u00e1 el\u00a0 8 de marzo con m\u00fasica en vivo y durar\u00e1 hasta el 26 del mismo mes. Los horarios disponibles son entre 11:00 hrs y 18:00 hrs.<\/p>\n<p>El evento contar\u00e1 con la presencia de emprendimientos de crochet, telares, orfebrer\u00eda, entre otros. Adem\u00e1s habr\u00e1 dos show en vivo de baile por semana y dos talleres disponibles por semana a disposici\u00f3n del p\u00fablico.<\/p>\n<p>En paralelo, OPEN Ovalle, dispondr\u00e1 de un estudio totalmente gratuito, para que las emprendedoras puedan sacarles fotograf\u00edas profesionales a sus productos. Esto ser\u00e1 una gran oportunidad para ellas ya que podr\u00e1n profesionalizar mucho m\u00e1s sus negocios y les permitir\u00e1 tambi\u00e9n tener una mejor presencia en redes sociales.<\/p>\n<p>&nbsp;<\/p>\n","protected":false},"excerpt":{"rendered":"<p>El evento contar\u00e1 con la presencia de show en vivo de baile, m\u00fasica y adem\u00e1s con charlas sobre empoderamiento y liderazgo femenino.<\/p>\n","protected":false},"author":2,"featured_media":6865,"comment_status":"open","ping_status":"open","sticky":false,"template":"","format":"standard","meta":{"footnotes":""},"categories":[5],"tags":[],"class_list":["post-6863","post","type-post","status-publish","format-standard","has-post-thumbnail","hentry","category-actualidad-limarina"],"_links":{"self":[{"href":"https:\/\/www.radiolimari.cl\/index.php?rest_route=\/wp\/v2\/posts\/6863","targetHints":{"allow":["GET"]}}],"collection":[{"href":"https:\/\/www.radiolimari.cl\/index.php?rest_route=\/wp\/v2\/posts"}],"about":[{"href":"https:\/\/www.radiolimari.cl\/index.php?rest_route=\/wp\/v2\/types\/post"}],"author":[{"embeddable":true,"href":"https:\/\/www.radiolimari.cl\/index.php?rest_route=\/wp\/v2\/users\/2"}],"replies":[{"embeddable":true,"href":"https:\/\/www.radiolimari.cl\/index.php?rest_route=%2Fwp%2Fv2%2Fcomments&post=6863"}],"version-history":[{"count":1,"href":"https:\/\/www.radiolimari.cl\/index.php?rest_route=\/wp\/v2\/posts\/6863\/revisions"}],"predecessor-version":[{"id":6866,"href":"https:\/\/www.radiolimari.cl\/index.php?rest_route=\/wp\/v2\/posts\/6863\/revisions\/6866"}],"wp:featuredmedia":[{"embeddable":true,"href":"https:\/\/www.radiolimari.cl\/index.php?rest_route=\/wp\/v2\/media\/6865"}],"wp:attachment":[{"href":"https:\/\/www.radiolimari.cl\/index.php?rest_route=%2Fwp%2Fv2%2Fmedia&parent=6863"}],"wp:term":[{"taxonomy":"category","embeddable":true,"href":"https:\/\/www.radiolimari.cl\/index.php?rest_route=%2Fwp%2Fv2%2Fcategories&post=6863"},{"taxonomy":"post_tag","embeddable":true,"href":"https:\/\/www.radiolimari.cl\/index.php?rest_route=%2Fwp%2Fv2%2Ftags&post=6863"}],"curies":[{"name":"wp","href":"https:\/\/api.w.org\/{rel}","templated":true}]}}