{"id":6861,"date":"2022-03-02T20:18:26","date_gmt":"2022-03-02T20:18:26","guid":{"rendered":"http:\/\/www.radiolimari.cl\/?p=6861"},"modified":"2022-03-02T20:18:26","modified_gmt":"2022-03-02T20:18:26","slug":"covid-19-casos-nuevos-disminuyeron-en-un-17-durante-la-ultima-semana-en-la-region-de-coquimbo","status":"publish","type":"post","link":"https:\/\/www.radiolimari.cl\/?p=6861","title":{"rendered":"#Covid-19: Casos nuevos  disminuyeron en un 17% durante la \u00faltima semana en la regi\u00f3n de Coquimbo"},"content":{"rendered":"<p><a href=\"https:\/\/www.radiolimari.cl\/wp-content\/uploads\/2021\/10\/7.10-Unidad-de-Di\u00e1lisis-Hospital-de-Ovalle-4.jpeg\"><img fetchpriority=\"high\" decoding=\"async\" class=\"alignnone size-medium wp-image-6019\" src=\"https:\/\/www.radiolimari.cl\/wp-content\/uploads\/2021\/10\/7.10-Unidad-de-Di\u00e1lisis-Hospital-de-Ovalle-4-300x199.jpeg\" alt=\"7.10 Unidad de Di\u00e1lisis Hospital de Ovalle (4)\" width=\"300\" height=\"199\" srcset=\"https:\/\/www.radiolimari.cl\/wp-content\/uploads\/2021\/10\/7.10-Unidad-de-Di\u00e1lisis-Hospital-de-Ovalle-4-300x199.jpeg 300w, https:\/\/www.radiolimari.cl\/wp-content\/uploads\/2021\/10\/7.10-Unidad-de-Di\u00e1lisis-Hospital-de-Ovalle-4-1024x682.jpeg 1024w, https:\/\/www.radiolimari.cl\/wp-content\/uploads\/2021\/10\/7.10-Unidad-de-Di\u00e1lisis-Hospital-de-Ovalle-4.jpeg 1280w\" sizes=\"(max-width: 300px) 100vw, 300px\" \/><\/a><\/p>\n<p>Este mi\u00e9rcoles 02 de marzo, en nuevo balance sanitario, la Seremi de Salud (s) Betsab\u00e9 Rodr\u00edguez, inform\u00f3 los indicadores epidemiol\u00f3gicos con los que cuenta la regi\u00f3n de Coquimbo<!--more--><\/p>\n<p>\u201cDurante los \u00faltimos 7 d\u00edas los casos nuevos totales de Covid descendieron en un 17%, y los asociados a atenciones m\u00e9dicas tambi\u00e9n disminuyeron en un 23%. Sin embargo, no se debe descuidar la prevenci\u00f3n de la enfermedad en todo momento\u201d, se\u00f1al\u00f3 la Autoridad Sanitaria (s).<\/p>\n<p>Adem\u00e1s, ante el inicio de un nuevo a\u00f1o escolar, la Autoridad de Salud reforz\u00f3 las medidas de prevenci\u00f3n en las comunidades educativas \u201cPor ello recomendamos: el frecuente lavado de manos, el uso correcto de las mascarillas quir\u00fargicas, evitar las aglomeraciones y ventilar adecuadamente las salas y salones de clases\u201d se\u00f1al\u00f3 Rodr\u00edguez.<\/p>\n<p><strong>Balance sanitario:<\/strong><\/p>\n<p>En cuanto al reporte sanitario, se informaron 674 casos nuevos, con el siguiente detalle: 199 de La Serena, 144 de Coquimbo, 14 de Andacollo, 02 de La Higuera, 14 de Paihuano, 06 de Vicu\u00f1a, 17 de Illapel, 04 de Canela, 17 de Los Vilos, 17 de Salamanca, 148 de Ovalle, 06 de Combarbal\u00e1, 31 de Monte Patria,<\/p>\n<p>10 de Punitaqui, 05 de R\u00edo Hurtado, 18 de otra regi\u00f3n y 22 sin notificar. Con esto, la regi\u00f3n llega a los 107.703 casos acumulados y 2.949 contagios activos.<\/p>\n<p>&nbsp;<\/p>\n<p><strong>BALANCE REGI\u00d3N DE COQUIMBO<\/strong><\/p>\n<p>Mi\u00e9rcoles 02 de marzo del 2022<\/p>\n<p>674 casos nuevos<\/p>\n<p>107.703 casos acumulados<\/p>\n<p>2.949 casos activos<\/p>\n<p>1.247 fallecidos<\/p>\n<p>Residencias Sanitarias:25% de ocupaci\u00f3n<\/p>\n<p>Detalle Casos Nuevos:<\/p>\n<p>199 de La Serena<\/p>\n<p>144 de Coquimbo<\/p>\n<p>14 de Andacollo<\/p>\n<p>02 de La Higuera<\/p>\n<p>14 de Paihuano<\/p>\n<p>06 de Vicu\u00f1a<\/p>\n<p>17 de Illapel<\/p>\n<p>04 de Canela<\/p>\n<p>17 de Los Vilos<\/p>\n<p>17 de Salamanca<\/p>\n<p>148 de Ovalle<\/p>\n<p>06 de Combarbal\u00e1<\/p>\n<p>31 de Monte Patria<\/p>\n<p>10 de Punitaqui<\/p>\n<p>05 de R\u00edo Hurtado<\/p>\n<p>18 de otra regi\u00f3n<\/p>\n<p>22 sin notificar<\/p>\n","protected":false},"excerpt":{"rendered":"<p>Este mi\u00e9rcoles 02 de marzo, en nuevo balance sanitario, la Seremi de Salud (s) Betsab\u00e9 Rodr\u00edguez, inform\u00f3 los indicadores epidemiol\u00f3gicos con los que cuenta la regi\u00f3n de Coquimbo<\/p>\n","protected":false},"author":2,"featured_media":6019,"comment_status":"open","ping_status":"open","sticky":false,"template":"","format":"standard","meta":{"footnotes":""},"categories":[3],"tags":[],"class_list":["post-6861","post","type-post","status-publish","format-standard","has-post-thumbnail","hentry","category-actualidad"],"_links":{"self":[{"href":"https:\/\/www.radiolimari.cl\/index.php?rest_route=\/wp\/v2\/posts\/6861","targetHints":{"allow":["GET"]}}],"collection":[{"href":"https:\/\/www.radiolimari.cl\/index.php?rest_route=\/wp\/v2\/posts"}],"about":[{"href":"https:\/\/www.radiolimari.cl\/index.php?rest_route=\/wp\/v2\/types\/post"}],"author":[{"embeddable":true,"href":"https:\/\/www.radiolimari.cl\/index.php?rest_route=\/wp\/v2\/users\/2"}],"replies":[{"embeddable":true,"href":"https:\/\/www.radiolimari.cl\/index.php?rest_route=%2Fwp%2Fv2%2Fcomments&post=6861"}],"version-history":[{"count":1,"href":"https:\/\/www.radiolimari.cl\/index.php?rest_route=\/wp\/v2\/posts\/6861\/revisions"}],"predecessor-version":[{"id":6862,"href":"https:\/\/www.radiolimari.cl\/index.php?rest_route=\/wp\/v2\/posts\/6861\/revisions\/6862"}],"wp:featuredmedia":[{"embeddable":true,"href":"https:\/\/www.radiolimari.cl\/index.php?rest_route=\/wp\/v2\/media\/6019"}],"wp:attachment":[{"href":"https:\/\/www.radiolimari.cl\/index.php?rest_route=%2Fwp%2Fv2%2Fmedia&parent=6861"}],"wp:term":[{"taxonomy":"category","embeddable":true,"href":"https:\/\/www.radiolimari.cl\/index.php?rest_route=%2Fwp%2Fv2%2Fcategories&post=6861"},{"taxonomy":"post_tag","embeddable":true,"href":"https:\/\/www.radiolimari.cl\/index.php?rest_route=%2Fwp%2Fv2%2Ftags&post=6861"}],"curies":[{"name":"wp","href":"https:\/\/api.w.org\/{rel}","templated":true}]}}